{"id":135805,"date":"2026-01-07T11:29:07","date_gmt":"2026-01-07T11:29:07","guid":{"rendered":"https:\/\/www.europesays.com\/fi\/135805\/"},"modified":"2026-01-07T11:29:07","modified_gmt":"2026-01-07T11:29:07","slug":"hannes-myrskyn-metsatuhot-satakunnassa-pelattya-pienemmat","status":"publish","type":"post","link":"https:\/\/www.europesays.com\/fi\/135805\/","title":{"rendered":"Hannes-myrskyn mets\u00e4tuhot Satakunnassa pel\u00e4tty\u00e4 pienemm\u00e4t"},"content":{"rendered":"<p>Ilmatieteen laitoksen mukaan tuhovoimaltaan Hannes-myrskyn kaltaisia myrskyj\u00e4 voidaan odottaa meill\u00e4 jatkossa karkeasti noin kerran vuosikymmeness\u00e4.<\/p>\n<p class=\"article-body mb-nof-24 px-nof-16\">Satakunta<\/p>\n<p class=\"article-body mb-nof-24 px-nof-16\">Juuri ennen vuodenvaihdetta riehunut Hannes-myrsky kohteli pahasti Satakunnan rannikkokuntia, mutta sis\u00e4maassa mets\u00e4tuhot rajoittuivat yksitt\u00e4isiin tapauksiin.<\/p>\n<p class=\"article-body mb-nof-24 px-nof-16\">Myrsky saapui Suomeen y\u00f6ll\u00e4 lauantaina 27. joulukuuta 2025 ja Mets\u00e4nhoitoyhdistys Satakunnan toiminnanjohtajan <a class=\"font-bold underline-offset-[0.12em] [text-decoration:var(--person-link-text-decoration)] ![text-decoration-color:var(--person-link-text-decoration-color)]\" href=\"https:\/\/www.satakunnankansa.fi\/haku\/?query=Vesa%20Yli-Hongiston\" rel=\"nofollow noopener\" target=\"_blank\">Vesa Yli-Hongiston<\/a> mukaan se aiheutti pahoja tuhoja Porin Ahlaisissa ja Merikarvialla.<\/p>\n<p class=\"article-body mb-nof-24 px-nof-16\">\u201dN\u00e4ill\u00e4 alueilla tuho on iso ja vahingot suuria\u201d, yli-Hongisto toteaa viimeisten inventointien j\u00e4lkeen.<\/p>\n<p class=\"article-body mb-nof-24 px-nof-16\">\u201dKaikkiaan arvio on 20\u202f000\u201330\u202f000 kuutiota.\u201d<\/p>\n<p class=\"article-body mb-nof-24 px-nof-16\">Vaikka Hannes oli yksi t\u00e4m\u00e4n vuosituhannen pahimmista myrskyist\u00e4, Satakunta s\u00e4\u00e4styi pahimmilta tuhoilta.<\/p>\n<p class=\"article-body mb-nof-24 px-nof-16\">Myrskyn voimakkuuteen n\u00e4hden mets\u00e4vahinkoja oli Yli-Hongiston mukaan pel\u00e4tty\u00e4 v\u00e4hemm\u00e4n.<\/p>\n<p class=\"article-body mb-nof-24 px-nof-16\">Koko maassa s\u00e4hk\u00f6t olivat pahimmillaan poikki samanaikaisesti yli 180\u202f000 asiakkaalta, ja pelastustoimen vahingontorjuntateht\u00e4vi\u00e4 kertyi yli kolmetuhatta.<\/p>\n<p class=\"article-body mb-nof-24 px-nof-16\">\u201dHannes-myrskyn tuhoja lis\u00e4siv\u00e4t maan lumettomuus ja roudattomuus sek\u00e4 tilanteen verrattain pitk\u00e4 kesto ja mahdollisesti my\u00f6s ep\u00e4tyypillinen kovan tuulen suunta. Luoteesta puhaltava myrskytuuli ei ole tavaton, mutta Hanneksen tapauksessa tuuli ajoittain my\u00f6s pohjoisesta\u201d, toteaa meteorologi <a class=\"font-bold underline-offset-[0.12em] [text-decoration:var(--person-link-text-decoration)] ![text-decoration-color:var(--person-link-text-decoration-color)]\" href=\"https:\/\/www.satakunnankansa.fi\/haku\/?query=Heikki%20Sinisalo\" rel=\"nofollow noopener\" target=\"_blank\">Heikki Sinisalo<\/a> Ilmatieteen laitoksen myrskyn j\u00e4lkeen antamassa tiedotteessa.<\/p>\n<p class=\"article-body mb-nof-24 px-nof-16\">Pelastustoimen teht\u00e4vien m\u00e4\u00e4r\u00e4ss\u00e4 Hanneksen edell\u00e4 ovat vain joulukuun 2011 Tapani ja marraskuun 2001 Janika, jotka molemmat aiheuttivat l\u00e4hes 6\u202f000 teht\u00e4v\u00e4\u00e4. T\u00e4h\u00e4n asti listan kolmospaikalla on ollut syyskuun 2020 Aila-myrsky, joka nosti vahingontorjuntateht\u00e4vien m\u00e4\u00e4r\u00e4n vajaaseen kolmeentuhanteen.<\/p>\n<p class=\"article-body mb-nof-24 px-nof-16\">Hannes-myrskyn aiheuttamien samanaikaisten s\u00e4hk\u00f6katkojen m\u00e4\u00e4r\u00e4 taas on 2020-luvun suurin. Yli satatuhatta samanaikaista katkoa aiheuttaneita myrskyj\u00e4 on ollut t\u00e4ll\u00e4 vuosikymmenell\u00e4 muutamia.<\/p>\n<p class=\"article-body mb-nof-24 px-nof-16\">Hannes-myrskyn vaikutukset painottuivat Pohjanlahden rannikon maakuntiin sek\u00e4 laajemminkin maan l\u00e4nsiosaan. Myrskytuulen osuminen laajalti melko tihe\u00e4\u00e4n asutulle alueelle lis\u00e4si raportoitujen vaikutusten m\u00e4\u00e4r\u00e4\u00e4.<\/p>\n","protected":false},"excerpt":{"rendered":"Ilmatieteen laitoksen mukaan tuhovoimaltaan Hannes-myrskyn kaltaisia myrskyj\u00e4 voidaan odottaa meill\u00e4 jatkossa karkeasti noin kerran vuosikymmeness\u00e4. Satakunta Juuri ennen&hellip;\n","protected":false},"author":2,"featured_media":135806,"comment_status":"","ping_status":"","sticky":false,"template":"","format":"standard","meta":{"footnotes":""},"categories":[12],"tags":[22,23,26,27,33,31,30,17,24,25,28,29,15,18,21,80,32,19,20,16],"class_list":{"0":"post-135805","1":"post","2":"type-post","3":"status-publish","4":"format-standard","5":"has-post-thumbnail","7":"category-suomi","8":"tag-breaking-news","9":"tag-breakingnews","10":"tag-featured-news","11":"tag-featurednews","12":"tag-fi","13":"tag-finland","14":"tag-finnish","15":"tag-headlines","16":"tag-latest-news","17":"tag-latestnews","18":"tag-main-news","19":"tag-mainnews","20":"tag-news","21":"tag-otsikot","22":"tag-paauutiset","23":"tag-satakunnan-kansa","24":"tag-suomi","25":"tag-top-stories","26":"tag-topstories","27":"tag-uutiset"},"share_on_mastodon":{"url":"https:\/\/pubeurope.com\/@fi\/115853588222950545","error":""},"_links":{"self":[{"href":"https:\/\/www.europesays.com\/fi\/wp-json\/wp\/v2\/posts\/135805","targetHints":{"allow":["GET"]}}],"collection":[{"href":"https:\/\/www.europesays.com\/fi\/wp-json\/wp\/v2\/posts"}],"about":[{"href":"https:\/\/www.europesays.com\/fi\/wp-json\/wp\/v2\/types\/post"}],"author":[{"embeddable":true,"href":"https:\/\/www.europesays.com\/fi\/wp-json\/wp\/v2\/users\/2"}],"replies":[{"embeddable":true,"href":"https:\/\/www.europesays.com\/fi\/wp-json\/wp\/v2\/comments?post=135805"}],"version-history":[{"count":0,"href":"https:\/\/www.europesays.com\/fi\/wp-json\/wp\/v2\/posts\/135805\/revisions"}],"wp:featuredmedia":[{"embeddable":true,"href":"https:\/\/www.europesays.com\/fi\/wp-json\/wp\/v2\/media\/135806"}],"wp:attachment":[{"href":"https:\/\/www.europesays.com\/fi\/wp-json\/wp\/v2\/media?parent=135805"}],"wp:term":[{"taxonomy":"category","embeddable":true,"href":"https:\/\/www.europesays.com\/fi\/wp-json\/wp\/v2\/categories?post=135805"},{"taxonomy":"post_tag","embeddable":true,"href":"https:\/\/www.europesays.com\/fi\/wp-json\/wp\/v2\/tags?post=135805"}],"curies":[{"name":"wp","href":"https:\/\/api.w.org\/{rel}","templated":true}]}}