{"id":135811,"date":"2026-01-07T11:42:08","date_gmt":"2026-01-07T11:42:08","guid":{"rendered":"https:\/\/www.europesays.com\/fi\/135811\/"},"modified":"2026-01-07T11:42:08","modified_gmt":"2026-01-07T11:42:08","slug":"helena-koivun-tuomio-uutta-tietoa","status":"publish","type":"post","link":"https:\/\/www.europesays.com\/fi\/135811\/","title":{"rendered":"Helena Koivun tuomio: Uutta tietoa"},"content":{"rendered":"<p>\n            21.10.2025Koivut oikeudessaKuvassa Helena Koivu.Seiska\/Panu H\u00f6rkk\u00f6<br \/>\n            Panu H\u00f6rkk\u00f6\n        <\/p>\n<p class=\"subtitle \">Koivujen oikeusprosessi saattaa jatkua.<\/p>\n<p class=\"article-content article-content-width !bg-background\"> \u00a0tuomittiin marraskuussa kotirauhan rikkomisesta sek\u00e4 salakatselusta 30 p\u00e4iv\u00e4sakon rangaistukseen. Helenan tuloilla maksettavaksi kertyi 180 euroa.<\/p>\n<p class=\"font-weight-bold m-font-weight-bold article-content article-content-width !bg-background\">Katso video oikeudenk\u00e4ynnist\u00e4:<\/p>\n<p class=\"article-content article-content-width !bg-background\">Jutussa on asianomistajina Helenan ex-aviopuoliso   sek\u00e4 t\u00e4m\u00e4n nykyinen vaimo   (os. Dillon). Helena tuomittiin maksamaan molemmille 1 000 euron k\u00e4rsimyskorvaukset.\u00a0<\/p>\n<p class=\"article-content article-content-width !bg-background\">Lis\u00e4ksi Mikon ja Natalien 1 255 euron oikeudenk\u00e4yntikulut pistettiin Helenan piikkiin. H\u00e4nen tulee my\u00f6s maksaa valtiolle 80 euron rikosuhrimaksu.<\/p>\n<p>        <a itemprop=\"url\" href=\"https:\/\/www.seiska.fi\/rikos\/nain-kavi-helena-koivun-rikossyytteille-tassa-tuomio\/2000288\" rel=\"nofollow noopener\" target=\"_blank\"><\/p>\n<p>\nTuomio tuli!\n<\/p>\n<p class=\"section-date\">\n        <strong class=\"article-section\" data-section=\"rikos\"><br \/>\n            rikos<br \/>\n        <\/strong><br \/>\n        21.11.2025 14:09\n    <\/p>\n<p>N\u00e4in k\u00e4vi Helena Koivun rikossyytteille \u2013 t\u00e4ss\u00e4 tuomio!\n    <\/p>\n<p itemprop=\"description\" class=\"subtitle \">\n    Helena Koivua syytettiin kolmesta eri rikoksesta, kun Mikko Koivu ja Mikon Natalie-vaimo olivat tehneet rikosilmoituksen h\u00e4nest\u00e4. Nyt tuomio on annettu Varsinais-Suomen k\u00e4r\u00e4j\u00e4oikeudesta.\n<\/p>\n<p>        <\/a><\/p>\n<p class=\"article-content article-content-width !bg-background\">Omia oikeudenk\u00e4yntikuluja Helenalle tuli maksettavaksi 571 euroa, joka j\u00e4i h\u00e4nen omavastuuosuudekseen.<\/p>\n<p class=\"article-content article-content-width !bg-background\">Kaikkiaan Helenalle tuli oikeusjutusta 4 086 euron suuruinen lasku.<\/p>\n<p>Jatkuuko k\u00e4sittely hovioikeudessa?<\/p>\n<p class=\"article-content article-content-width !bg-background\">Seiska kertoi jo aiemmin, ett\u00e4 Helena on ilmoittanut olevansa tyytym\u00e4t\u00f6n Varsinais-Suomen k\u00e4r\u00e4j\u00e4oikeuden tuomioon.<\/p>\n<p class=\"article-content article-content-width !bg-background\">K\u00e4r\u00e4j\u00e4oikeudesta kerrotaan nyt, ett\u00e4 Helena on j\u00e4tt\u00e4nyt virallisen valituksensa 5. tammikuuta.\u00a0<\/p>\n<p class=\"article-content article-content-width !bg-background\">Prosessi etenee seuraavaksi niin, ett\u00e4 Mikolla ja Nataliella on mahdollisuus tehd\u00e4 vastavalitus. Heid\u00e4n tulee j\u00e4tt\u00e4\u00e4 vastavalituksensa 19. tammikuuta menness\u00e4.<\/p>\n<p>        <a itemprop=\"url\" href=\"https:\/\/www.seiska.fi\/kotimaa\/nain-helena-koivu-kommentoi-tuomiotaan\/2000579\" rel=\"nofollow noopener\" target=\"_blank\"><\/p>\n<p>\nHelena Koivu\n<\/p>\n<p class=\"section-date\">\n        <strong class=\"article-section\" data-section=\"kotimaa\"><br \/>\n            kotimaa<br \/>\n        <\/strong><br \/>\n        21.11.2025 17:30\n    <\/p>\n<p>N\u00e4in Helena Koivu kommentoi tuomiotaan\n    <\/p>\n<p itemprop=\"description\" class=\"subtitle \">\n    Koivujen k\u00e4r\u00e4j\u00e4t saavuttivat j\u00e4lleen yhden v\u00e4lietapin.\n<\/p>\n<p>        <\/a><\/p>\n<p class=\"article-content article-content-width !bg-background\">T\u00e4m\u00e4n j\u00e4lkeen Turun hovioikeus ottaa kantaa tapaukseen. Hovioikeus joko my\u00f6nt\u00e4\u00e4 asiassa jatkok\u00e4sittelyluvan tai k\u00e4r\u00e4j\u00e4oikeuden tuomio j\u00e4\u00e4 lainvoimaiseksi.<\/p>\n<p>T\u00e4st\u00e4 on kyse<\/p>\n<p class=\"article-content article-content-width !bg-background\">K\u00e4r\u00e4j\u00e4oikeus perusteli Helenan saamaa tuomio salakatselusta sill\u00e4 perustein, ett\u00e4 kyseess\u00e4 oli Kakskerran huvila, jonka omistussuhteet olivat riitaisat, joten ainakin Mikko Koivulle kyseess\u00e4 oli kotisuojan piiriin kuuluva paikka.<\/p>\n<p class=\"article-content article-content-width !bg-background\">K\u00e4r\u00e4j\u00e4oikeus katsoi, ett\u00e4 Helena Koivun on t\u00e4ytynyt olla selvill\u00e4 siit\u00e4, etteiv\u00e4t Mikko ja Natalie Koivu halua olla kuvaamisen kohteena.<\/p>\n<p class=\"article-content article-content-width !bg-background\">Kuvaaminen on siten ollut oikeudetonta, mik\u00e4 Helena Koivun on my\u00f6s t\u00e4ytynyt k\u00e4sitt\u00e4\u00e4. K\u00e4r\u00e4j\u00e4oikeuden mukaan edes se, ett\u00e4 Helena kertoi oikeudessa kuvaamisen olleen ainoa keino turvata itse\u00e4\u00e4n tilanteessa.<\/p>\n<p>        <a itemprop=\"url\" href=\"https:\/\/www.seiska.fi\/kotimaa\/no-huh-mika-kuva-helena-koivu\/2036219\" rel=\"nofollow noopener\" target=\"_blank\"><\/p>\n<p>\nJestas sent\u00e4\u00e4n\n<\/p>\n<p class=\"section-date\">\n        <strong class=\"article-section\" data-section=\"kotimaa\"><br \/>\n            kotimaa<br \/>\n        <\/strong><br \/>\n        2.1. 16:05\n    <\/p>\n<p>No huh, mik\u00e4 kuva Helena Koivu!\n    <\/p>\n<p itemprop=\"description\" class=\"subtitle \">\n    Helena Koivu kertoo Seiskalle toivovansa vuodelle 2026 muun muassa rauhaa ja oikeudenmukaisuutta.\n<\/p>\n<p>        <\/a><\/p>\n<p class=\"article-content article-content-width !bg-background\">Tuomio kotirauhan rikkomisesta napsahti siit\u00e4, ett\u00e4 Helena oli oikeuden mukaan soittanut Kakskerran tiloissa musiikkia h\u00e4iritsev\u00e4ll\u00e4 tavalla.<\/p>\n<p>                <img decoding=\"async\" src=\"https:\/\/www.europesays.com\/fi\/wp-content\/uploads\/2026\/01\/1968769.webp.jpeg\" width=\"576\" height=\"274\" alt=\"Arkistokuva. Mikko Koivu edusti Varsinais-Suomen k\u00e4r\u00e4j\u00e4oikeudessa elokuussa 2025.\" loading=\"lazy\" \/>            <\/p>\n<p>\n            Arkistokuva. Mikko Koivu edusti Varsinais-Suomen k\u00e4r\u00e4j\u00e4oikeudessa elokuussa 2025.<br \/>\n            Panu H\u00f6rkk\u00f6\n        <\/p>\n<p class=\"article-content article-content-width !bg-background\">K\u00e4r\u00e4j\u00e4oikeus totesi, ett\u00e4 Mikko on uskottavasti kertonut havainneensa matkapuhelimensa sovelluksesta, ett\u00e4 Helena soittaa musiikkia.<\/p>\n<p class=\"article-content article-content-width !bg-background\">\u2013 Tapahtuma-aikaan Helena Koivu oli ollut samalla kiinteist\u00f6ll\u00e4 l\u00e4hell\u00e4 sijaitsevassa vierasm\u00f6kiss\u00e4. Mikko Koivun kertomat h\u00e4nen tunnistamansa soitetut kappaleet ja niiden liitynt\u00e4 Helena Koivun aikaisempaan k\u00e4yt\u00f6kseen sek\u00e4 se, ett\u00e4 tapahtumaa on juuri edelt\u00e4nyt Helena ja Mikko Koivun v\u00e4linen kiista p\u00e4\u00e4rakennukseen p\u00e4\u00e4syst\u00e4, viittaavat my\u00f6s siihen, ett\u00e4 musiikin soittaja on ollut nimenomaan Helena Koivu, k\u00e4r\u00e4j\u00e4oikeus perusteli tuomiossaan.<\/p>\n<p class=\"article-content article-content-width !bg-background\">Helenaa syytettiin my\u00f6s varkaudesta, mutta syyte kaatui n\u00e4yt\u00f6n puutteeseen.<\/p>\n","protected":false},"excerpt":{"rendered":"21.10.2025Koivut oikeudessaKuvassa Helena Koivu.Seiska\/Panu H\u00f6rkk\u00f6 Panu H\u00f6rkk\u00f6 Koivujen oikeusprosessi saattaa jatkua. \u00a0tuomittiin marraskuussa kotirauhan rikkomisesta sek\u00e4 salakatselusta 30&hellip;\n","protected":false},"author":2,"featured_media":135812,"comment_status":"","ping_status":"","sticky":false,"template":"","format":"standard","meta":{"footnotes":""},"categories":[136],"tags":[407,137,33,31,30,3124,3809,408,21682,3127,1050,38,6524,32,3810,9291,12184,6472,109],"class_list":{"0":"post-135811","1":"post","2":"type-post","3":"status-publish","4":"format-standard","5":"has-post-thumbnail","7":"category-julkkikset","8":"tag-celebrities","9":"tag-entertainment","10":"tag-fi","11":"tag-finland","12":"tag-finnish","13":"tag-helena-koivu","14":"tag-hovioikeus","15":"tag-julkkikset","16":"tag-kotirauhan-rikkominen","17":"tag-mikko-koivu","18":"tag-natalie-koivu","19":"tag-rikos","20":"tag-salakatselu","21":"tag-suomi","22":"tag-tuomio","23":"tag-turun-hovioikeus","24":"tag-valitus","25":"tag-varsinais-suomen-karajaoikeus","26":"tag-viihde"},"share_on_mastodon":{"url":"https:\/\/pubeurope.com\/@fi\/115853639219225646","error":""},"_links":{"self":[{"href":"https:\/\/www.europesays.com\/fi\/wp-json\/wp\/v2\/posts\/135811","targetHints":{"allow":["GET"]}}],"collection":[{"href":"https:\/\/www.europesays.com\/fi\/wp-json\/wp\/v2\/posts"}],"about":[{"href":"https:\/\/www.europesays.com\/fi\/wp-json\/wp\/v2\/types\/post"}],"author":[{"embeddable":true,"href":"https:\/\/www.europesays.com\/fi\/wp-json\/wp\/v2\/users\/2"}],"replies":[{"embeddable":true,"href":"https:\/\/www.europesays.com\/fi\/wp-json\/wp\/v2\/comments?post=135811"}],"version-history":[{"count":0,"href":"https:\/\/www.europesays.com\/fi\/wp-json\/wp\/v2\/posts\/135811\/revisions"}],"wp:featuredmedia":[{"embeddable":true,"href":"https:\/\/www.europesays.com\/fi\/wp-json\/wp\/v2\/media\/135812"}],"wp:attachment":[{"href":"https:\/\/www.europesays.com\/fi\/wp-json\/wp\/v2\/media?parent=135811"}],"wp:term":[{"taxonomy":"category","embeddable":true,"href":"https:\/\/www.europesays.com\/fi\/wp-json\/wp\/v2\/categories?post=135811"},{"taxonomy":"post_tag","embeddable":true,"href":"https:\/\/www.europesays.com\/fi\/wp-json\/wp\/v2\/tags?post=135811"}],"curies":[{"name":"wp","href":"https:\/\/api.w.org\/{rel}","templated":true}]}}