{"id":135817,"date":"2026-01-07T11:50:07","date_gmt":"2026-01-07T11:50:07","guid":{"rendered":"https:\/\/www.europesays.com\/fi\/135817\/"},"modified":"2026-01-07T11:50:07","modified_gmt":"2026-01-07T11:50:07","slug":"onko-tassa-seuraava-hittisarja-aikuiset-sarjan-luoneen-anna-brotkinin-uutuus-sijoittuu-ita-pasilaan","status":"publish","type":"post","link":"https:\/\/www.europesays.com\/fi\/135817\/","title":{"rendered":"Onko t\u00e4ss\u00e4 seuraava hittisarja? Aikuiset-sarjan luoneen Anna Brotkinin uutuus sijoittuu It\u00e4-Pasilaan"},"content":{"rendered":"<p>Yle Areenassa julkaistaan 27. tammikuuta sarjauutuus Atlantis Pasila, jonka on k\u00e4sikirjoittanut hittisarja Aikuiset tehnyt <strong>Anna Brotkin<\/strong>.<\/p>\n<p>Tiedotteen mukaan Atlantis Pasila sijoittuu nimens\u00e4 mukaisesti harmaaseen It\u00e4-Pasilaan ja sen uumenissa sijaitsevaan Atlantis-baariin. Sarjassa seurataan siis ty\u00f6ntekij\u00f6iden ja asiakkaiden el\u00e4m\u00e4\u00e4.<\/p>\n<p>Lue my\u00f6s: <a href=\"https:\/\/www.voice.fi\/ilmiot\/a-233007\" title=\"Voisiko Aikuiset viel\u00e4 palata? K\u00e4sikirjoittaja Anna Brotkinista yhden asian pit\u00e4isi tapahtua, jotta niin voisi k\u00e4yd\u00e4\" class=\"underline-custom !font-montserrat !font-bold !underline-offset-4 !decoration-4 !decoration-tilt-light !text-md\" rel=\"nofollow noopener\" target=\"_blank\">Voisiko Aikuiset viel\u00e4 palata? K\u00e4sikirjoittaja Anna Brotkinista yhden asian pit\u00e4isi tapahtua, jotta niin voisi k\u00e4yd\u00e4<\/a><\/p>\n<p>Sarjan keski\u00f6ss\u00e4 ovat pari-kolmekymppiset Kauri, Nita, Riku, Iiris ja Anni, jotka koittavat selvit\u00e4 arjesta sek\u00e4 saada selkoa tunteistaan. <\/p>\n<p>Synopsiksen mukaan 27-vuotias Kauri on syntym\u00e4optimisti, joka on tottunut pakenemaan vaikeita tunteita, huonoa s\u00e4\u00e4t, tarrautuvia poikayst\u00e4vi\u00e4 sek\u00e4 solmuisia ihmissuhteita. H\u00e4n suunnittelee surffimatkaa Portugaliin, mutta l\u00e4ht\u00f6y\u00f6n\u00e4 matkapaku kuitenkin hajoaa, ja Kauri j\u00e4\u00e4 jumiin It\u00e4-Pasilaan. <\/p>\n<p>Lue my\u00f6s: <a href=\"https:\/\/www.voice.fi\/viihde\/a-221406\" title=\"Miten viett\u00e4\u00e4 p\u00e4iv\u00e4 Aikuiset-hittisarjan tapaan? Suosikkin\u00e4yttelij\u00e4 jakoi Ylelle parhaat vinkkins\u00e4\" class=\"underline-custom !font-montserrat !font-bold !underline-offset-4 !decoration-4 !decoration-tilt-light !text-md\" rel=\"nofollow noopener\" target=\"_blank\">Miten viett\u00e4\u00e4 p\u00e4iv\u00e4 Aikuiset-hittisarjan tapaan? Suosikkin\u00e4yttelij\u00e4 jakoi Ylelle parhaat vinkkins\u00e4<\/a><\/p>\n<p>Korjatakseen autonsa Kauri p\u00e4\u00e4tyy pikkuserkkunsa omistamaan Atlantis-baariin t\u00f6ihin. Samaan aikaan Kauri rakastuu mystiseen Leoon, joka katoaa ja ilmestyy aina, kun sit\u00e4 v\u00e4hiten odottaa.<\/p>\n<p>Atlantis Pasilan p\u00e4\u00e4rooleissa n\u00e4hd\u00e4\u00e4n <strong>Jasir Osman<\/strong>,\u00a0<strong>Pyry Nikkil\u00e4<\/strong>,\u00a0<strong>Isla Mustanoja<\/strong>,\u00a0<strong>Sofia Smeds<\/strong>\u00a0ja\u00a0<strong>Selina Ukkonen<\/strong>.<\/p>\n<p>L\u00e4hde: Yle<\/p>\n","protected":false},"excerpt":{"rendered":"Yle Areenassa julkaistaan 27. tammikuuta sarjauutuus Atlantis Pasila, jonka on k\u00e4sikirjoittanut hittisarja Aikuiset tehnyt Anna Brotkin. Tiedotteen mukaan&hellip;\n","protected":false},"author":2,"featured_media":135818,"comment_status":"","ping_status":"","sticky":false,"template":"","format":"standard","meta":{"footnotes":""},"categories":[130],"tags":[13911,23161,137,33,31,30,3090,32,109,1149,913],"class_list":{"0":"post-135817","1":"post","2":"type-post","3":"status-publish","4":"format-standard","5":"has-post-thumbnail","7":"category-viihde","8":"tag-anna-brotkin","9":"tag-atlantis-pasila","10":"tag-entertainment","11":"tag-fi","12":"tag-finland","13":"tag-finnish","14":"tag-sarja","15":"tag-suomi","16":"tag-viihde","17":"tag-yle","18":"tag-yle-areena"},"share_on_mastodon":{"url":"https:\/\/pubeurope.com\/@fi\/115853670637386528","error":""},"_links":{"self":[{"href":"https:\/\/www.europesays.com\/fi\/wp-json\/wp\/v2\/posts\/135817","targetHints":{"allow":["GET"]}}],"collection":[{"href":"https:\/\/www.europesays.com\/fi\/wp-json\/wp\/v2\/posts"}],"about":[{"href":"https:\/\/www.europesays.com\/fi\/wp-json\/wp\/v2\/types\/post"}],"author":[{"embeddable":true,"href":"https:\/\/www.europesays.com\/fi\/wp-json\/wp\/v2\/users\/2"}],"replies":[{"embeddable":true,"href":"https:\/\/www.europesays.com\/fi\/wp-json\/wp\/v2\/comments?post=135817"}],"version-history":[{"count":0,"href":"https:\/\/www.europesays.com\/fi\/wp-json\/wp\/v2\/posts\/135817\/revisions"}],"wp:featuredmedia":[{"embeddable":true,"href":"https:\/\/www.europesays.com\/fi\/wp-json\/wp\/v2\/media\/135818"}],"wp:attachment":[{"href":"https:\/\/www.europesays.com\/fi\/wp-json\/wp\/v2\/media?parent=135817"}],"wp:term":[{"taxonomy":"category","embeddable":true,"href":"https:\/\/www.europesays.com\/fi\/wp-json\/wp\/v2\/categories?post=135817"},{"taxonomy":"post_tag","embeddable":true,"href":"https:\/\/www.europesays.com\/fi\/wp-json\/wp\/v2\/tags?post=135817"}],"curies":[{"name":"wp","href":"https:\/\/api.w.org\/{rel}","templated":true}]}}