{"id":135820,"date":"2026-01-07T11:54:08","date_gmt":"2026-01-07T11:54:08","guid":{"rendered":"https:\/\/www.europesays.com\/fi\/135820\/"},"modified":"2026-01-07T11:54:08","modified_gmt":"2026-01-07T11:54:08","slug":"ei-hyvalta-nayta-sanoo-virkamies-suomi-paatyi-toisellekin-tarkkailuluokalle","status":"publish","type":"post","link":"https:\/\/www.europesays.com\/fi\/135820\/","title":{"rendered":"Ei hyv\u00e4lt\u00e4 n\u00e4yt\u00e4, sanoo virkamies: Suomi p\u00e4\u00e4tyi toisellekin &#8221;tarkkailuluokalle&#8221;"},"content":{"rendered":"<p>Etenkin ty\u00f6tt\u00f6myystilanne ajoi Suomen EU-komission erityistarkkailuun.<\/p>\n<p><img decoding=\"async\" class=\"image image-show image-preview\" src=\"https:\/\/www.europesays.com\/fi\/wp-content\/uploads\/2026\/01\/b786505d5e06584eb2b6c6db055c0e4eebfd4b4d0b0cd9bebfc86c8424725ecf.jpg\" alt=\"\"\/><img decoding=\"async\" class=\"image image-show\" src=\"https:\/\/www.europesays.com\/fi\/wp-content\/uploads\/2026\/01\/1767786848_572_b786505d5e06584eb2b6c6db055c0e4eebfd4b4d0b0cd9bebfc86c8424725ecf.jpg\" alt=\"\"\/><\/p>\n<p>Komissio kiinnitti huomiota etenkin siihen, ett\u00e4 ty\u00f6tt\u00f6myysaste oli jatkanut kasvuaan. OUTI J\u00c4RVINEN<\/p>\n<ul>\n<li>Suomen ty\u00f6tt\u00f6myys- ja ty\u00f6llisyysasteet, pitk\u00e4aikaisty\u00f6tt\u00f6myys, kotitalouksien k\u00e4ytett\u00e4viss\u00e4 olevien bruttotulojen kehitys ja hoitovaje ovat komission mukaan huolestuttavalla tasolla. <\/li>\n<li>Sosiaalisen kehityksen \u201dtarkkailuluokalla\u201d ovat Suomen lis\u00e4ksi muun muassa Romania ja Kreikka.<\/li>\n<li>Suomi voi saada komissiolta uusia maakohtaisia suosituksia ongelmien ratkaisemiseksi.<\/li>\n<\/ul>\n<p class=\"paragraph\">Suomi on joutunut EU:n sosiaalisen kehityksen erityistarkkailuun. Iltalehti koosti, mist\u00e4 asiassa on kyse ja mit\u00e4 siit\u00e4 seuraa.<\/p>\n<p class=\"paragraph\">Suomen sosiaalinen kehitys aiheuttaa mahdollisen riskin EU:n sosiaaliselle kehitykselle, katsoo Euroopan komissio.<\/p>\n<p class=\"paragraph\">Sosiaalisen kehityksen \u201dtarkkailuluokalle\u201d on joutunut Suomen lis\u00e4ksi kahdeksan maata: Romania, Kreikka, Italia, Bulgaria, Espanja, Luxemburg, Latvia ja Liettua.<\/p>\n<p class=\"paragraph\">Suomi on aiemmin ollut sosiaalisen kehityksen mittareilla EU:n mallioppilaiden joukossa, sanoo neuvotteleva virkamies <strong>Jere P\u00e4ivinen<\/strong> sosiaali- ja terveysministeri\u00f6st\u00e4 (STM).<\/p>\n<p class=\"paragraph\">\u2013 Ei se kauhean hyv\u00e4lt\u00e4 n\u00e4yt\u00e4, ett\u00e4 joudutaan samana vuonna sek\u00e4 sosiaali- ett\u00e4 talouspuolelta \u201dtarkkailuluokalle\u201d, P\u00e4ivinen sanoo.<\/p>\n<p>Ty\u00f6tt\u00f6myys keskeisin syy<\/p>\n<p class=\"paragraph\">J\u00e4senmaa joutuu sosiaalisen kehityksen erityistarkkailuun, jos se t\u00e4ytt\u00e4\u00e4 19 riskikriteerist\u00e4 v \u00e4hint\u00e4\u00e4n kuusi.<\/p>\n<p class=\"paragraph\">Suomi t\u00e4ytti kriteereist\u00e4 viisi, mutta koska Suomen ty\u00f6tt\u00f6myysastetta koskeva indikaattori oli heikentynyt jo kolmena vuotena per\u00e4kk\u00e4in, se laskettiin kahdesti.<\/p>\n<p class=\"paragraph\">Ty\u00f6tt\u00f6myysaste nousi 1,2 prosenttiyksikk\u00f6\u00e4 ja oli 8,4 prosenttia vuonna 2024, kun EU:n keskiarvo on 5,9 prosenttia.<\/p>\n<p class=\"paragraph\">Riskikriteerit t\u00e4yttyiv\u00e4t Suomella my\u00f6s ty\u00f6llisyysasteen, pitk\u00e4aikaisty\u00f6tt\u00f6myyden, kotitalouksien k\u00e4ytett\u00e4viss\u00e4 olevien bruttotulojen kehityksen ja t\u00e4ytt\u00e4m\u00e4tt\u00f6mien terveydenhuollon hoitotarpeiden osalta.<\/p>\n<p class=\"paragraph\">P\u00e4ivisen mukaan Suomen ajoi \u201dtarkkailuluokalle\u201d etenkin heikosta suhdanteesta johtuva taloustilanne ja ty\u00f6llisyyskehitys.<\/p>\n<p class=\"paragraph\">Suomessa terveydenhuollon hoitovajeesta raportoi kyselytutkimuksessa 8,5 prosenttia (+ 0,6 prosenttiyksikk\u00f6\u00e4) v\u00e4est\u00f6st\u00e4 vuonna 2024, kun EU:n keskiarvo oli 2,5 prosenttia.<\/p>\n<p class=\"paragraph\">P\u00e4ivisen mukaan Suomi on t\u00e4ytt\u00e4nyt riskikriteerin raportoidun hoitovajeen osalta jo useana vuonna.<\/p>\n<p>Komissio arvioi kriittiseksi terveydenhuollon hoitovajeesta raportoivien osuuden Suomen v\u00e4est\u00f6st\u00e4. Kuvituskuva. PASI LIESIMAA<\/p>\n<p>\u201dTarkkailuluokan\u201d vaikutukset<\/p>\n<p class=\"paragraph\">Kev\u00e4\u00e4n aikana ministeri\u00f6t k\u00e4yv\u00e4t keskusteluja komission kanssa siit\u00e4, miksi Suomen riskikriteerit ovat t\u00e4yttyneet ja mit\u00e4 ongelmille on tehty tai aiotaan tehd\u00e4.<\/p>\n<p class=\"paragraph\">\u201dTarkkailuluokalle\u201d joutumisen my\u00f6t\u00e4 Suomi voi saada P\u00e4ivisen mukaan komissiolta uusia maakohtaisia suosituksia siit\u00e4, mit\u00e4 Suomen tulisi tehd\u00e4 tilanteensa parantamiseksi.<\/p>\n<p class=\"paragraph\">Jos Suomi ei noudata suosituksia, komissio ei voi P\u00e4ivisen mukaan asettaa sakkoja tai pid\u00e4tt\u00e4\u00e4 EU-rahastojen maksatuksia, kuten liiallisen alij\u00e4\u00e4m\u00e4n menettelyss\u00e4 voidaan tehd\u00e4.<\/p>\n<p class=\"paragraph\">Suomi joutui loppuvuodesta my\u00f6s EU:n talouden \u201dtarkkailuluokalle\u201d, eli liiallisen alij\u00e4\u00e4m\u00e4n menettelyyn. Suomi rikkoo EU:n talouss\u00e4\u00e4nt\u00f6j\u00e4, koska Suomella on liikaa julkista velkaa ja liian suuri vuotuinen alij\u00e4\u00e4m\u00e4 suhteessa bruttokansantuotteeseen.<\/p>\n<p class=\"paragraph\">P\u00e4ivinen kertoo, ett\u00e4 tulevaisuudessa sosiaalisen kehityksen \u201dtarkkailuluokan\u201d kautta saattaa tulla konkreettisempia vaikutuksia. H\u00e4n mainitsee, ett\u00e4 komission pohjaesitys EU:n monivuotiseksi rahoituskehykseksi sis\u00e4lt\u00e4\u00e4 ajatuksen, ett\u00e4 EU-rahoituksen saamista sidottaisiin joiltain osin maakohtaisten suositusten toimeenpanoon.<\/p>\n<p class=\"paragraph\">Jos komission pohjaesitys toteutuisi, komissio voisi asettaa Suomelle tietyn rahoituksen saamisen ehdoksi, ett\u00e4 se toteuttaa maakohtaiset suositukset.<\/p>\n<p class=\"paragraph\">Toistaiseksi komission maakohtaisten suositusten toteuttaminen on kunkin maan omassa harkinnassa.<\/p>\n<p class=\"paragraph\">EU:lla on tavoitteena, ett\u00e4 j\u00e4senmaiden sosiaalinen tilanne l\u00e4henee toisiaan, mink\u00e4 vuoksi se seuraa eri maiden kehityst\u00e4 riskikriteerien kautta.<\/p>\n","protected":false},"excerpt":{"rendered":"Etenkin ty\u00f6tt\u00f6myystilanne ajoi Suomen EU-komission erityistarkkailuun. Komissio kiinnitti huomiota etenkin siihen, ett\u00e4 ty\u00f6tt\u00f6myysaste oli jatkanut kasvuaan. OUTI J\u00c4RVINEN&hellip;\n","protected":false},"author":2,"featured_media":135821,"comment_status":"","ping_status":"","sticky":false,"template":"","format":"standard","meta":{"footnotes":""},"categories":[14],"tags":[35,22,23,26,27,33,31,30,17,70,5679,2260,24,25,28,29,2619,15,18,21,637,32,19,20,56,16,59,60,61],"class_list":{"0":"post-135820","1":"post","2":"type-post","3":"status-publish","4":"format-standard","5":"has-post-thumbnail","7":"category-ulkomaat","8":"tag-24h","9":"tag-breaking-news","10":"tag-breakingnews","11":"tag-featured-news","12":"tag-featurednews","13":"tag-fi","14":"tag-finland","15":"tag-finnish","16":"tag-headlines","17":"tag-kansainvalinen-politiikka","18":"tag-kansainvaliset-organisaatiot-ja-sopimukset","19":"tag-kansainvalisyys","20":"tag-latest-news","21":"tag-latestnews","22":"tag-main-news","23":"tag-mainnews","24":"tag-makrotalous-ja-talouspolitiikka","25":"tag-news","26":"tag-otsikot","27":"tag-paauutiset","28":"tag-politiikka","29":"tag-suomi","30":"tag-top-stories","31":"tag-topstories","32":"tag-ulkomaat","33":"tag-uutiset","34":"tag-world","35":"tag-world-news","36":"tag-worldnews"},"share_on_mastodon":{"url":"https:\/\/pubeurope.com\/@fi\/115853686471828065","error":""},"_links":{"self":[{"href":"https:\/\/www.europesays.com\/fi\/wp-json\/wp\/v2\/posts\/135820","targetHints":{"allow":["GET"]}}],"collection":[{"href":"https:\/\/www.europesays.com\/fi\/wp-json\/wp\/v2\/posts"}],"about":[{"href":"https:\/\/www.europesays.com\/fi\/wp-json\/wp\/v2\/types\/post"}],"author":[{"embeddable":true,"href":"https:\/\/www.europesays.com\/fi\/wp-json\/wp\/v2\/users\/2"}],"replies":[{"embeddable":true,"href":"https:\/\/www.europesays.com\/fi\/wp-json\/wp\/v2\/comments?post=135820"}],"version-history":[{"count":0,"href":"https:\/\/www.europesays.com\/fi\/wp-json\/wp\/v2\/posts\/135820\/revisions"}],"wp:featuredmedia":[{"embeddable":true,"href":"https:\/\/www.europesays.com\/fi\/wp-json\/wp\/v2\/media\/135821"}],"wp:attachment":[{"href":"https:\/\/www.europesays.com\/fi\/wp-json\/wp\/v2\/media?parent=135820"}],"wp:term":[{"taxonomy":"category","embeddable":true,"href":"https:\/\/www.europesays.com\/fi\/wp-json\/wp\/v2\/categories?post=135820"},{"taxonomy":"post_tag","embeddable":true,"href":"https:\/\/www.europesays.com\/fi\/wp-json\/wp\/v2\/tags?post=135820"}],"curies":[{"name":"wp","href":"https:\/\/api.w.org\/{rel}","templated":true}]}}