{"id":135826,"date":"2026-01-07T11:57:07","date_gmt":"2026-01-07T11:57:07","guid":{"rendered":"https:\/\/www.europesays.com\/fi\/135826\/"},"modified":"2026-01-07T11:57:07","modified_gmt":"2026-01-07T11:57:07","slug":"susijahti-on-paattynyt-varsinais-suomessa-yle","status":"publish","type":"post","link":"https:\/\/www.europesays.com\/fi\/135826\/","title":{"rendered":"Susijahti on p\u00e4\u00e4ttynyt Varsinais-Suomessa &#8211; Yle"},"content":{"rendered":"<ol>\n<li><a href=\"https:\/\/news.google.com\/rss\/articles\/CBMiQkFVX3lxTE93ZUkxcmpySHA0LWR2cGI4SndPQU9nMUJDYURZUVRkWmxpdm43b1R4THZDeVVkQ21ZWF9nVC1NVmQzZw?oc=5\" target=\"_blank\" rel=\"nofollow noopener\">Susijahti on p\u00e4\u00e4ttynyt Varsinais-Suomessa<\/a>&nbsp;&nbsp;Yle<\/li>\n<li><a href=\"https:\/\/news.google.com\/rss\/articles\/CBMiWkFVX3lxTE9LMzBYTVQtWk5xSWN0SkR3RDNIYlZoQkh3eHh6V0VUT3NmbjkwUkphaUhNWlBxMUJiYUEwWVVJd09iTkVNY2dwQVZEdmdpdnd4Z2RGM1FkQTNCdw?oc=5\" target=\"_blank\" rel=\"nofollow noopener\">Mets\u00e4stys | Aura-Paimiossa kaadettiin kaikki kiinti\u00f6sudet kolmessa p\u00e4iv\u00e4ss\u00e4, koska \u201dniit\u00e4 ei tarvitse kauheasti etsi\u00e4\u201d<\/a>&nbsp;&nbsp;HS.fi<\/li>\n<li><a href=\"https:\/\/news.google.com\/rss\/articles\/CBMifEFVX3lxTE5oYS05NlNKZnhId0gzY05wYVkwbDhUdzhma3RpQi0wcW1KaW9aQ01ONE42NmM1dk83MG5tVF9sWE1XVEFWT2dRaWgxdndpYnUyV3l5S3owQmk1NUdlVzNUSlNpMnJNZEtxUktZZVhlbzJmU0tqenNRbXZDTHU?oc=5\" target=\"_blank\" rel=\"nofollow noopener\">Asetukset hyv\u00e4ksytty \u2013 suden mets\u00e4stys alkaa 1.tammikuuta<\/a>&nbsp;&nbsp;Maa- ja mets\u00e4talousministeri\u00f6<\/li>\n<li><a href=\"https:\/\/news.google.com\/rss\/articles\/CBMibEFVX3lxTE1NOG5PX01zQkVIQlhicnRUS0NKeDEwSThmdnYxbGRLU2k0X1pFazh5RlJxNGhuU2FnZHFoT2pUYWxDMnNZSHloM0w1RU5XRzhwT2FMUnF4WGhvd3JvUjREWHMtZm9sOWJHLVBudw?oc=5\" target=\"_blank\" rel=\"nofollow noopener\">Ensimm\u00e4iset sudet kaadettu Rekikosken kiinti\u00f6alueella \u2013 n\u00e4in sen arvellaan n\u00e4kyv\u00e4n Sastamalan susitilanteessa<\/a>&nbsp;&nbsp;Tyrv\u00e4\u00e4n Sanomat<\/li>\n<li><a href=\"https:\/\/news.google.com\/rss\/articles\/CBMiSEFVX3lxTFBEQkFLdXFsN250S1F2REdueTNlTFlYYzBpU18wNkJaemlwY3ZxR0V3dGpTNWJ3ZzFDYXJ4MmxzaEo4UjVhcnhtLQ?oc=5\" target=\"_blank\" rel=\"nofollow noopener\">N\u00e4k\u00f6kulma | Jenni Lep\u00e4nrinne: Asun susialueella, ja suden kiinti\u00f6mets\u00e4stys tuntuu l\u00e4hinn\u00e4 teurastukselta<\/a>&nbsp;&nbsp;ts.fi<\/li>\n<\/ol>\n","protected":false},"excerpt":{"rendered":"Susijahti on p\u00e4\u00e4ttynyt Varsinais-Suomessa&nbsp;&nbsp;Yle Mets\u00e4stys | Aura-Paimiossa kaadettiin kaikki kiinti\u00f6sudet kolmessa p\u00e4iv\u00e4ss\u00e4, koska \u201dniit\u00e4 ei tarvitse kauheasti etsi\u00e4\u201d&nbsp;&nbsp;HS.fi&hellip;\n","protected":false},"author":2,"featured_media":135827,"comment_status":"","ping_status":"","sticky":false,"template":"","format":"standard","meta":{"footnotes":""},"categories":[117],"tags":[404,33,31,30,19379,72,479,476,118,2938,32,4237,119,663,477],"class_list":{"0":"post-135826","1":"post","2":"type-post","3":"status-publish","4":"format-standard","5":"has-post-thumbnail","7":"category-luonto","8":"tag-elaimet","9":"tag-fi","10":"tag-finland","11":"tag-finnish","12":"tag-kustavi","13":"tag-luonto","14":"tag-metsastys","15":"tag-nature","16":"tag-science","17":"tag-suomen-riistakeskus","18":"tag-suomi","19":"tag-susi","20":"tag-tiede","21":"tag-varsinais-suomi","22":"tag-wildlife"},"share_on_mastodon":{"url":"https:\/\/pubeurope.com\/@fi\/115853698165929093","error":""},"_links":{"self":[{"href":"https:\/\/www.europesays.com\/fi\/wp-json\/wp\/v2\/posts\/135826","targetHints":{"allow":["GET"]}}],"collection":[{"href":"https:\/\/www.europesays.com\/fi\/wp-json\/wp\/v2\/posts"}],"about":[{"href":"https:\/\/www.europesays.com\/fi\/wp-json\/wp\/v2\/types\/post"}],"author":[{"embeddable":true,"href":"https:\/\/www.europesays.com\/fi\/wp-json\/wp\/v2\/users\/2"}],"replies":[{"embeddable":true,"href":"https:\/\/www.europesays.com\/fi\/wp-json\/wp\/v2\/comments?post=135826"}],"version-history":[{"count":0,"href":"https:\/\/www.europesays.com\/fi\/wp-json\/wp\/v2\/posts\/135826\/revisions"}],"wp:featuredmedia":[{"embeddable":true,"href":"https:\/\/www.europesays.com\/fi\/wp-json\/wp\/v2\/media\/135827"}],"wp:attachment":[{"href":"https:\/\/www.europesays.com\/fi\/wp-json\/wp\/v2\/media?parent=135826"}],"wp:term":[{"taxonomy":"category","embeddable":true,"href":"https:\/\/www.europesays.com\/fi\/wp-json\/wp\/v2\/categories?post=135826"},{"taxonomy":"post_tag","embeddable":true,"href":"https:\/\/www.europesays.com\/fi\/wp-json\/wp\/v2\/tags?post=135826"}],"curies":[{"name":"wp","href":"https:\/\/api.w.org\/{rel}","templated":true}]}}