{"id":135834,"date":"2026-01-07T12:16:07","date_gmt":"2026-01-07T12:16:07","guid":{"rendered":"https:\/\/www.europesays.com\/fi\/135834\/"},"modified":"2026-01-07T12:16:07","modified_gmt":"2026-01-07T12:16:07","slug":"syy-gettomasan-taukoon-selvisi-pahat-selkakivut","status":"publish","type":"post","link":"https:\/\/www.europesays.com\/fi\/135834\/","title":{"rendered":"Syy Gettomasan taukoon selvisi: pahat selk\u00e4kivut"},"content":{"rendered":"<p class=\"article-body mb-nof-24 px-nof-16\">Jyv\u00e4skyl\u00e4<\/p>\n<p>Lue tiivistelm\u00e4<\/p>\n<p class=\"article-body mb-nof-24 px-nof-16 sndp-summary-bullet-point-font\">R\u00e4pp\u00e4ri Gettomasa palaa noin puolentoista vuoden mittaiselta tauolta ja j\u00e4rjest\u00e4\u00e4 paluukeikkansa Jyv\u00e4skyl\u00e4ss\u00e4 13. kes\u00e4kuuta.<\/p>\n<p class=\"article-body mb-nof-24 px-nof-16 sndp-summary-bullet-point-font\">Artisti Aleksi Lehikoinen kertoo j\u00e4\u00e4neens\u00e4 tauolle elokuussa 2024 erityisesti selk\u00e4kipujen vuoksi, jotka olivat niin pahat, ett\u00e4 kaikki muu paitsi makaaminen sattui.<\/p>\n<p class=\"article-body mb-nof-24 px-nof-16 sndp-summary-bullet-point-font\">Lehikoinen sanoo voivansa nyt henkisesti paremmin kuin viimeiseen kymmeneen vuoteen ja on siirtynyt levy-yhti\u00f6st\u00e4 PME Recordsilta Def Jam Recordingsille.<\/p>\n<p class=\"article-body mb-nof-24 px-nof-16\">R\u00e4pp\u00e4ri Gettomasa, oikealta nimelt\u00e4\u00e4n <a class=\"font-bold underline-offset-[0.12em] [text-decoration:var(--person-link-text-decoration)] ![text-decoration-color:var(--person-link-text-decoration-color)]\" href=\"https:\/\/www.hs.fi\/haku\/?query=Aleksi%20Lehikoinen\" rel=\"nofollow noopener\" target=\"_blank\">Aleksi Lehikoinen<\/a>, palaa noin puolentoista vuoden mittaiselta tauoltaan.<\/p>\n<p class=\"article-body mb-nof-24 px-nof-16\">Lehikoinen ilmoitti asiasta Jyv\u00e4skyl\u00e4n kaupungintalolla j\u00e4rjestetyss\u00e4 tiedotustilaisuudessa keskiviikkona. Lehikoinen ilmoitti samalla, ett\u00e4 h\u00e4n j\u00e4rjest\u00e4\u00e4 paluukeikkansa Jyv\u00e4skyl\u00e4ss\u00e4 Hippoksen pes\u00e4pallostadionilla 13. kes\u00e4kuuta. Gettomasalta julkaistaan my\u00f6s uusi kappale perjantaina.<\/p>\n<p class=\"article-body mb-nof-24 px-nof-16\">Artisti on my\u00f6s samalla vaihtanut levy-yhti\u00f6t\u00e4\u00e4n. Aiemmin PME Recordsille levytt\u00e4nyt artisti siirtyi Universaliin kuuluvalle Def Jam Recordingsille.<\/p>\n<p class=\"article-body mb-nof-24 px-nof-16\">32-vuotias Lehikoinen ilmoitti elokuussa 2024 yll\u00e4tt\u00e4en j\u00e4\u00e4v\u00e4ns\u00e4 m\u00e4\u00e4rittelem\u00e4tt\u00f6m\u00e4n mittaiselle keikkatauolle. Artisti ilmoitti asiasta Instagramissa ennen toistaiseksi viimeist\u00e4 keikkaansa Allas Sea Poolilla 24. elokuuta 2024.<\/p>\n<p class=\"article-body mb-nof-24 px-nof-16\">\u201dKauniit naiset ja herrat, syksyn keikkoja ei ole. Ja ensi vuonnakaan ei varmaan ole keikkoja. Rehellisesti, m\u00e4 tulen heitt\u00e4m\u00e4\u00e4n teille keikan ensi kerralla sitten, kun mun rahat on loppu\u201d, Lehikoinen kertoi Instagram-videollaan.<\/p>\n<p class=\"article-body mb-nof-24 px-nof-16\">Lehikoiselta kysyttiin keskiviikon tiedotustilaisuudessa, tarkoittaako h\u00e4nen paluunsa sit\u00e4, ett\u00e4 nyt rahat ovat loppu.<\/p>\n<p class=\"article-body mb-nof-24 px-nof-16\">\u201dOsasin odottaa, ett\u00e4 t\u00e4t\u00e4 kysyt\u00e4\u00e4n\u201d, Lehikoinen sanoi.<\/p>\n<p class=\"article-body mb-nof-24 px-nof-16\">H\u00e4n kertoi tarkoittaneensa kommenttinsa ensisijaisesti huumorilla, koska usein artistien paluu-uutisiin viitataan siten, ett\u00e4 he tekev\u00e4t paluunsa, koska rahat ovat loppuneet. Lehikoisen mukaan h\u00e4n ei osannut arvata, ett\u00e4 sosiaalisessa mediassa ilmoitettu kommentti j\u00e4isi el\u00e4m\u00e4\u00e4n niin vahvasti.<\/p>\n<p class=\"article-body mb-nof-24 px-nof-16\"><a class=\"underline underline-offset-[0.12em] [text-decoration-thickness:var(--generic-link-underline-thickness)] [text-decoration-color:var(--generic-link-underline-color)] [text-decoration-skip-ink:var(--generic-link-underline-skip-ink)] break-words\" href=\"https:\/\/www.is.fi\/viihde\/art-2000010655399.html\" rel=\"nofollow noopener\" target=\"_blank\">Ilta-Sanomat<\/a> kertoi elokuussa 2024, ett\u00e4 Lehikoinen oli valottanut viimeisell\u00e4 keikallaan tarkemmin tauolle j\u00e4\u00e4misens\u00e4 syit\u00e4. Lehikoinen muun muassa kertoi k\u00e4rsineens\u00e4 uupumuksesta ty\u00f6skennelty\u00e4\u00e4n musiikkialalla pitk\u00e4\u00e4n.<\/p>\n<p class=\"article-body mb-nof-24 px-nof-16\">T\u00e4m\u00e4n lis\u00e4ksi Lehikoinen sanoi keikalla k\u00e4rsineens\u00e4 selk\u00e4kivuista. H\u00e4n my\u00f6s nosti esille, ett\u00e4 oli saanut vuoden 2024 aikana faneilta \u201dpaskaa niskaan\u201d. Aiemmin samana vuonna <a class=\"underline underline-offset-[0.12em] [text-decoration-thickness:var(--generic-link-underline-thickness)] [text-decoration-color:var(--generic-link-underline-color)] [text-decoration-skip-ink:var(--generic-link-underline-skip-ink)] break-words\" href=\"https:\/\/www.hs.fi\/kulttuuri\/art-2000010519900.html\" rel=\"nofollow noopener\" target=\"_blank\">otsikoihin oli noussut<\/a> Gettomasan keikka Himos Juhannus -festivaalilla, jossa h\u00e4n oli muun muassa kutsunut yleis\u00f6n j\u00e4seni\u00e4 \u201dvammaisiksi\u201d.<\/p>\n<p class=\"article-body mb-nof-24 px-nof-16\">Lehikoinen on pysynyt enimm\u00e4kseen poissa julkisuudesta elokuun 2024 j\u00e4lkeen. H\u00e4nelt\u00e4 ei ole julkaistu sen j\u00e4lkeen uutta musiikkia, lukuun ottamatta syyskuussa 2024 ilmestynytt\u00e4 Shakkii-duon single\u00e4 Makaveli, jossa Gettomasa on mukana.<\/p>\n<p class=\"article-body mb-nof-24 px-nof-16\">Alkuvuodesta 2025 Lehikoinen <a class=\"underline underline-offset-[0.12em] [text-decoration-thickness:var(--generic-link-underline-thickness)] [text-decoration-color:var(--generic-link-underline-color)] [text-decoration-skip-ink:var(--generic-link-underline-skip-ink)] break-words\" href=\"https:\/\/www.klangi.fi\/uutiset\/aren-ja-rekamin-levyjulkkareissa-gettomasa\/\" rel=\"nofollow noopener\" target=\"_blank\">toimi<\/a> Jyv\u00e4skyl\u00e4ss\u00e4 dj:n\u00e4 <a class=\"font-bold underline-offset-[0.12em] [text-decoration:var(--person-link-text-decoration)] ![text-decoration-color:var(--person-link-text-decoration-color)]\" href=\"https:\/\/www.hs.fi\/haku\/?query=Aren\" rel=\"nofollow noopener\" target=\"_blank\">Aren<\/a> ja <a class=\"font-bold underline-offset-[0.12em] [text-decoration:var(--person-link-text-decoration)] ![text-decoration-color:var(--person-link-text-decoration-color)]\" href=\"https:\/\/www.hs.fi\/haku\/?query=Rekamin\" rel=\"nofollow noopener\" target=\"_blank\">Rekamin<\/a> levyjulkkareissa nimell\u00e4 Dj Kapteeniupponalle. Artisti my\u00f6s n\u00e4htiin elokuussa Ylen Mist s\u00e4 tuut? -dokumenttisarjan uudella kaudella.<\/p>\n<p class=\"article-body mb-nof-24 px-nof-16\">Alkuvuodesta 2026 Gettomasa palasi sosiaaliseen mediaan. H\u00e4nen Instagram-tililt\u00e4\u00e4n oli poistettu kaikki aiemmat julkaisut, kun 4. tammikuuta h\u00e4n julkaisi siell\u00e4 ensimm\u00e4isen uuden kuvan.<\/p>\n<p class=\"article-body mb-nof-24 px-nof-16\">HS:n haastattelussa Jyv\u00e4skyl\u00e4ss\u00e4 Lehikoinen kertoi oppineensa yli vuoden mittaisella tauollaan, ett\u00e4 terveys on t\u00e4rkeint\u00e4. Artisti oli k\u00e4rsinyt terveysvaivoista, erityisesti selk\u00e4kivuista, ennen tauolle j\u00e4\u00e4mist\u00e4\u00e4n.<\/p>\n<p class=\"article-body mb-nof-24 px-nof-16\">Ilmoituksesi tauolle j\u00e4\u00e4misest\u00e4 tuli elokuussa 2024 monelle yll\u00e4tyksen\u00e4. Olitko itse valmistellut sit\u00e4 pitk\u00e4\u00e4n etuk\u00e4teen?<\/p>\n<p class=\"article-body mb-nof-24 px-nof-16\">\u201dMulla oli selk\u00e4 niin huonossa kunnossa, ett\u00e4 ymm\u00e4rsin kev\u00e4\u00e4ll\u00e4, etten oikein ole semmoisessa fyysisess\u00e4 kunnossa, ett\u00e4 pystyn tekem\u00e4\u00e4n kauheasti mit\u00e4\u00e4n. Kaikki muu paitsi makaaminen sattui. Jouduin p\u00e4\u00e4tt\u00e4m\u00e4\u00e4n, ett\u00e4 en ala perua kes\u00e4n keikkoja, tehd\u00e4\u00e4n ne vaikka hammasta purren. Sen j\u00e4lkeen oli aika menn\u00e4 tauolle. Tiesin sen ennen kes\u00e4\u00e4.\u201d<\/p>\n<p class=\"article-body mb-nof-24 px-nof-16\">Milloin selk\u00e4ongelmasi olivat alkaneet?<\/p>\n<p class=\"article-body mb-nof-24 px-nof-16\">\u201dMulla on pullistunut sel\u00e4st\u00e4 pari v\u00e4lilevy\u00e4, ensimm\u00e4inen vuonna 2018. Uudestaan levy pullistui vuonna 2024. Siin\u00e4 v\u00e4liss\u00e4 se on ollut v\u00e4h\u00e4n semmoista taistelua, mink\u00e4 kaikki selk\u00e4ongelmaiset tiet\u00e4v\u00e4t. Mutta t\u00e4ll\u00e4 hetkell\u00e4 olen eritt\u00e4in hyv\u00e4ss\u00e4 kunnossa. Vuosi taukoa tuli tosi tarpeeseen. Voin henkisestikin paremmin kuin viimeiseen kymmeneen vuoteen.\u201d<\/p>\n<p class=\"article-body mb-nof-24 px-nof-16\">Viittasit toistaiseksi viimeisell\u00e4 keikallasi, ett\u00e4 olit saanut faneilta \u201dpaskaa niskaan\u201d. Mihin se liittyi?<\/p>\n<p class=\"article-body mb-nof-24 px-nof-16\">\u201dSiin\u00e4 oli semmoinen vuosi, et julkaisin musiikkia, ja ehk\u00e4 vastaanotto ei omilta faneilta ollut mik\u00e4\u00e4n paras mahdollinen sille, mit\u00e4 m\u00e4 olin tehnyt. Ei mit\u00e4\u00e4n, semmoisia vuosia sattu v\u00e4lill\u00e4. Mutta kun oli v\u00e4h\u00e4n huono mielentila muutenkin siin\u00e4, niin tuommoiset jutut saattavat raskauttaa sit\u00e4. Ei se mik\u00e4\u00e4n isoin ongelma ollut, mutta yksi palanen.\u201d<\/p>\n<p class=\"article-body mb-nof-24 px-nof-16\">Miten iso muutos sinulle artistina on siirtyminen uudelle levy-yhti\u00f6lle?<\/p>\n<p class=\"article-body mb-nof-24 px-nof-16\">\u201dArtistina mun urani on ollut aina sellainen, ett\u00e4 olen itse tehnyt sen kaiken musiikin, mit\u00e4 m\u00e4 teen. Mulla on mun omat henkil\u00f6kohtaiset yst\u00e4v\u00e4t, keiden kanssa teen musiikkia: tuottajat ja artistikaverit. Mik\u00e4\u00e4n ei muutu sen suhteen. Nyt vain julkaiseva talli vaihtuu.\u201d<\/p>\n<p class=\"article-body mb-nof-24 px-nof-16\">Olitko varautunut siihen, ett\u00e4 kun palaat, saat oman somepostauksesi vuoksi kuulla paljon kysymyksi\u00e4 siit\u00e4, ovatko rahasi nyt loppuneet?<\/p>\n<p class=\"article-body mb-nof-24 px-nof-16\">\u201dSilloin heitin sen spontaanisti mun Instagram Storyyn, koska h\u00f6p\u00f6ttelin, ett\u00e4 t\u00e4n\u00e4\u00e4n muuten heit\u00e4n keikan, ett\u00e4 kannattaisi tulla katsomaan. Silloin en miettinyt sit\u00e4 asiaa niin pitk\u00e4lle, ett\u00e4 siit\u00e4 tulisi edes mit\u00e4\u00e4n juttua. Nyt olen huomannut, miten iso juttu se kommentti oli ihmisille. Osasin odottaa, ett\u00e4 siit\u00e4 multa kysyt\u00e4\u00e4n varmasti.\u201d<\/p>\n<p class=\"article-body mb-nof-24 px-nof-16\">Gettomasa on ollut viime vuosina yksi Suomen suosituimmista muusikoista. Vuonna 2024 h\u00e4n oli Spotifyssa Suomen nelj\u00e4nneksi kuunnelluin artisti, vuonna 2023 toiseksi kuunnelluin.<\/p>\n<p class=\"article-body mb-nof-24 px-nof-16\">Artistin isoin hitti on vuonna 2022 julkaistu Shamppanjadieetill\u00e4. Nelj\u00e4 sooloalbumia urallaan julkaissut Gettomasa on palkittu Emma-gaalassa kahdesti vuoden rap\/r&amp;b -palkinnolla, kerran vuoden albumista ja kerran vuoden myydyimm\u00e4st\u00e4 albumista.<\/p>\n","protected":false},"excerpt":{"rendered":"Jyv\u00e4skyl\u00e4 Lue tiivistelm\u00e4 R\u00e4pp\u00e4ri Gettomasa palaa noin puolentoista vuoden mittaiselta tauolta ja j\u00e4rjest\u00e4\u00e4 paluukeikkansa Jyv\u00e4skyl\u00e4ss\u00e4 13. kes\u00e4kuuta. Artisti&hellip;\n","protected":false},"author":2,"featured_media":135835,"comment_status":"","ping_status":"","sticky":false,"template":"","format":"standard","meta":{"footnotes":""},"categories":[130],"tags":[137,33,31,30,46,32,109],"class_list":{"0":"post-135834","1":"post","2":"type-post","3":"status-publish","4":"format-standard","5":"has-post-thumbnail","7":"category-viihde","8":"tag-entertainment","9":"tag-fi","10":"tag-finland","11":"tag-finnish","12":"tag-helsingin-sanomat","13":"tag-suomi","14":"tag-viihde"},"share_on_mastodon":{"url":"https:\/\/pubeurope.com\/@fi\/115853772958246264","error":""},"_links":{"self":[{"href":"https:\/\/www.europesays.com\/fi\/wp-json\/wp\/v2\/posts\/135834","targetHints":{"allow":["GET"]}}],"collection":[{"href":"https:\/\/www.europesays.com\/fi\/wp-json\/wp\/v2\/posts"}],"about":[{"href":"https:\/\/www.europesays.com\/fi\/wp-json\/wp\/v2\/types\/post"}],"author":[{"embeddable":true,"href":"https:\/\/www.europesays.com\/fi\/wp-json\/wp\/v2\/users\/2"}],"replies":[{"embeddable":true,"href":"https:\/\/www.europesays.com\/fi\/wp-json\/wp\/v2\/comments?post=135834"}],"version-history":[{"count":0,"href":"https:\/\/www.europesays.com\/fi\/wp-json\/wp\/v2\/posts\/135834\/revisions"}],"wp:featuredmedia":[{"embeddable":true,"href":"https:\/\/www.europesays.com\/fi\/wp-json\/wp\/v2\/media\/135835"}],"wp:attachment":[{"href":"https:\/\/www.europesays.com\/fi\/wp-json\/wp\/v2\/media?parent=135834"}],"wp:term":[{"taxonomy":"category","embeddable":true,"href":"https:\/\/www.europesays.com\/fi\/wp-json\/wp\/v2\/categories?post=135834"},{"taxonomy":"post_tag","embeddable":true,"href":"https:\/\/www.europesays.com\/fi\/wp-json\/wp\/v2\/tags?post=135834"}],"curies":[{"name":"wp","href":"https:\/\/api.w.org\/{rel}","templated":true}]}}