{"id":135836,"date":"2026-01-07T12:17:11","date_gmt":"2026-01-07T12:17:11","guid":{"rendered":"https:\/\/www.europesays.com\/fi\/135836\/"},"modified":"2026-01-07T12:17:11","modified_gmt":"2026-01-07T12:17:11","slug":"maalla-asuvien-perheiden-aani-hukkuu-susikeskustelussa","status":"publish","type":"post","link":"https:\/\/www.europesays.com\/fi\/135836\/","title":{"rendered":"Maalla asuvien perheiden \u00e4\u00e4ni hukkuu susikeskustelussa"},"content":{"rendered":"<p>On ristiriitaista, ett\u00e4 samalla kun kun kaupungeissa edistet\u00e4\u00e4n koirapuistoja ja turvallisia ulkoilualueita, maaseudulla perheiden odotetaan sopeutuvan petoel\u00e4inten l\u00e4sn\u00e4oloon omin voimin.<\/p>\n<p>6.1. 15:04<\/p>\n<p class=\"article-body mb-nof-24 px-nof-16\">Susikeskustelu k\u00e4yd\u00e4\u00e4n Suomessa useimmiten kaupungeissa ja kaupunkilaisista l\u00e4ht\u00f6kohdista. Harvemmin oikeasti halutaan kuulla tai ymm\u00e4rt\u00e4\u00e4 meit\u00e4, jotka el\u00e4mme ja kasvatamme lapsiamme maaseudulla, siell\u00e4 miss\u00e4 susilaumat eiv\u00e4t ole vain abstrakti ajatus vaan ihan todellisuutta.<\/p>\n<p class=\"article-body mb-nof-24 px-nof-16\">Lapsille voidaan opettaa turvallisuuss\u00e4\u00e4nt\u00f6j\u00e4 sis\u00e4leikkipuistoihin ja liikenteeseen, mutta luonnossa ne eiv\u00e4t p\u00e4de. Suden kohtaamiseen ei ole olemassa selkeit\u00e4 k\u00e4ytt\u00e4ytymiss\u00e4\u00e4nt\u00f6j\u00e4, joita voisi opettaa ykk\u00f6sluokkalaiselle. Silti moni maalla asuva perhe el\u00e4\u00e4 tilanteessa, jossa lapset eiv\u00e4t voi ulkoilla vapaasti omalla pihallaan tai rakentaa majoja mets\u00e4n reunalle, koska susilaumoja saattaa liikkua talon ymp\u00e4rill\u00e4.<\/p>\n<p class=\"article-body mb-nof-24 px-nof-16\">Maaseutu on monelle mielikuvissa idyllinen paikka, jossa lapset oppivat liikkumaan luonnossa ja tuntemaan juurensa. Idylli murenee, kun turvallisuuden tunne katoaa. Perheit\u00e4 asuu muuallakin kuin kaupungeissa, mutta se tuntuu unohtuvan p\u00e4\u00e4t\u00f6ksenteossa. Maalla asumista ei ymm\u00e4rret\u00e4 en\u00e4\u00e4 tarpeeksi, eik\u00e4 siksi sen erityispiirteit\u00e4 tunnisteta.<\/p>\n<p class=\"article-body mb-nof-24 px-nof-16\">Samaan aikaan maaseudun perheet ja maatalousyritt\u00e4j\u00e4t joutuvat itse kantamaan vastuun turvallisuudesta: suojaamaan kotiel\u00e4imi\u00e4, kuljettamaan lapsia ja el\u00e4m\u00e4\u00e4n jatkuvassa varautumisen tilassa. T\u00e4m\u00e4 vie rahaa, aikaa ja jaksamista. Susien torjunta on sy\u00f6nyt jo nyt maatalousyritt\u00e4jien taloutta ja kirist\u00e4nyt entisest\u00e4\u00e4n hupenevia voimavaroja.<\/p>\n<p class=\"article-body mb-nof-24 px-nof-16\">On ristiriitaista, ett\u00e4 samalla kun kaupungeissa edistet\u00e4\u00e4n koirapuistoja ja turvallisia ulkoilualueita, maaseudulla perheiden odotetaan sopeutuvan petoel\u00e4inten l\u00e4sn\u00e4oloon omin voimin. Keskustelu on k\u00e4rjistynyt, ja valitettavasti sit\u00e4 ruokitaan turhalla vastakkainasettelulla: suden oikeudet vastaan mets\u00e4st\u00e4jien \u201dkiva harrastus\u201d. Todellisuudessa kyse ei ole harrastuksista vaan perheiden arjen turvallisuudesta ja oikeudesta el\u00e4\u00e4 maalla ilman jatkuvaa pelkoa.<\/p>\n<p class=\"article-body mb-nof-24 px-nof-16\">Moni fiksu yritt\u00e4\u00e4 pysy\u00e4 sivussa t\u00e4st\u00e4 ylivirittyneest\u00e4 keskustelusta. Kyse ei ole susien h\u00e4vitt\u00e4misest\u00e4: kukaan ei halua suden kuolemista sukupuuttoon. On riidanhaluista v\u00e4itt\u00e4\u00e4, ett\u00e4 nykyisill\u00e4 p\u00e4\u00e4t\u00f6ksill\u00e4 haluttaisiin ajaa susikanta alas. P\u00e4invastoin, politiikassa voidaan ja pit\u00e4\u00e4 tehd\u00e4 uusia ratkaisuja, jos kanta uhkaa laskea liikaa.<\/p>\n<p class=\"article-body mb-nof-24 px-nof-16\">Kyse on tasapainosta. Perheill\u00e4 on my\u00f6s oikeus el\u00e4\u00e4 maalla turvallisesti ja nauttia luonnosta ilman jatkuvaa huolta. Kerrankin p\u00e4\u00e4t\u00f6ksenteko on ollut oikea-aikaista, kiitos!<\/p>\n<p class=\"article-body mb-nof-24 px-nof-16\">Susi\u00e4iti kolmelle<\/p>\n<p class=\"article-body mb-nof-24 px-nof-16\">Julkaisemme kirjoituksen poikkeuksellisesti nimimerkill\u00e4.<\/p>\n<blockquote class=\"p-[var(--citation-padding)] m-[var(--citation-margin)] border-y-[length:var(--citation-border-width)] border-y-[color:var(--citation-border-color)]\">\n<p>Keskustelu on k\u00e4rjistynyt, ja valitettavasti sit\u00e4 ruokitaan turhalla vastakkainasettelulla.<\/p>\n<\/blockquote>\n","protected":false},"excerpt":{"rendered":"On ristiriitaista, ett\u00e4 samalla kun kun kaupungeissa edistet\u00e4\u00e4n koirapuistoja ja turvallisia ulkoilualueita, maaseudulla perheiden odotetaan sopeutuvan petoel\u00e4inten l\u00e4sn\u00e4oloon&hellip;\n","protected":false},"author":2,"featured_media":135837,"comment_status":"","ping_status":"","sticky":false,"template":"","format":"standard","meta":{"footnotes":""},"categories":[112],"tags":[33,31,30,80,118,32,119],"class_list":{"0":"post-135836","1":"post","2":"type-post","3":"status-publish","4":"format-standard","5":"has-post-thumbnail","7":"category-tiede","8":"tag-fi","9":"tag-finland","10":"tag-finnish","11":"tag-satakunnan-kansa","12":"tag-science","13":"tag-suomi","14":"tag-tiede"},"share_on_mastodon":{"url":"https:\/\/pubeurope.com\/@fi\/115853776784864297","error":""},"_links":{"self":[{"href":"https:\/\/www.europesays.com\/fi\/wp-json\/wp\/v2\/posts\/135836","targetHints":{"allow":["GET"]}}],"collection":[{"href":"https:\/\/www.europesays.com\/fi\/wp-json\/wp\/v2\/posts"}],"about":[{"href":"https:\/\/www.europesays.com\/fi\/wp-json\/wp\/v2\/types\/post"}],"author":[{"embeddable":true,"href":"https:\/\/www.europesays.com\/fi\/wp-json\/wp\/v2\/users\/2"}],"replies":[{"embeddable":true,"href":"https:\/\/www.europesays.com\/fi\/wp-json\/wp\/v2\/comments?post=135836"}],"version-history":[{"count":0,"href":"https:\/\/www.europesays.com\/fi\/wp-json\/wp\/v2\/posts\/135836\/revisions"}],"wp:featuredmedia":[{"embeddable":true,"href":"https:\/\/www.europesays.com\/fi\/wp-json\/wp\/v2\/media\/135837"}],"wp:attachment":[{"href":"https:\/\/www.europesays.com\/fi\/wp-json\/wp\/v2\/media?parent=135836"}],"wp:term":[{"taxonomy":"category","embeddable":true,"href":"https:\/\/www.europesays.com\/fi\/wp-json\/wp\/v2\/categories?post=135836"},{"taxonomy":"post_tag","embeddable":true,"href":"https:\/\/www.europesays.com\/fi\/wp-json\/wp\/v2\/tags?post=135836"}],"curies":[{"name":"wp","href":"https:\/\/api.w.org\/{rel}","templated":true}]}}