{"id":135839,"date":"2026-01-07T12:20:09","date_gmt":"2026-01-07T12:20:09","guid":{"rendered":"https:\/\/www.europesays.com\/fi\/135839\/"},"modified":"2026-01-07T12:20:09","modified_gmt":"2026-01-07T12:20:09","slug":"tulisilla-hiililla-kavely-aiheutti-palovammoja-amazing-racen-kilpailijoille","status":"publish","type":"post","link":"https:\/\/www.europesays.com\/fi\/135839\/","title":{"rendered":"Tulisilla hiilill\u00e4 k\u00e4vely aiheutti palovammoja Amazing Racen kilpailijoille"},"content":{"rendered":"<p>Televisio|\u201dJalat ovat edelleen tosi huonossa kunnossa\u201d, Amazing Race -ohjelmaan osallistunut Sara Sieppi kertoo Amazing-podcastissa.<\/p>\n<p class=\"article-body mb-nof-24 px-nof-16\">Kuluvan kauden Amazing Race Suomi -ohjelmaa ovat s\u00e4vytt\u00e4neet kilpailijoiden erilaiset terveysongelmat, l\u00e4hinn\u00e4 vatsavaivat. Sarjan seitsem\u00e4nness\u00e4 jaksossa kilpailijat saavat teht\u00e4v\u00e4n, josta jotkut saavat vakaviakin vammoja.<\/p>\n<p class=\"article-body mb-nof-24 px-nof-16\">Etapin toiseksi viimeisen\u00e4 teht\u00e4v\u00e4n\u00e4\u00e4n kilpailijat joutuvat nimitt\u00e4in k\u00e4velem\u00e4\u00e4n usean metrin matkan tulisilla hiilill\u00e4. Sisarukset <a class=\"font-bold underline-offset-[0.12em] [text-decoration:var(--person-link-text-decoration)] ![text-decoration-color:var(--person-link-text-decoration-color)]\" href=\"https:\/\/www.hs.fi\/haku\/?query=Sara\" rel=\"nofollow noopener\" target=\"_blank\">Sara <\/a>ja <a class=\"font-bold underline-offset-[0.12em] [text-decoration:var(--person-link-text-decoration)] ![text-decoration-color:var(--person-link-text-decoration-color)]\" href=\"https:\/\/www.hs.fi\/haku\/?query=Artturi%20Sieppi\" rel=\"nofollow noopener\" target=\"_blank\">Artturi Sieppi<\/a> polttavat jalkapohjansa niin pahasti, ett\u00e4 joutuvat sairaalahoitoon.<\/p>\n","protected":false},"excerpt":{"rendered":"Televisio|\u201dJalat ovat edelleen tosi huonossa kunnossa\u201d, Amazing Race -ohjelmaan osallistunut Sara Sieppi kertoo Amazing-podcastissa. Kuluvan kauden Amazing Race&hellip;\n","protected":false},"author":2,"featured_media":135840,"comment_status":"","ping_status":"","sticky":false,"template":"","format":"standard","meta":{"footnotes":""},"categories":[14],"tags":[22,23,26,27,33,31,30,17,46,24,25,28,29,15,18,21,32,19,20,56,16,59,60,61],"class_list":{"0":"post-135839","1":"post","2":"type-post","3":"status-publish","4":"format-standard","5":"has-post-thumbnail","7":"category-ulkomaat","8":"tag-breaking-news","9":"tag-breakingnews","10":"tag-featured-news","11":"tag-featurednews","12":"tag-fi","13":"tag-finland","14":"tag-finnish","15":"tag-headlines","16":"tag-helsingin-sanomat","17":"tag-latest-news","18":"tag-latestnews","19":"tag-main-news","20":"tag-mainnews","21":"tag-news","22":"tag-otsikot","23":"tag-paauutiset","24":"tag-suomi","25":"tag-top-stories","26":"tag-topstories","27":"tag-ulkomaat","28":"tag-uutiset","29":"tag-world","30":"tag-world-news","31":"tag-worldnews"},"share_on_mastodon":{"url":"https:\/\/pubeurope.com\/@fi\/115853788732739457","error":""},"_links":{"self":[{"href":"https:\/\/www.europesays.com\/fi\/wp-json\/wp\/v2\/posts\/135839","targetHints":{"allow":["GET"]}}],"collection":[{"href":"https:\/\/www.europesays.com\/fi\/wp-json\/wp\/v2\/posts"}],"about":[{"href":"https:\/\/www.europesays.com\/fi\/wp-json\/wp\/v2\/types\/post"}],"author":[{"embeddable":true,"href":"https:\/\/www.europesays.com\/fi\/wp-json\/wp\/v2\/users\/2"}],"replies":[{"embeddable":true,"href":"https:\/\/www.europesays.com\/fi\/wp-json\/wp\/v2\/comments?post=135839"}],"version-history":[{"count":0,"href":"https:\/\/www.europesays.com\/fi\/wp-json\/wp\/v2\/posts\/135839\/revisions"}],"wp:featuredmedia":[{"embeddable":true,"href":"https:\/\/www.europesays.com\/fi\/wp-json\/wp\/v2\/media\/135840"}],"wp:attachment":[{"href":"https:\/\/www.europesays.com\/fi\/wp-json\/wp\/v2\/media?parent=135839"}],"wp:term":[{"taxonomy":"category","embeddable":true,"href":"https:\/\/www.europesays.com\/fi\/wp-json\/wp\/v2\/categories?post=135839"},{"taxonomy":"post_tag","embeddable":true,"href":"https:\/\/www.europesays.com\/fi\/wp-json\/wp\/v2\/tags?post=135839"}],"curies":[{"name":"wp","href":"https:\/\/api.w.org\/{rel}","templated":true}]}}