{"id":135842,"date":"2026-01-07T12:22:07","date_gmt":"2026-01-07T12:22:07","guid":{"rendered":"https:\/\/www.europesays.com\/fi\/135842\/"},"modified":"2026-01-07T12:22:07","modified_gmt":"2026-01-07T12:22:07","slug":"kevaan-2026-ensimmainen-yhteishaku-nyt-kaynnissa","status":"publish","type":"post","link":"https:\/\/www.europesays.com\/fi\/135842\/","title":{"rendered":"Kev\u00e4\u00e4n 2026 ensimm\u00e4inen yhteishaku nyt k\u00e4ynniss\u00e4"},"content":{"rendered":"<p>Kev\u00e4\u00e4n 2026 ensimm\u00e4inen korkeakoulujen yhteishaku k\u00e4ynnistyi 7. tammikuuta ja p\u00e4\u00e4ttyy 21. tammikuuta klo 15.00.\u202f\u202f\u202f\u202f\u00a0<\/p>\n<p>Science and Engineering on poikkitieteellinen tutkinto-ohjelma, joka yhdist\u00e4\u00e4 tekniikan ja luonnontieteet kansainv\u00e4lisess\u00e4 opiskelijaymp\u00e4rist\u00f6ss\u00e4. Ohjelma koostuu kahdesta opintosuunnasta:\u202f<a href=\"https:\/\/www.tuni.fi\/en\/study-with-us\/computing-and-electrical-engineering-science-and-engineering\" target=\"_blank\" rel=\"noreferrer noopener nofollow\">Computing and Electrical Engineering<\/a>\u202fsek\u00e4\u202f<a href=\"https:\/\/www.tuni.fi\/en\/study-with-us\/natural-sciences-and-mathematics-science-and-engineering\" target=\"_blank\" rel=\"noreferrer noopener nofollow\">Natural Sciences and Mathematics<\/a>.\u202f\u202f\u00a0<\/p>\n<p>Kest\u00e4v\u00e4n kaupunkikehityksen tutkinto-ohjelma Sustainable Urban Development on monitieteinen, kolmen tiedekunnan yhteinen ohjelma. Ohjelma muodostaa yhten\u00e4isen kokonaisuuden, mutta se koostuu kolmesta opintosuunnasta, jotka ovat\u202f<a href=\"https:\/\/www.tuni.fi\/en\/study-with-us\/administrative-sciences-sustainable-urban-development\" target=\"_blank\" rel=\"noreferrer noopener nofollow\">Administrative Sciences<\/a>,\u202f<a href=\"https:\/\/www.tuni.fi\/en\/study-with-us\/technology-sustainable-urban-development\" target=\"_blank\" rel=\"noreferrer noopener nofollow\">Technology<\/a>\u202fja\u202f<a href=\"https:\/\/www.tuni.fi\/en\/study-with-us\/social-sciences-sustainable-urban-development\" target=\"_blank\" rel=\"noreferrer noopener nofollow\">Social Sciences<\/a>.\u202f\u202f\u202f\u00a0<\/p>\n<p><a href=\"https:\/\/www.tuni.fi\/en\/study-with-us\/socially-sustainable-societies\" target=\"_blank\" rel=\"noreferrer noopener nofollow\">Socially Sustainable Societies on tutkinto-ohjelma<\/a>, jossa yhdistyv\u00e4t yhteiskuntatutkimus ja terveystieteet. Ohjelma tuo pohjoismaisen n\u00e4k\u00f6kulman sosiaaliseen kest\u00e4vyyteen, hyvinvointivaltioihin ja sektorien v\u00e4liseen toimintaan.<\/p>\n<p class=\"Paragraph SCXW181981496 BCX8\">Hakukohteisiin haetaan\u202f<a href=\"https:\/\/opintopolku.fi\/konfo\/fi\/\" target=\"_blank\" rel=\"noreferrer noopener nofollow\">Opintopolku.fi-palvelussa<\/a>. Opinnot alkavat elokuussa 2026.\u202f\u00a0<\/p>\n<p>Lis\u00e4tietoa:\u202f\u00a0<\/p>\n<p class=\"Paragraph SCXW14465219 BCX8\"><a class=\"animated-url-link\" href=\"https:\/\/www.tuni.fi\/fi\/tule-opiskelemaan\/hae-yliopistoon?navref=main\" target=\"_blank\" rel=\"noreferrer noopener nofollow\">Hae Tampereen yliopistoon<\/a><\/p>\n<p>Yhteystiedot:\u202f\u00a0<\/p>\n<p>Tampereen yliopisto\u00a0<br \/>Hakijapalvelut\u00a0<br \/>hakijapalvelut.tau [at] tuni.fi\u00a0<br \/>Puh. 0294 520 400 (ma, ke ja to klo 12.00\u201314.00)\u00a0<\/p>\n","protected":false},"excerpt":{"rendered":"Kev\u00e4\u00e4n 2026 ensimm\u00e4inen korkeakoulujen yhteishaku k\u00e4ynnistyi 7. tammikuuta ja p\u00e4\u00e4ttyy 21. tammikuuta klo 15.00.\u202f\u202f\u202f\u202f\u00a0 Science and Engineering on&hellip;\n","protected":false},"author":2,"featured_media":135843,"comment_status":"","ping_status":"","sticky":false,"template":"","format":"standard","meta":{"footnotes":""},"categories":[5],"tags":[22,23,26,27,33,31,30,17,24,25,28,29,15,18,21,32,19,20,16],"class_list":{"0":"post-135842","1":"post","2":"type-post","3":"status-publish","4":"format-standard","5":"has-post-thumbnail","7":"category-otsikot","8":"tag-breaking-news","9":"tag-breakingnews","10":"tag-featured-news","11":"tag-featurednews","12":"tag-fi","13":"tag-finland","14":"tag-finnish","15":"tag-headlines","16":"tag-latest-news","17":"tag-latestnews","18":"tag-main-news","19":"tag-mainnews","20":"tag-news","21":"tag-otsikot","22":"tag-paauutiset","23":"tag-suomi","24":"tag-top-stories","25":"tag-topstories","26":"tag-uutiset"},"share_on_mastodon":{"url":"https:\/\/pubeurope.com\/@fi\/115853796496340325","error":""},"_links":{"self":[{"href":"https:\/\/www.europesays.com\/fi\/wp-json\/wp\/v2\/posts\/135842","targetHints":{"allow":["GET"]}}],"collection":[{"href":"https:\/\/www.europesays.com\/fi\/wp-json\/wp\/v2\/posts"}],"about":[{"href":"https:\/\/www.europesays.com\/fi\/wp-json\/wp\/v2\/types\/post"}],"author":[{"embeddable":true,"href":"https:\/\/www.europesays.com\/fi\/wp-json\/wp\/v2\/users\/2"}],"replies":[{"embeddable":true,"href":"https:\/\/www.europesays.com\/fi\/wp-json\/wp\/v2\/comments?post=135842"}],"version-history":[{"count":0,"href":"https:\/\/www.europesays.com\/fi\/wp-json\/wp\/v2\/posts\/135842\/revisions"}],"wp:featuredmedia":[{"embeddable":true,"href":"https:\/\/www.europesays.com\/fi\/wp-json\/wp\/v2\/media\/135843"}],"wp:attachment":[{"href":"https:\/\/www.europesays.com\/fi\/wp-json\/wp\/v2\/media?parent=135842"}],"wp:term":[{"taxonomy":"category","embeddable":true,"href":"https:\/\/www.europesays.com\/fi\/wp-json\/wp\/v2\/categories?post=135842"},{"taxonomy":"post_tag","embeddable":true,"href":"https:\/\/www.europesays.com\/fi\/wp-json\/wp\/v2\/tags?post=135842"}],"curies":[{"name":"wp","href":"https:\/\/api.w.org\/{rel}","templated":true}]}}