{"id":135856,"date":"2026-01-07T12:46:06","date_gmt":"2026-01-07T12:46:06","guid":{"rendered":"https:\/\/www.europesays.com\/fi\/135856\/"},"modified":"2026-01-07T12:46:06","modified_gmt":"2026-01-07T12:46:06","slug":"stubb-muistutti-etta-kansainvalisia-saantoja-on-rikottu-ennenkin-tutkija-ihmettelee-puhetapaa","status":"publish","type":"post","link":"https:\/\/www.europesays.com\/fi\/135856\/","title":{"rendered":"Stubb muistutti, ett\u00e4 kansainv\u00e4lisi\u00e4 s\u00e4\u00e4nt\u00f6j\u00e4 on rikottu ennenkin \u2013 Tutkija ihmettelee puhetapaa"},"content":{"rendered":"<p>Venezuela|Kansainv\u00e4lisen politiikan asiantuntija Hanna Ojanen n\u00e4kee presidentti Stubbin puheen kansainv\u00e4listen s\u00e4\u00e4nt\u00f6jen rikkomisesta strategisena viestint\u00e4n\u00e4.<\/p>\n<p>Lue tiivistelm\u00e4<\/p>\n<p class=\"article-body mb-nof-24 px-nof-16 sndp-summary-bullet-point-font\">Presidentti Alexander Stubb sanoi Pariisissa, ett\u00e4 kansainv\u00e4lisi\u00e4 s\u00e4\u00e4nt\u00f6j\u00e4 on rikottu aiemminkin, mutta nyt niit\u00e4 kyseenalaistetaan tavalla, joka vie uskoa koko j\u00e4rjestelm\u00e4n merkitykseen.<\/p>\n<p class=\"article-body mb-nof-24 px-nof-16 sndp-summary-bullet-point-font\">Kansainv\u00e4lisen politiikan tutkija Hanna Ojanen ihmettelee, miksi Stubb nostaa esiin menneit\u00e4 rikkomuksia, ja tulkitsee puhetapaa strategisena viestint\u00e4n\u00e4.<\/p>\n<p class=\"article-body mb-nof-24 px-nof-16 sndp-summary-bullet-point-font\">Ojanen toivoisi suorempaa puhetta siit\u00e4, ett\u00e4 Yhdysvaltojen toiminta on muuttunut radikaalisti ja horjuttaa kansainv\u00e4list\u00e4 j\u00e4rjestelm\u00e4\u00e4.<\/p>\n<p class=\"article-body mb-nof-24 px-nof-16\">Tasavallan presidentti<a class=\"font-bold underline-offset-[0.12em] [text-decoration:var(--person-link-text-decoration)] ![text-decoration-color:var(--person-link-text-decoration-color)]\" href=\"https:\/\/www.hs.fi\/haku\/?query=%20Alexander%20Stubb\" rel=\"nofollow noopener\" target=\"_blank\"> Alexander Stubb <\/a>pit\u00e4\u00e4 naiivina ajatusta siit\u00e4, ett\u00e4 kansainv\u00e4linen j\u00e4rjestelm\u00e4 olisi t\u00e4h\u00e4n saakka ollut t\u00e4ydellinen ja nyt se olisi tuhoutunut.<\/p>\n<p class=\"article-body mb-nof-24 px-nof-16\">Stubb puhui toimittajille tiistai-iltana Pariisissa ja piti pitk\u00e4hk\u00f6n alustuksen muun muassa kansainv\u00e4lisen s\u00e4\u00e4nt\u00f6pohjaisen j\u00e4rjestelm\u00e4n tilasta.<\/p>\n<p class=\"article-body mb-nof-24 px-nof-16\">\u201dOlisi naiivia v\u00e4itt\u00e4\u00e4, ett\u00e4 ennen meill\u00e4 on ollut t\u00e4ydellinen kansainv\u00e4linen j\u00e4rjestelm\u00e4, jossa kaikkia s\u00e4\u00e4nt\u00f6j\u00e4 olisi noudatettu ja nyt se j\u00e4rjestelm\u00e4 on tuhoutunut\u201d, Stubb sanoi.<\/p>\n<p class=\"article-body mb-nof-24 px-nof-16\">\u201dKansainv\u00e4list\u00e4 oikeutta ja instituutioita on aiemminkin kyseenalaistettu ja kansainv\u00e4lisi\u00e4 s\u00e4\u00e4nt\u00f6j\u00e4 on ennenkin rikottu, haastettu ja venytetty. T\u00e4n\u00e4 p\u00e4iv\u00e4n\u00e4 ehk\u00e4 enemm\u00e4n kuin pitk\u00e4\u00e4n aikaan.\u201d<\/p>\n<p class=\"article-body mb-nof-24 px-nof-16\">Stubb sanoi kuitenkin samalla, ett\u00e4 nyt ollaan murroksessa, jossa kansainv\u00e4lisi\u00e4 s\u00e4\u00e4nt\u00f6j\u00e4 kyseenalaistetaan tavalla, joka vie uskoa koko kansainv\u00e4lisen j\u00e4rjestelm\u00e4n merkitykseen.<\/p>\n<p class=\"article-body mb-nof-24 px-nof-16\">Keskustelu kansainv\u00e4lisen s\u00e4\u00e4nt\u00f6pohjaisen j\u00e4rjestelm\u00e4n romuttumisesta on kiihtynyt Yhdysvaltojen isketty\u00e4 Venezuelaan ja kun se on j\u00e4lleen uhitellut Tanskalle kuuluvan Gr\u00f6nlannin valtaamisella.<\/p>\n<p class=\"article-body mb-nof-24 px-nof-16\">Suomessa <a class=\"underline underline-offset-[0.12em] [text-decoration-thickness:var(--generic-link-underline-thickness)] [text-decoration-color:var(--generic-link-underline-color)] [text-decoration-skip-ink:var(--generic-link-underline-skip-ink)] break-words\" href=\"https:\/\/www.is.fi\/politiikka\/art-2000011728660.html\" rel=\"nofollow noopener\" target=\"_blank\">oppositio on per\u00e4\u00e4nkuuluttanut<\/a> ulkopoliittiselta johdolta sit\u00e4, ett\u00e4 Yhdysvaltojen isku Venezuelaan olisi tuomittu selvemmin kansainv\u00e4lisen oikeuden vastaisena. Stubb puhui tiistaina ensimm\u00e4ist\u00e4 kertaa toimittajille iskun j\u00e4lkeen.<\/p>\n<p class=\"article-body mb-nof-24 px-nof-16\">Kansainv\u00e4lisen politiikan yliopistotutkija <a class=\"font-bold underline-offset-[0.12em] [text-decoration:var(--person-link-text-decoration)] ![text-decoration-color:var(--person-link-text-decoration-color)]\" href=\"https:\/\/www.hs.fi\/haku\/?query=Hanna%20Ojanen\" rel=\"nofollow noopener\" target=\"_blank\">Hanna Ojanen <\/a>ihmettelee, miksi Stubb valitsee nostaa esiin kansainv\u00e4listen s\u00e4\u00e4nt\u00f6jen menneet rikkomukset. H\u00e4n toteaa, ettei kukaan varmasti ole v\u00e4itt\u00e4nytk\u00e4\u00e4n j\u00e4rjestelm\u00e4n toimineen moitteettomasti.<\/p>\n<p class=\"article-body mb-nof-24 px-nof-16\">H\u00e4n tulkitsee Stubbin puhetta er\u00e4\u00e4nlaisena strategisena viestint\u00e4n\u00e4. On mahdollista, ett\u00e4 poliitikoilla on halu l\u00f6yt\u00e4\u00e4 t\u00e4m\u00e4n hetken vakavaan kansainv\u00e4liseen tilanteeseen lievent\u00e4vi\u00e4 asianhaaroja, Ojanen sanoo.<\/p>\n<p><img decoding=\"async\" src=\"https:\/\/www.europesays.com\/fi\/wp-content\/uploads\/2026\/01\/1767789966_837_320.jpg\" alt=\"Kansainv\u00e4lisen politiikan yliopistotutkija Hanna Ojanen toivoisi poliitikoilta suorempaa puhetta.\" class=\"_Img_1rerz_1\" style=\"aspect-ratio:1\" loading=\"eager\"\/><\/p>\n<p class=\"article-picture-caption\">Kansainv\u00e4lisen politiikan yliopistotutkija Hanna Ojanen toivoisi poliitikoilta suorempaa puhetta. Kuva:\u00a0Lassi Rinne<\/p>\n<p class=\"article-body mb-nof-24 px-nof-16\">H\u00e4n n\u00e4kee, ett\u00e4 Stubbin puhetavassa voivan olla kyse voi my\u00f6s kansalaisten valmistelemisesta tulevaan, kuten h\u00e4n on tehnyt my\u00f6s Ukrainan rauhan kohdalla. Stubb on korostanut, ett\u00e4 rauhasta ei todenn\u00e4k\u00f6isesti tule sellaista, joka olisi Euroopalle t\u00e4ydellinen.<\/p>\n<p class=\"article-body mb-nof-24 px-nof-16\">\u201dHaluaako h\u00e4n nyt jotenkin valmistella siihen, ett\u00e4 ei kannata hirve\u00e4sti edes toivoa mit\u00e4\u00e4n t\u00e4lt\u00e4 j\u00e4rjestelm\u00e4lt\u00e4? Vai haluaako h\u00e4n kuitenkin sanoa niin, ett\u00e4 uskotaan edelleen j\u00e4rjestelm\u00e4\u00e4n, kun se kuitenkin edelleen on olemassa, vaikkei se t\u00e4ydellinen ole koskaan ollut?\u201d<\/p>\n<p class=\"article-body mb-nof-24 px-nof-16\">Ojasesta keskustelussa olisi kuitenkin nyt olennaista sanoa suoraan, ett\u00e4 Yhdysvaltojen toiminta on muuttunut radikaalisti ja se horjuttaa kansainv\u00e4list\u00e4 j\u00e4rjestelm\u00e4\u00e4.<\/p>\n<p class=\"article-body mb-nof-24 px-nof-16\">\u201dYhdysvallat ei n\u00e4yt\u00e4 ollenkaan hakevan en\u00e4\u00e4 mit\u00e4\u00e4n yhteisty\u00f6t\u00e4\u201d, Ojanen toteaa.<\/p>\n<p class=\"article-body mb-nof-24 px-nof-16\">H\u00e4n viittaa Venezuelan-iskun lis\u00e4ksi esimerkiksi \u00e4\u00e4nestyksiin YK:ss\u00e4.<\/p>\n<p class=\"article-body mb-nof-24 px-nof-16\">Stubb ei tuominnut tiistainakaan iskua Venezuelaan suorasanaisesti laittomana, vaikka ajatus t\u00e4st\u00e4 oli h\u00e4nen puheessaan selke\u00e4n\u00e4 rivien v\u00e4liss\u00e4.<\/p>\n<p class=\"article-body mb-nof-24 px-nof-16\">Stubb sanoi, ettei Venezuelan entisen johtajan <a class=\"font-bold underline-offset-[0.12em] [text-decoration:var(--person-link-text-decoration)] ![text-decoration-color:var(--person-link-text-decoration-color)]\" href=\"https:\/\/www.hs.fi\/haku\/?query=Nicol%C3%A1s%20Maduron\" rel=\"nofollow noopener\" target=\"_blank\">Nicol\u00e1s Maduron<\/a> hallintoa j\u00e4\u00e4d\u00e4 kaipaamaan mutta my\u00f6s, ett\u00e4 piittaamattomuus kansainv\u00e4lisest\u00e4 oikeudesta yht\u00e4\u00e4ll\u00e4 johtaa piittaamattomuuteen my\u00f6s toisaalla. Stubb vaati paluuta noudattamaan yhteisi\u00e4 s\u00e4\u00e4nt\u00f6j\u00e4.<\/p>\n<p class=\"article-body mb-nof-24 px-nof-16\">Ojanen toivoisi poliitikoilta suorempaa puhetta, mutta ymm\u00e4rt\u00e4\u00e4, ett\u00e4 se on Yhdysvaltojen liittolaisille vaikeaa.<\/p>\n<p class=\"article-body mb-nof-24 px-nof-16\">H\u00e4n toivoo, ett\u00e4 keskustelussa pohdittaisiin enemm\u00e4n ratkaisuja ja saataisiin kuulla enemm\u00e4n siit\u00e4, miten Yhdysvaltain politiikkaan voisi vaikuttaa.<\/p>\n","protected":false},"excerpt":{"rendered":"Venezuela|Kansainv\u00e4lisen politiikan asiantuntija Hanna Ojanen n\u00e4kee presidentti Stubbin puheen kansainv\u00e4listen s\u00e4\u00e4nt\u00f6jen rikkomisesta strategisena viestint\u00e4n\u00e4. Lue tiivistelm\u00e4 Presidentti Alexander&hellip;\n","protected":false},"author":2,"featured_media":135857,"comment_status":"","ping_status":"","sticky":false,"template":"","format":"standard","meta":{"footnotes":""},"categories":[14],"tags":[22,23,26,27,33,31,30,17,46,24,25,28,29,15,18,21,32,19,20,56,16,59,60,61],"class_list":{"0":"post-135856","1":"post","2":"type-post","3":"status-publish","4":"format-standard","5":"has-post-thumbnail","7":"category-ulkomaat","8":"tag-breaking-news","9":"tag-breakingnews","10":"tag-featured-news","11":"tag-featurednews","12":"tag-fi","13":"tag-finland","14":"tag-finnish","15":"tag-headlines","16":"tag-helsingin-sanomat","17":"tag-latest-news","18":"tag-latestnews","19":"tag-main-news","20":"tag-mainnews","21":"tag-news","22":"tag-otsikot","23":"tag-paauutiset","24":"tag-suomi","25":"tag-top-stories","26":"tag-topstories","27":"tag-ulkomaat","28":"tag-uutiset","29":"tag-world","30":"tag-world-news","31":"tag-worldnews"},"share_on_mastodon":{"url":"https:\/\/pubeurope.com\/@fi\/115853890944803842","error":""},"_links":{"self":[{"href":"https:\/\/www.europesays.com\/fi\/wp-json\/wp\/v2\/posts\/135856","targetHints":{"allow":["GET"]}}],"collection":[{"href":"https:\/\/www.europesays.com\/fi\/wp-json\/wp\/v2\/posts"}],"about":[{"href":"https:\/\/www.europesays.com\/fi\/wp-json\/wp\/v2\/types\/post"}],"author":[{"embeddable":true,"href":"https:\/\/www.europesays.com\/fi\/wp-json\/wp\/v2\/users\/2"}],"replies":[{"embeddable":true,"href":"https:\/\/www.europesays.com\/fi\/wp-json\/wp\/v2\/comments?post=135856"}],"version-history":[{"count":0,"href":"https:\/\/www.europesays.com\/fi\/wp-json\/wp\/v2\/posts\/135856\/revisions"}],"wp:featuredmedia":[{"embeddable":true,"href":"https:\/\/www.europesays.com\/fi\/wp-json\/wp\/v2\/media\/135857"}],"wp:attachment":[{"href":"https:\/\/www.europesays.com\/fi\/wp-json\/wp\/v2\/media?parent=135856"}],"wp:term":[{"taxonomy":"category","embeddable":true,"href":"https:\/\/www.europesays.com\/fi\/wp-json\/wp\/v2\/categories?post=135856"},{"taxonomy":"post_tag","embeddable":true,"href":"https:\/\/www.europesays.com\/fi\/wp-json\/wp\/v2\/tags?post=135856"}],"curies":[{"name":"wp","href":"https:\/\/api.w.org\/{rel}","templated":true}]}}