{"id":135858,"date":"2026-01-07T12:47:09","date_gmt":"2026-01-07T12:47:09","guid":{"rendered":"https:\/\/www.europesays.com\/fi\/135858\/"},"modified":"2026-01-07T12:47:09","modified_gmt":"2026-01-07T12:47:09","slug":"laakarilehden-uudeksi-paatoimittajaksi-heidi-ekdahl-suomen-laakariliitto","status":"publish","type":"post","link":"https:\/\/www.europesays.com\/fi\/135858\/","title":{"rendered":"L\u00e4\u00e4k\u00e4rilehden uudeksi p\u00e4\u00e4toimittajaksi Heidi Ekdahl | Suomen L\u00e4\u00e4k\u00e4riliitto"},"content":{"rendered":"<p><strong><\/p>\n<p>L\u00e4\u00e4k\u00e4rilehden uudeksi vastaavaksi p\u00e4\u00e4toimittajaksi on valittu Kymen Sanomien vastaava p\u00e4\u00e4toimittaja <strong>Heidi Ekdahl<\/strong>. Ekdahl aloittaa L\u00e4\u00e4k\u00e4rilehdess\u00e4 kev\u00e4\u00e4n aikana nykyisen p\u00e4\u00e4toimittajan Pekka Nyk\u00e4sen siirtyess\u00e4 el\u00e4kkeelle.<\/p>\n<p><\/strong><\/p>\n<p>Heidi Ekdahlilla on yli kymmenen vuoden kokemus media-alan johtoteht\u00e4vist\u00e4, toimitusten johtoryhm\u00e4ty\u00f6skentelyst\u00e4 ja yhteiskunnallisen keskustelun ohjaamisesta. Ekdahl on koulutukseltaan yhteiskuntatieteiden maisteri ja h\u00e4nell\u00e4 on MBA-tutkinto Aalto EE:st\u00e4. Ennen Kymen Sanomia h\u00e4n johti STT:n Viestint\u00e4palveluja.<\/p>\n<p>Heidi Ekdahl on vastik\u00e4\u00e4n valittu journalistien ammattietiikkaa valvovan Julkisen Sanan Neuvoston j\u00e4seneksi.<\/p>\n<p>Ekdahl arvostaa l\u00e4\u00e4k\u00e4rikunnan ja L\u00e4\u00e4k\u00e4riliiton vahvaa arvopohjaa ja pit\u00e4\u00e4 t\u00e4rke\u00e4n\u00e4, ett\u00e4 sama linja n\u00e4kyy selke\u00e4sti my\u00f6s L\u00e4\u00e4k\u00e4rilehdess\u00e4. H\u00e4n korostaa tutkimuksen ja tieteen merkityst\u00e4 sek\u00e4 faktapohjaisen journalismin roolia terveyspolitiikkaa koskevassa keskustelussa.<\/p>\n<p>\u2013 L\u00e4\u00e4k\u00e4rilehti on ainutlaatuisessa asemassa yhdist\u00e4ess\u00e4\u00e4n tieteellisen tiedon, keskustelun terveyspolitiikasta ja n\u00e4k\u00f6kulmia l\u00e4\u00e4k\u00e4reiden arkity\u00f6h\u00f6n. Tutkimuksen, tieteen ja hyvien k\u00e4yt\u00e4nt\u00f6jen tulisi olla keskeisess\u00e4 roolissa yhteiskunnallisen p\u00e4\u00e4t\u00f6ksenteon ja terveydenhuollon kehitt\u00e4misess\u00e4, Ekdahl toteaa.<\/p>\n<p>L\u00e4\u00e4k\u00e4riliitto toivottaa Heidi Ekdahlille parhainta menestyst\u00e4 teht\u00e4v\u00e4ss\u00e4.<\/p>\n<p>L\u00e4\u00e4k\u00e4rilehti on Suomen L\u00e4\u00e4k\u00e4riliiton julkaisema l\u00e4\u00e4ketieteeseen, l\u00e4\u00e4k\u00e4rin kliiniseen ty\u00f6h\u00f6n ja terveyspolitiikkaan keskittyv\u00e4 julkaisu. Lehti ilmestyy 26\u00a0kertaa vuodessa perjantaisin ja se tavoittaa yli 90 % Suomessa asuvista l\u00e4\u00e4k\u00e4reist\u00e4. Lehti on perustettu vuonna 1922. Painosm\u00e4\u00e4r\u00e4 on 31 500. L\u00e4\u00e4k\u00e4riehteen kuuluvat lis\u00e4ksi verkkosivut\u00a0<a href=\"https:\/\/laakarilehti.fi\/\" rel=\"nofollow noopener\" target=\"_blank\">laakarilehti.fi<\/a>\u00a0ja suurelle yleis\u00f6lle suunnattu\u00a0<a href=\"https:\/\/potilaanlaakarilehti.fi\/\" rel=\"nofollow noopener\" target=\"_blank\">potilaanlaakarilehti.fi<\/a>.<\/p>\n","protected":false},"excerpt":{"rendered":"L\u00e4\u00e4k\u00e4rilehden uudeksi vastaavaksi p\u00e4\u00e4toimittajaksi on valittu Kymen Sanomien vastaava p\u00e4\u00e4toimittaja Heidi Ekdahl. Ekdahl aloittaa L\u00e4\u00e4k\u00e4rilehdess\u00e4 kev\u00e4\u00e4n aikana nykyisen&hellip;\n","protected":false},"author":2,"featured_media":135859,"comment_status":"","ping_status":"","sticky":false,"template":"","format":"standard","meta":{"footnotes":""},"categories":[12],"tags":[22,23,26,27,33,31,30,17,24,25,28,29,15,18,21,32,19,20,16],"class_list":{"0":"post-135858","1":"post","2":"type-post","3":"status-publish","4":"format-standard","5":"has-post-thumbnail","7":"category-suomi","8":"tag-breaking-news","9":"tag-breakingnews","10":"tag-featured-news","11":"tag-featurednews","12":"tag-fi","13":"tag-finland","14":"tag-finnish","15":"tag-headlines","16":"tag-latest-news","17":"tag-latestnews","18":"tag-main-news","19":"tag-mainnews","20":"tag-news","21":"tag-otsikot","22":"tag-paauutiset","23":"tag-suomi","24":"tag-top-stories","25":"tag-topstories","26":"tag-uutiset"},"share_on_mastodon":{"url":"https:\/\/pubeurope.com\/@fi\/115853894822680171","error":""},"_links":{"self":[{"href":"https:\/\/www.europesays.com\/fi\/wp-json\/wp\/v2\/posts\/135858","targetHints":{"allow":["GET"]}}],"collection":[{"href":"https:\/\/www.europesays.com\/fi\/wp-json\/wp\/v2\/posts"}],"about":[{"href":"https:\/\/www.europesays.com\/fi\/wp-json\/wp\/v2\/types\/post"}],"author":[{"embeddable":true,"href":"https:\/\/www.europesays.com\/fi\/wp-json\/wp\/v2\/users\/2"}],"replies":[{"embeddable":true,"href":"https:\/\/www.europesays.com\/fi\/wp-json\/wp\/v2\/comments?post=135858"}],"version-history":[{"count":0,"href":"https:\/\/www.europesays.com\/fi\/wp-json\/wp\/v2\/posts\/135858\/revisions"}],"wp:featuredmedia":[{"embeddable":true,"href":"https:\/\/www.europesays.com\/fi\/wp-json\/wp\/v2\/media\/135859"}],"wp:attachment":[{"href":"https:\/\/www.europesays.com\/fi\/wp-json\/wp\/v2\/media?parent=135858"}],"wp:term":[{"taxonomy":"category","embeddable":true,"href":"https:\/\/www.europesays.com\/fi\/wp-json\/wp\/v2\/categories?post=135858"},{"taxonomy":"post_tag","embeddable":true,"href":"https:\/\/www.europesays.com\/fi\/wp-json\/wp\/v2\/tags?post=135858"}],"curies":[{"name":"wp","href":"https:\/\/api.w.org\/{rel}","templated":true}]}}