{"id":135860,"date":"2026-01-07T12:48:07","date_gmt":"2026-01-07T12:48:07","guid":{"rendered":"https:\/\/www.europesays.com\/fi\/135860\/"},"modified":"2026-01-07T12:48:07","modified_gmt":"2026-01-07T12:48:07","slug":"posti-irtisanoo-tyontekijoita-ilta-sanomat","status":"publish","type":"post","link":"https:\/\/www.europesays.com\/fi\/135860\/","title":{"rendered":"Posti irtisanoo ty\u00f6ntekij\u00f6it\u00e4 &#8211; Ilta-Sanomat"},"content":{"rendered":"<p>Postin mukaan digitalisaatio on v\u00e4hent\u00e4nyt edelleen paperipostin m\u00e4\u00e4r\u00e4\u00e4.<\/p>\n<p class=\"article-body mb-nof-24 px-nof-16\">Yleinen markkinamurros postialalla jatkuu, mik\u00e4 johtaa Postin tiedotteen mukaan ty\u00f6voimav\u00e4hennyksiin. Postin mukaan alkuvuoden aikana katoaa enint\u00e4\u00e4n 172 ty\u00f6paikkaa.<\/p>\n<p class=\"article-body mb-nof-24 px-nof-16\">Posti suunnittelee alkuvuoden aikana Postipalvelut-liiketoiminnan perus- ja varhaisjakelu\u00adtuotannon organisaatio\u00adrakenteen uudistamista. Muutoksen arvioidaan johtavan enint\u00e4\u00e4n 22 vakituisen ty\u00f6ntekij\u00e4n v\u00e4hennykseen.<\/p>\n<p class=\"article-body mb-nof-24 px-nof-16\">Automaation ja teknologian hy\u00f6dynt\u00e4misen Helsingin postikeskuksen lajittelussa arvioidaan johtavan enint\u00e4\u00e4n 79 vakituisen henkil\u00f6n v\u00e4hennykseen.<\/p>\n<p class=\"article-body mb-nof-24 px-nof-16\">Palveluiden siirt\u00e4minen viidest\u00e4 Postin omasta myym\u00e4l\u00e4st\u00e4 kumppani\u00adverkostoon johtaa arviolta enint\u00e4\u00e4n 27 vakituisen henkil\u00f6n v\u00e4hennykseen. Muutos koskee Espoon Ison Omenan myym\u00e4l\u00e4\u00e4, Jyv\u00e4skyl\u00e4n Vapaudenkadun myym\u00e4l\u00e4\u00e4 ja Helsingiss\u00e4 Linnankoskenkadun, Annankadun ja Unioninkadun myym\u00e4l\u00f6it\u00e4.<\/p>\n<p class=\"article-body mb-nof-24 px-nof-16\">Asiakaspalvelu keskitet\u00e4\u00e4n Postin suurimpiin asiakaspalvelu\u00adkeskuksiin Helsinkiin ja Rovaniemelle. Kuopion, Jyv\u00e4skyl\u00e4n, Tampereen ja Liedon asiakaspalvelu\u00adpisteet aiotaan lakkauttaa. T\u00e4m\u00e4n arvioidaan johtavan enint\u00e4\u00e4n 44 vakituisen henkil\u00f6n v\u00e4hennykseen.<\/p>\n<p class=\"article-body mb-nof-24 px-nof-16\">Postin mukaan tavoitteena on, ett\u00e4 irtisanomiset j\u00e4isiv\u00e4t mahdollisimman v\u00e4h\u00e4isiksi. Henkil\u00f6st\u00f6\u00e4 tuetaan muun muassa tarjoamalla tuettuja vapaaehtoisia ratkaisuja, mahdollisuutta siirty\u00e4 uusiin teht\u00e4viin tai tarjoamalla koulutusta.<\/p>\n<p class=\"article-body mb-nof-24 px-nof-16\">Syksyll\u00e4 p\u00f6rssiin listautunut Posti ty\u00f6llist\u00e4\u00e4 Suomessa yli 13\u202f000 henkil\u00f6\u00e4.<\/p>\n<p class=\"article-body nof-ui-body-medium mb-nof-24 px-nof-16\">Juttuun korjattu 7.1. kello 14.10 v\u00e4hennysten m\u00e4\u00e4r\u00e4 128:sta 172:een.<\/p>\n","protected":false},"excerpt":{"rendered":"Postin mukaan digitalisaatio on v\u00e4hent\u00e4nyt edelleen paperipostin m\u00e4\u00e4r\u00e4\u00e4. Yleinen markkinamurros postialalla jatkuu, mik\u00e4 johtaa Postin tiedotteen mukaan ty\u00f6voimav\u00e4hennyksiin.&hellip;\n","protected":false},"author":2,"featured_media":135861,"comment_status":"","ping_status":"","sticky":false,"template":"","format":"standard","meta":{"footnotes":""},"categories":[5],"tags":[22,23,26,27,33,31,30,17,34,24,25,28,29,15,18,21,32,19,20,16],"class_list":{"0":"post-135860","1":"post","2":"type-post","3":"status-publish","4":"format-standard","5":"has-post-thumbnail","7":"category-otsikot","8":"tag-breaking-news","9":"tag-breakingnews","10":"tag-featured-news","11":"tag-featurednews","12":"tag-fi","13":"tag-finland","14":"tag-finnish","15":"tag-headlines","16":"tag-ilta-sanomat","17":"tag-latest-news","18":"tag-latestnews","19":"tag-main-news","20":"tag-mainnews","21":"tag-news","22":"tag-otsikot","23":"tag-paauutiset","24":"tag-suomi","25":"tag-top-stories","26":"tag-topstories","27":"tag-uutiset"},"share_on_mastodon":{"url":"https:\/\/pubeurope.com\/@fi\/115853898740237357","error":""},"_links":{"self":[{"href":"https:\/\/www.europesays.com\/fi\/wp-json\/wp\/v2\/posts\/135860","targetHints":{"allow":["GET"]}}],"collection":[{"href":"https:\/\/www.europesays.com\/fi\/wp-json\/wp\/v2\/posts"}],"about":[{"href":"https:\/\/www.europesays.com\/fi\/wp-json\/wp\/v2\/types\/post"}],"author":[{"embeddable":true,"href":"https:\/\/www.europesays.com\/fi\/wp-json\/wp\/v2\/users\/2"}],"replies":[{"embeddable":true,"href":"https:\/\/www.europesays.com\/fi\/wp-json\/wp\/v2\/comments?post=135860"}],"version-history":[{"count":0,"href":"https:\/\/www.europesays.com\/fi\/wp-json\/wp\/v2\/posts\/135860\/revisions"}],"wp:featuredmedia":[{"embeddable":true,"href":"https:\/\/www.europesays.com\/fi\/wp-json\/wp\/v2\/media\/135861"}],"wp:attachment":[{"href":"https:\/\/www.europesays.com\/fi\/wp-json\/wp\/v2\/media?parent=135860"}],"wp:term":[{"taxonomy":"category","embeddable":true,"href":"https:\/\/www.europesays.com\/fi\/wp-json\/wp\/v2\/categories?post=135860"},{"taxonomy":"post_tag","embeddable":true,"href":"https:\/\/www.europesays.com\/fi\/wp-json\/wp\/v2\/tags?post=135860"}],"curies":[{"name":"wp","href":"https:\/\/api.w.org\/{rel}","templated":true}]}}