{"id":135862,"date":"2026-01-07T13:00:08","date_gmt":"2026-01-07T13:00:08","guid":{"rendered":"https:\/\/www.europesays.com\/fi\/135862\/"},"modified":"2026-01-07T13:00:08","modified_gmt":"2026-01-07T13:00:08","slug":"paluun-tekeva-gettomasa-avaa-rahatilannettaan","status":"publish","type":"post","link":"https:\/\/www.europesays.com\/fi\/135862\/","title":{"rendered":"Paluun tekev\u00e4 Gettomasa avaa rahatilannettaan"},"content":{"rendered":"<p>Gettomasa palasi t\u00e4n\u00e4\u00e4n takaisin tauoltaan. Artisti otti kantaa my\u00f6s tuloihinsa.<\/p>\n<p class=\"paragraph\"><a href=\"https:\/\/www.iltalehti.fi\/henkilot\/Gettomasa\" class=\"article-link-person-page\" rel=\"nofollow noopener\" target=\"_blank\">Gettomasa<\/a> teki t\u00e4n\u00e4\u00e4n keskiviikkona 7. tammikuuta paluun musiikkimaailmaan.<\/p>\n<p class=\"paragraph\">Artisti piti tiedotustilaisuuden Jyv\u00e4skyl\u00e4n kaupungintalolla eli kotikaupungissaan. Artisti kertoi julkaisevansa tulevana perjantaina uuden kappaleen. Lis\u00e4ksi h\u00e4n j\u00e4rjest\u00e4\u00e4 paluukonsertin 13. kes\u00e4kuuta Hippoksen pes\u00e4pallostadionilla Jyv\u00e4skyl\u00e4ss\u00e4.<\/p>\n<p class=\"paragraph\">Median edustajat saivat esitt\u00e4\u00e4 artistille kysymyksi\u00e4. Ennen taukoaan vuonna 2024 Gettomasa uhosi palaavansa takaisin vasta, kun h\u00e4nen \u201drahansa ovat loppu\u201d. Tiedotustilaisuudessa artistilta kysyttiin, ovatko h\u00e4nen rahansa nyt loppu, kun h\u00e4n palaa takaisin.<\/p>\n<p class=\"paragraph\">\u2013 Min\u00e4 osasin odottaa t\u00e4t\u00e4 kysymyst\u00e4 kyll\u00e4, Gettomasa sanoo aluksi hymy huulillaan.<\/p>\n<p class=\"paragraph\">\u2013 Nyt, jos paneudumme t\u00e4h\u00e4n aiheeseen oikein. Selit\u00e4n t\u00e4m\u00e4n asian teille. Minulla on t\u00e4llainen tapa heitt\u00e4\u00e4 t\u00e4llaisia sutjakkaita lauseita suustani. Kuten varmasti moni uraani seurannut tiet\u00e4\u00e4, niit\u00e4 ei ole aina mietitty kovin pitk\u00e4lle saakka.<\/p>\n<p class=\"paragraph\">\u2013 En ajatellut, ett\u00e4 se lause l\u00e4htisi el\u00e4m\u00e4\u00e4n t\u00e4llaista el\u00e4m\u00e4\u00e4. Se oli huumorilla heitetty juttu minulta, minulla on t\u00e4llainen omanlainen huumori. Yleens\u00e4, kun joku artisti menee tauolle, ihmiset sanovat aina h\u00e4nen tullessaan takaisin, ett\u00e4: \u201dNyt h\u00e4nen rahansa ovat loppu, kun h\u00e4n tuli taas takaisin\u201d.<\/p>\n<p class=\"paragraph\">\u2013 Ajattelin silloin v\u00e4h\u00e4n etuk\u00e4teen heitt\u00e4\u00e4 vitsi\u00e4, ett\u00e4 taas yksi artisti menee tauolle ja palaan takaisin, kun rahani ovat loppu.<\/p>\n<p><img decoding=\"async\" class=\"image image-show image-preview\" src=\"https:\/\/www.europesays.com\/fi\/wp-content\/uploads\/2026\/01\/7ee9e22ebb686b046d0833cfa28a94c13238912e43365a9312d6151511778745.jpg\" alt=\"\"\/><img decoding=\"async\" class=\"image image-show\" src=\"https:\/\/www.europesays.com\/fi\/wp-content\/uploads\/2026\/01\/1767790808_287_7ee9e22ebb686b046d0833cfa28a94c13238912e43365a9312d6151511778745.jpg\" alt=\"\"\/><\/p>\n<p>Gettomasa piti Jyv\u00e4skyl\u00e4ss\u00e4 tiedotustilaisuuden. Henri K\u00e4rkk\u00e4inen<\/p>\n<p class=\"paragraph\">Gettomasa kertoi kuitenkin, ettei paluun syy ole raha.<\/p>\n<p class=\"paragraph\">\u2013 Se oli v\u00e4h\u00e4n tuollainen heitto. Rahatilanteeni on sellainen&#8230; Olen kotona oppinut, ett\u00e4 sit\u00e4 ei kysell\u00e4 vierailta ihmisilt\u00e4 tai kommentoida sen koommin, ett\u00e4 miten rahojen kanssa menee, h\u00e4n kiertelee.<\/p>\n<p class=\"paragraph\">Gettomasa huomautti, ett\u00e4 h\u00e4nen tulonsa ovat julkista tietoa. Gettomasa tienasi vuonna 2024 yhteens\u00e4 379\u00a0779 euroa, joista ansiotuloja oli 248\u00a0452 euroa ja p\u00e4\u00e4omatuloja 131\u00a0327 euroa.<\/p>\n<p class=\"paragraph\">Artistilta kysyttiin, onko h\u00e4n vaihtanut levy-yhti\u00f6t\u00e4. Gettomasa kertoi vaihtaneensa levy-yhti\u00f6n PME:lt\u00e4 Def Jam Recordings Finlandille.<\/p>\n<p class=\"paragraph\">\u2013 Meill\u00e4 oli hyv\u00e4t kymmenen vuotta PME Recordsin kanssa, mutta v\u00e4lill\u00e4 on hyv\u00e4 hakea v\u00e4h\u00e4n uusia tuulia t\u00e4ss\u00e4 vaiheessa. Tultiin Def Jamin kanssa hyvin juttuun ja meill\u00e4 oli hyv\u00e4 synkkaus kesken\u00e4\u00e4n, samankaltaiset tavoitteet. N\u00e4ill\u00e4 menn\u00e4\u00e4n nyt eteenp\u00e4in, artisti vastasi.<\/p>\n<p class=\"paragraph\">Artisti kertoi jatkaneensa musiikin tekemist\u00e4 muuten samojen yhteisty\u00f6kumppaneiden, kuten <a href=\"https:\/\/www.iltalehti.fi\/henkilot\/Ruuben\" class=\"article-link-person-page\" rel=\"nofollow noopener\" target=\"_blank\">Ruubenin<\/a> kanssa.<\/p>\n<p>Gettomasa tekee paluun. Henri K\u00e4rkk\u00e4inen<\/p>\n","protected":false},"excerpt":{"rendered":"Gettomasa palasi t\u00e4n\u00e4\u00e4n takaisin tauoltaan. Artisti otti kantaa my\u00f6s tuloihinsa. Gettomasa teki t\u00e4n\u00e4\u00e4n keskiviikkona 7. tammikuuta paluun musiikkimaailmaan.&hellip;\n","protected":false},"author":2,"featured_media":135863,"comment_status":"","ping_status":"","sticky":false,"template":"","format":"standard","meta":{"footnotes":""},"categories":[136],"tags":[35,138,407,137,33,31,30,408,47,141,2645,32,484,109],"class_list":{"0":"post-135862","1":"post","2":"type-post","3":"status-publish","4":"format-standard","5":"has-post-thumbnail","7":"category-julkkikset","8":"tag-24h","9":"tag-audio","10":"tag-celebrities","11":"tag-entertainment","12":"tag-fi","13":"tag-finland","14":"tag-finnish","15":"tag-julkkikset","16":"tag-musiikki","17":"tag-muusikot-bandit","18":"tag-palkka-ja-tyosuhde-edut","19":"tag-suomi","20":"tag-taiteellinen-ilmaisu-ja-mediat","21":"tag-viihde"},"share_on_mastodon":{"url":"https:\/\/pubeurope.com\/@fi\/115853945916863995","error":""},"_links":{"self":[{"href":"https:\/\/www.europesays.com\/fi\/wp-json\/wp\/v2\/posts\/135862","targetHints":{"allow":["GET"]}}],"collection":[{"href":"https:\/\/www.europesays.com\/fi\/wp-json\/wp\/v2\/posts"}],"about":[{"href":"https:\/\/www.europesays.com\/fi\/wp-json\/wp\/v2\/types\/post"}],"author":[{"embeddable":true,"href":"https:\/\/www.europesays.com\/fi\/wp-json\/wp\/v2\/users\/2"}],"replies":[{"embeddable":true,"href":"https:\/\/www.europesays.com\/fi\/wp-json\/wp\/v2\/comments?post=135862"}],"version-history":[{"count":0,"href":"https:\/\/www.europesays.com\/fi\/wp-json\/wp\/v2\/posts\/135862\/revisions"}],"wp:featuredmedia":[{"embeddable":true,"href":"https:\/\/www.europesays.com\/fi\/wp-json\/wp\/v2\/media\/135863"}],"wp:attachment":[{"href":"https:\/\/www.europesays.com\/fi\/wp-json\/wp\/v2\/media?parent=135862"}],"wp:term":[{"taxonomy":"category","embeddable":true,"href":"https:\/\/www.europesays.com\/fi\/wp-json\/wp\/v2\/categories?post=135862"},{"taxonomy":"post_tag","embeddable":true,"href":"https:\/\/www.europesays.com\/fi\/wp-json\/wp\/v2\/tags?post=135862"}],"curies":[{"name":"wp","href":"https:\/\/api.w.org\/{rel}","templated":true}]}}