{"id":135866,"date":"2026-01-07T13:05:06","date_gmt":"2026-01-07T13:05:06","guid":{"rendered":"https:\/\/www.europesays.com\/fi\/135866\/"},"modified":"2026-01-07T13:05:06","modified_gmt":"2026-01-07T13:05:06","slug":"ian-mckellen-puhui-suunsa-puhtaaksi-uudesta-taru-sormusten-herrasta-elokuvasta-enempaa-en-voi-kertoa","status":"publish","type":"post","link":"https:\/\/www.europesays.com\/fi\/135866\/","title":{"rendered":"Ian McKellen puhui suunsa puhtaaksi uudesta Taru sormusten herrasta -elokuvasta: \u201cEnemp\u00e4\u00e4 en voi kertoa\u201d"},"content":{"rendered":"<p>Kuva: \u00a9 Warner Bros. Discovery<\/p>\n<p>Seuraava Taru sormusten herrasta -elokuva on nimelt\u00e4\u00e4n Lord of the Rings: The Hunt for Gollum.<\/p>\n<p>Ian McKellen esitti Gandalfia Peter Jacksonin alkuper\u00e4isiss\u00e4 Taru sormusten herrasta -elokuvissa. T\u00e4n\u00e4 kev\u00e4\u00e4n\u00e4 aloitetaan uuden LOTR-elokuvan,<a href=\"https:\/\/muropaketti.com\/avainsana\/lord-of-the-rings-the-hunt-for-gollum\/\" rel=\"nofollow noopener\" target=\"_blank\"> The Hunt for Gollumin<\/a>, kuvaukset, mink\u00e4 tiimoilta McKellen avautui Lontoossa j\u00e4rjestetyss\u00e4 fanitapahtumassa, uutisoi <a href=\"https:\/\/www.comingsoon.net\/movies\/news\/2080160-lord-of-the-rings-the-hunt-for-gollum-filming-update-gandalf-frodo\" target=\"_blank\" rel=\"noreferrer noopener nofollow\">Comingsoon<\/a>.<\/p>\n<p>\u201dKlonkku ohjaa sen, ja se kertoo kokonaan Klonkusta. Mutta kerron teille kaksi salaisuutta roolituksesta. Elokuvassa on hahmo nimelt\u00e4 Frodo ja toinen hahmo nimelt\u00e4 Gandalf, mutta sen enemp\u00e4\u00e4 en voi kertoa vaan huuleni ovat sinet\u00f6idyt\u201d, McKellen kertoo.<\/p>\n<p>McKellen ei kuitenkaan nimenomaisesti vahvista, olisivatko Frodon ja Gandalfin rooleihin palaamassa juuri h\u00e4n ja Elijah Wood. Molemmat n\u00e4yttelij\u00e4t kuitenkin osallistuivat tapahtumaan muiden alkuper\u00e4isen trilogian n\u00e4yttelij\u00f6iden kanssa.<\/p>\n<p>The Hunt for Gollum -elokuvan kuvausten on m\u00e4\u00e4r\u00e4 alkaa Uudessa-Seelannissa toukokuussa 2026. Elokuvan ohjaa Andy Serkis, joka my\u00f6s palaa Klonkun rooliin. Tuottajina toimivat Peter Jackson, Fran Walsh ja Philippa Boyens.<\/p>\n<p>Ajallisesti elokuva sijoittuu Hobitti- ja Taru sormusten herrasta -elokuvien v\u00e4liin, juuri ennen Sormuksen ritarit -elokuvan tapahtumia. Klonkun n\u00e4k\u00f6kulmasta kerrotussa tarinassa t\u00e4t\u00e4 etsiv\u00e4t Aragorn, Gandalf ja Sauron.<\/p>\n<p>Ainakin Aragornin rooli on roolitettu nuoremmalle n\u00e4yttelij\u00e4lle kuin alkuper\u00e4inen Viggo Mortensen. Serkisin lis\u00e4ksi muita n\u00e4yttelij\u00f6it\u00e4 ei kuitenkaan ole viel\u00e4 julkistettu.<\/p>\n<p>Elokuvan julkaisua t\u00e4ht\u00e4ill\u00e4\u00e4n joulukuulle 2027.<\/p>\n","protected":false},"excerpt":{"rendered":"Kuva: \u00a9 Warner Bros. Discovery Seuraava Taru sormusten herrasta -elokuva on nimelt\u00e4\u00e4n Lord of the Rings: The Hunt&hellip;\n","protected":false},"author":2,"featured_media":9899,"comment_status":"","ping_status":"","sticky":false,"template":"","format":"standard","meta":{"footnotes":""},"categories":[131],"tags":[155,137,33,173,31,30,4604,7686,172,32,3163,109],"class_list":{"0":"post-135866","1":"post","2":"type-post","3":"status-publish","4":"format-standard","5":"has-post-thumbnail","7":"category-elokuvat","8":"tag-elokuvat","9":"tag-entertainment","10":"tag-fi","11":"tag-film","12":"tag-finland","13":"tag-finnish","14":"tag-ian-mckellen","15":"tag-lord-of-the-rings-the-hunt-for-gollum","16":"tag-movies","17":"tag-suomi","18":"tag-taru-sormusten-herrasta","19":"tag-viihde"},"share_on_mastodon":{"url":"https:\/\/pubeurope.com\/@fi\/115853965576418340","error":""},"_links":{"self":[{"href":"https:\/\/www.europesays.com\/fi\/wp-json\/wp\/v2\/posts\/135866","targetHints":{"allow":["GET"]}}],"collection":[{"href":"https:\/\/www.europesays.com\/fi\/wp-json\/wp\/v2\/posts"}],"about":[{"href":"https:\/\/www.europesays.com\/fi\/wp-json\/wp\/v2\/types\/post"}],"author":[{"embeddable":true,"href":"https:\/\/www.europesays.com\/fi\/wp-json\/wp\/v2\/users\/2"}],"replies":[{"embeddable":true,"href":"https:\/\/www.europesays.com\/fi\/wp-json\/wp\/v2\/comments?post=135866"}],"version-history":[{"count":0,"href":"https:\/\/www.europesays.com\/fi\/wp-json\/wp\/v2\/posts\/135866\/revisions"}],"wp:featuredmedia":[{"embeddable":true,"href":"https:\/\/www.europesays.com\/fi\/wp-json\/wp\/v2\/media\/9899"}],"wp:attachment":[{"href":"https:\/\/www.europesays.com\/fi\/wp-json\/wp\/v2\/media?parent=135866"}],"wp:term":[{"taxonomy":"category","embeddable":true,"href":"https:\/\/www.europesays.com\/fi\/wp-json\/wp\/v2\/categories?post=135866"},{"taxonomy":"post_tag","embeddable":true,"href":"https:\/\/www.europesays.com\/fi\/wp-json\/wp\/v2\/tags?post=135866"}],"curies":[{"name":"wp","href":"https:\/\/api.w.org\/{rel}","templated":true}]}}