{"id":135882,"date":"2026-01-07T13:30:08","date_gmt":"2026-01-07T13:30:08","guid":{"rendered":"https:\/\/www.europesays.com\/fi\/135882\/"},"modified":"2026-01-07T13:30:08","modified_gmt":"2026-01-07T13:30:08","slug":"rap-artisti-gettomasa-tekee-paluun-yli-vuoden-kestaneen-keikkatauon-syyna-vakavat-terveysongelmat-kotimaa","status":"publish","type":"post","link":"https:\/\/www.europesays.com\/fi\/135882\/","title":{"rendered":"Rap-artisti Gettomasa tekee paluun \u2013 yli vuoden kest\u00e4neen keikkatauon syyn\u00e4 vakavat terveysongelmat | Kotimaa"},"content":{"rendered":"<p class=\"aw-1gybjub aw-5vja16 kEtdKx kmuxyA yle__article__paragraph\">Gettomasa on ollut keikkatauolla elokuusta 2024 asti. Nyt artistilta on tulossa uutta musiikkia ja keikka kes\u00e4kuussa Jyv\u00e4skyl\u00e4ss\u00e4. <\/p>\n<p><img decoding=\"async\" alt=\"Rap-artisti Gettomasa henkil\u00f6kuvassa. H\u00e4n katsoo suoraan kameraan, yll\u00e4\u00e4n hopean v\u00e4rinen nahkatakki. \" src=\"https:\/\/www.europesays.com\/fi\/wp-content\/uploads\/2026\/01\/39-1577894695e483038bdf.jpeg\" class=\"aw-1l9m598 hKVVvP\"\/><\/p>\n<p>Avaa kuvien katselu<\/p>\n<p>Gettomasa kertoi tiedotustilaisuudessa, ett\u00e4 yksi syy taukoon  ovat pahat selk\u00e4kivut. Kuva: Jaana Polamo \/ Yle<\/p>\n<p>13:02\u2022P\u00e4ivitetty 15:28<\/p>\n<ul class=\"aw-1jjocuh iJTSwP yle__article__list yle__article__list--ul\">\n<li class=\"aw-1j7gwms gNYKfi\">Yksi Suomen suosituimmista rap-artisteista, Gettomasa, lopettaa keikkataukonsa.<\/li>\n<li class=\"aw-1j7gwms gNYKfi\">H\u00e4n julkaisee uuden kappaleen perjantaina ja esiintyy Jyv\u00e4skyl\u00e4ss\u00e4 13. kes\u00e4kuuta.<\/li>\n<li class=\"aw-1j7gwms gNYKfi\">Gettomasa kertoo tauon johtuneen terveyssyist\u00e4, kuten pahoista selk\u00e4kivuista.<\/li>\n<li class=\"aw-1j7gwms gNYKfi\">Gettomasan levy-yhti\u00f6 vaihtuu. Uusi levy-yhti\u00f6 on Universal Music Groupin alaisuudessa toimiva Def Jam Recordings.<\/li>\n<\/ul>\n<p class=\"aw-1gybjub aw-1p7kakr kEtdKx cEmitX yle__article__paragraph\">Rap-artisti <strong class=\"aw-ak79eh KyCXm yle__article__strong\">Gettomasa<\/strong> palaa keikkatauolta. Gettomasa kertoi paluustaan t\u00e4n\u00e4\u00e4n tiedotustilaisuudessa kotikaupunkinsa Jyv\u00e4skyl\u00e4n kaupungintalolla.<\/p>\n<p class=\"aw-1gybjub aw-1p7kakr kEtdKx cEmitX yle__article__paragraph\">Gettomasa (oik. <strong class=\"aw-ak79eh KyCXm yle__article__strong\">Aleksi Lehikoinen<\/strong>) on yksi Suomen menestyneimpi\u00e4 rap-artisteja. H\u00e4n on ollut keikkatauolla elokuusta 2024 asti, eik\u00e4 ole taukonsa aikana julkaissut uutta musiikkia.<\/p>\n<p class=\"aw-1gybjub aw-1p7kakr kEtdKx cEmitX yle__article__paragraph\">Hiljaisuus p\u00e4\u00e4ttyy ensi perjantaina, kun Gettomasa julkaisee uuden kappaleen Aitous ei oo myynniss\u00e4.<\/p>\n<p class=\"aw-1gybjub aw-1p7kakr kEtdKx cEmitX yle__article__paragraph\">Artisti kertoi tiedotustilaisuudessa my\u00f6s esiintyv\u00e4ns\u00e4 ensi kes\u00e4n\u00e4 <a class=\"aw-iao6s4 iHOxEa yle__article__link\" href=\"https:\/\/yle.fi\/a\/74-20038785\" role=\"link\" rel=\"nofollow noopener\" target=\"_blank\">Jyv\u00e4skyl\u00e4n Hippoksen pes\u00e4pallostadionilla<\/a> j\u00e4rjestett\u00e4v\u00e4ll\u00e4 keikalla 13. kes\u00e4kuuta.<\/p>\n<p class=\"aw-1gybjub aw-1p7kakr kEtdKx cEmitX yle__article__paragraph\">\u2013 Minulle on aina ollut syd\u00e4men asia tehd\u00e4 kulttuuria kotikaupungissani. Oli itsest\u00e4\u00e4nselv\u00e4\u00e4, ett\u00e4 jos teen paluukeikan, se tapahtuu Jyv\u00e4skyl\u00e4ss\u00e4, Gettomasa sanoo.<\/p>\n<p class=\"aw-1gybjub aw-1p7kakr kEtdKx cEmitX yle__article__paragraph\">Toistaiseksi kyseess\u00e4 on ainoa tiedossa oleva esiintyminen ensi kes\u00e4n\u00e4.<\/p>\n<p><img decoding=\"async\" alt=\"Rap-artisti Gettomasa puhuu mikrofoniin tiedotustilaisuudessa. \" src=\"https:\/\/www.europesays.com\/fi\/wp-content\/uploads\/2026\/01\/39-1577856695e3e4e5bf04.jpeg\" loading=\"lazy\" class=\"aw-1l9m598 hKVVvP\"\/><\/p>\n<p>Avaa kuvien katselu<\/p>\n<p>Gettomasa kertoo, ett\u00e4 halusi t\u00e4ss\u00e4 vaiheessa uraansa kutsua toimittajat tiedotustilaisuuteen Jyv\u00e4skyl\u00e4\u00e4n sen sijaan, ett\u00e4 itse menisi Helsinkiin. \u2013 Sain t\u00e4n\u00e4\u00e4n her\u00e4t\u00e4 omasta s\u00e4ngyst\u00e4 ja kun p\u00e4iv\u00e4 on ohi, niin p\u00e4\u00e4sen sinne nukkumaan, h\u00e4n perusteli.  Kuva: Jaana Polamo \/ Yle<\/p>\n<p class=\"aw-1gybjub aw-1p7kakr kEtdKx cEmitX yle__article__paragraph\">Fanien keskuudessa uutinen paluusta oli odotettu. Artisti on vihjaillut viime p\u00e4ivin\u00e4 sosiaalisen median alustoillaan \u201dsynk\u00e4n ajan olevan ohitse\u201d ja kertonut tulevasta tiedotustilaisuudesta.<\/p>\n<p class=\"aw-1gybjub aw-1p7kakr kEtdKx cEmitX yle__article__paragraph\">Paluun my\u00f6t\u00e4 Gettomasan levy-yhti\u00f6 vaihtuu. Artisti on siirtynyt PME Recordsilta Universal Music Groupin alaisuudessa toimivan Def Jam Recordingsin talliin. Ty\u00f6t jatkuvat kuitenkin tuttujen tuottajien, kuten <strong class=\"aw-ak79eh KyCXm yle__article__strong\">Ruubenin<\/strong>, kanssa.<\/p>\n<ul class=\"aw-1jjocuh iJTSwP yle__article__list yle__article__list--ul\">\n<li class=\"aw-1j7gwms gNYKfi\">Suomalainen rap-artisti, oikealta nimelt\u00e4\u00e4n Aleksi Lehikoinen (s. 1993)<\/li>\n<li class=\"aw-1j7gwms gNYKfi\">Yksi Suomen tunnetuimmista ja kaupallisesti menestyneimmist\u00e4 r\u00e4pp\u00e4reit\u00e4<\/li>\n<li class=\"aw-1j7gwms gNYKfi\">Tunnettuja kappaleita mm. Silm\u00e4t, Samppanjadieetill\u00e4 ja Muijii stadis.<\/li>\n<li class=\"aw-1j7gwms gNYKfi\">Kotoisin Jyv\u00e4skyl\u00e4st\u00e4, jota sanotaan rapin p\u00e4\u00e4kaupungiksi<\/li>\n<li class=\"aw-1j7gwms gNYKfi\">Albumit: Vellamo LP (yhdess\u00e4 Ruubenin kanssa, 2014), Chosen One (2016), Diplomaatti (2019), Kalamies (2020) ja Vastustamaton (2022)<\/li>\n<li class=\"aw-1j7gwms gNYKfi\">Voittanut albumeillaan yhteens\u00e4 4 Emma-palkintoa. Vuonna 2023 Vastustamaton palkiittiin vuoden albumina, vuoden rap\/r&amp;b:n\u00e4 ja vuoden myydyimp\u00e4n\u00e4 albumina.<\/li>\n<li class=\"aw-1j7gwms gNYKfi\">Freestyle-rapin Suomen mestari 2012<\/li>\n<\/ul>\n<p>Selk\u00e4kipu pakotti tauolle<\/p>\n<p class=\"aw-1gybjub aw-1p7kakr kEtdKx cEmitX yle__article__paragraph\">Artisti ei ole aiemmin kertonut syyt\u00e4 sille, miksi h\u00e4n lopetti keikkailun puolitoista vuotta sitten.<\/p>\n<p class=\"aw-1gybjub aw-1p7kakr kEtdKx cEmitX yle__article__paragraph\">Aiemmissa haastatteluissa Gettomasa on puhunut muun muassa <a class=\"aw-iao6s4 iHOxEa yle__article__link\" href=\"https:\/\/yle.fi\/a\/74-20003126\" role=\"link\" rel=\"nofollow noopener\" target=\"_blank\">julkisuuden raskaista puolista, kuten jatkuvasta seurattuna olemisesta<\/a>. Musiikissaan h\u00e4n on kertonut my\u00f6s fyysisist\u00e4 ongelmista, kuten pahoista selk\u00e4kivuista.<\/p>\n<p class=\"aw-1gybjub aw-1p7kakr kEtdKx cEmitX yle__article__paragraph\">Tiedotustilaisuudessa h\u00e4n vahvistaa, ett\u00e4 terveydelliset syyt olivat yksi suurimpia syit\u00e4 tauolle.<\/p>\n<p class=\"aw-1gybjub aw-1p7kakr kEtdKx cEmitX yle__article__paragraph\">\u2013 Viimeinen keikkakes\u00e4 oli todella raskas. En pystynyt seisomaan ollenkaan ilman kipua. Silloin tein p\u00e4\u00e4t\u00f6ksen, ett\u00e4 pit\u00e4\u00e4 saada terveys kuntoon ennen kuin jatketaan hommia.<\/p>\n<p>Loppuivatko rahat?<\/p>\n<p class=\"aw-1gybjub aw-1p7kakr kEtdKx cEmitX yle__article__paragraph\">Viimeisell\u00e4 keikallaan elokuussa 2024 Gettomasa ilmoitti, ett\u00e4 tauko jatkuu vuoteen 2026 saakka. My\u00f6hemmin h\u00e4n kertoi Instagram-tilill\u00e4\u00e4n lopettavansa taukonsa vasta, kun \u201drahat ovat loppu\u201d.<\/p>\n<p class=\"aw-1gybjub aw-1p7kakr kEtdKx cEmitX yle__article__paragraph\">Kun h\u00e4nelt\u00e4 kysyt\u00e4\u00e4n tiedotustilaisuudessa, loppuivatko rahat nyt, Gettomasa haluaa selvent\u00e4\u00e4 aiempaa lausuntoaan.<\/p>\n<p class=\"aw-1gybjub aw-1p7kakr kEtdKx cEmitX yle__article__paragraph\">\u2013 Minulla on tapana heitt\u00e4\u00e4 erilaisia sutjakkaita lauseita, joita ei aina ole mietitty kauhean pitk\u00e4lle. En ajatellut, ett\u00e4 t\u00e4m\u00e4 huumorilla heitetty juttu alkaisi el\u00e4\u00e4 n\u00e4in omaa el\u00e4m\u00e4\u00e4ns\u00e4.<\/p>\n<p class=\"aw-1gybjub aw-1p7kakr kEtdKx cEmitX yle__article__paragraph\">Gettomasan mukaan tauon lopettamisen taustalla ei ole rahojen loppuminen.<\/p>\n<p class=\"aw-1gybjub aw-1p7kakr kEtdKx cEmitX yle__article__paragraph\">Sen sijaan h\u00e4n kertoo tauon aikana pohdiskelleensa arvojaan ja l\u00f6yt\u00e4neens\u00e4 niist\u00e4 uuden musiikin tekemiseen jotain, mit\u00e4 oli vuosien varrella unohtanut.<\/p>\n<p class=\"aw-1gybjub aw-1p7kakr kEtdKx cEmitX yle__article__paragraph\">Perjantaina julkaistavan kappaleen nimi on Aitous ei oo myynniss\u00e4. Gettomasan mukaan aitous tarkoittaa asioiden tekemist\u00e4 muistakin kuin ulkoisista syist\u00e4.<\/p>\n<p class=\"aw-1gybjub aw-1p7kakr kEtdKx cEmitX yle__article__paragraph\">\u2013 Se on t\u00e4rke\u00e4 oivallus, jonka sain tauon aikana.<\/p>\n<p class=\"aw-1gybjub aw-1p7kakr kEtdKx cEmitX yle__article__paragraph\"><strong class=\"aw-ak79eh KyCXm yle__article__strong\">N\u00e4in Gettomasa vastaa, kun h\u00e4nelt\u00e4 kysyy, onko Suomen t\u00e4m\u00e4nhetkinen rap-skene aitoa.<\/strong><\/p>\n<p>Kuvaus: Jaana Polamo \/ Yle, editointi: Niko Mannonen \/ YleKaupalliseen menestykseen tinkim\u00e4tt\u00f6m\u00e4ll\u00e4 tyylill\u00e4<\/p>\n<p class=\"aw-1gybjub aw-1p7kakr kEtdKx cEmitX yle__article__paragraph\">Gettomasa on suoratoistopalvelu Spotifyn kuunnellumpia suomalaisia. Artistin kappaleita Silm\u00e4t ja Samppanjadieetill\u00e4 on k\u00e4ynnistetty l\u00e4hes 29 miljoonaa kertaa.<\/p>\n<p><img decoding=\"async\" alt=\"Gettomasa valonheitinten loisteessa Emma k\u00e4dess\u00e4\u00e4n.\" src=\"https:\/\/www.europesays.com\/fi\/wp-content\/uploads\/2026\/01\/39-106861163dd699bd3d8c.jpeg\" loading=\"lazy\" class=\"aw-1l9m598 hKVVvP\"\/><\/p>\n<p>Avaa kuvien katselu<\/p>\n<p>Vuoden 2023 Emma-gaalassa Gettomasan albumi Vastustamaton palkittiin vuoden albumina, vuoden rap\/r&amp;b:n\u00e4 ja vuoden myydyimp\u00e4n\u00e4 albumina. Kuva: Julius Konttinen<\/p>\n<p class=\"aw-1gybjub aw-1p7kakr kEtdKx cEmitX yle__article__paragraph\">Uransa aikana Gettomasa on muuttanut suomalaista rap-kulttuuria nostamalla kaupalliseen menestykseen musiikkia, joka on tyylilt\u00e4\u00e4n uskollista perinteiselle amerikkalaiselle hip hopille. Valtaosassa kappaleita ei ole pop-musiikista tuttuja kertos\u00e4keist\u00f6j\u00e4.<\/p>\n<p class=\"aw-1gybjub aw-1p7kakr kEtdKx cEmitX yle__article__paragraph\">Gettomasa on my\u00f6s ollut tekem\u00e4ss\u00e4 kotikaupungistaan Jyv\u00e4skyl\u00e4st\u00e4 <a class=\"aw-iao6s4 iHOxEa yle__article__link\" href=\"https:\/\/yle.fi\/a\/74-20114414\" role=\"link\" rel=\"nofollow noopener\" target=\"_blank\">yht\u00e4 rapin t\u00e4rkeimpi\u00e4 kaupunkeja<\/a> Suomessa.<\/p>\n<p class=\"aw-1gybjub aw-1p7kakr kEtdKx cEmitX yle__article__paragraph\">Artistin tunnettuutta suuren yleis\u00f6n keskuudessa ovat lis\u00e4nneet muun muassa <a class=\"aw-iao6s4 iHOxEa yle__article__link\" href=\"https:\/\/yle.fi\/a\/3-10806760\" role=\"link\" rel=\"nofollow noopener\" target=\"_blank\">esiintyminen vuoden 2019 Leijonien j\u00e4\u00e4kiekon MM-juhlissa<\/a>. Vuonna 2022 Gettomasan <a class=\"aw-iao6s4 iHOxEa yle__article__link\" href=\"https:\/\/yle.fi\/a\/74-20004660\" role=\"link\" rel=\"nofollow noopener\" target=\"_blank\">tyly k\u00e4yt\u00f6s sanomalehti Keskisuomalaisen haastattelussa<\/a> sai paljon huomiota mediassa.<\/p>\n<p class=\"aw-1gybjub aw-1p7kakr kEtdKx cEmitX yle__article__paragraph\">Gettomasan uran voidaan katsoa alkaneen vuonna 2012, jolloin h\u00e4n voitti freestylerapin Suomen mestaruuden. Ensimm\u00e4inen albumi julkaistiin vuonna 2014. Yhteens\u00e4 Gettomasa on julkaissut viisi studioalbumia ja nelj\u00e4 EP-julkaisua.<\/p>\n<p>Gettomasa esitti vuoden 2020 YleXPopissa tunnetuimpia hittej\u00e4\u00e4n kuten L\u00f6ssi, Muijii Stadis ja Silm\u00e4t.<\/p>\n","protected":false},"excerpt":{"rendered":"Gettomasa on ollut keikkatauolla elokuusta 2024 asti. Nyt artistilta on tulossa uutta musiikkia ja keikka kes\u00e4kuussa Jyv\u00e4skyl\u00e4ss\u00e4. Avaa&hellip;\n","protected":false},"author":2,"featured_media":135883,"comment_status":"","ping_status":"","sticky":false,"template":"","format":"standard","meta":{"footnotes":""},"categories":[132],"tags":[23469,137,33,31,30,7135,425,474,71,108,195,47,5843,5918,32,5921,109],"class_list":{"0":"post-135882","1":"post","2":"type-post","3":"status-publish","4":"format-standard","5":"has-post-thumbnail","7":"category-musiikki","8":"tag-aleksi-lehikoinen","9":"tag-entertainment","10":"tag-fi","11":"tag-finland","12":"tag-finnish","13":"tag-gettomasa","14":"tag-jyvaskyla","15":"tag-keski-suomi","16":"tag-kotimaa","17":"tag-kulttuuri","18":"tag-music","19":"tag-musiikki","20":"tag-muusikot","21":"tag-rap","22":"tag-suomi","23":"tag-suomirap","24":"tag-viihde"},"share_on_mastodon":{"url":"https:\/\/pubeurope.com\/@fi\/115854063969955856","error":""},"_links":{"self":[{"href":"https:\/\/www.europesays.com\/fi\/wp-json\/wp\/v2\/posts\/135882","targetHints":{"allow":["GET"]}}],"collection":[{"href":"https:\/\/www.europesays.com\/fi\/wp-json\/wp\/v2\/posts"}],"about":[{"href":"https:\/\/www.europesays.com\/fi\/wp-json\/wp\/v2\/types\/post"}],"author":[{"embeddable":true,"href":"https:\/\/www.europesays.com\/fi\/wp-json\/wp\/v2\/users\/2"}],"replies":[{"embeddable":true,"href":"https:\/\/www.europesays.com\/fi\/wp-json\/wp\/v2\/comments?post=135882"}],"version-history":[{"count":0,"href":"https:\/\/www.europesays.com\/fi\/wp-json\/wp\/v2\/posts\/135882\/revisions"}],"wp:featuredmedia":[{"embeddable":true,"href":"https:\/\/www.europesays.com\/fi\/wp-json\/wp\/v2\/media\/135883"}],"wp:attachment":[{"href":"https:\/\/www.europesays.com\/fi\/wp-json\/wp\/v2\/media?parent=135882"}],"wp:term":[{"taxonomy":"category","embeddable":true,"href":"https:\/\/www.europesays.com\/fi\/wp-json\/wp\/v2\/categories?post=135882"},{"taxonomy":"post_tag","embeddable":true,"href":"https:\/\/www.europesays.com\/fi\/wp-json\/wp\/v2\/tags?post=135882"}],"curies":[{"name":"wp","href":"https:\/\/api.w.org\/{rel}","templated":true}]}}