{"id":135896,"date":"2026-01-07T13:38:16","date_gmt":"2026-01-07T13:38:16","guid":{"rendered":"https:\/\/www.europesays.com\/fi\/135896\/"},"modified":"2026-01-07T13:38:16","modified_gmt":"2026-01-07T13:38:16","slug":"trumpin-hallinnolla-on-lista-keinoja-saada-gronlanti-haltuunsa","status":"publish","type":"post","link":"https:\/\/www.europesays.com\/fi\/135896\/","title":{"rendered":"Trumpin hallinnolla on lista keinoja saada Gr\u00f6nlanti haltuunsa"},"content":{"rendered":"<p>Gr\u00f6nlannin kohtalo|Yhdysvalloilla on useita keinoja, joilla se voi yritt\u00e4\u00e4 kaapata Gr\u00f6nlannin vaikutuspiiriins\u00e4. Vaihtoehtoina ovat esimerkiksi raha ja \u00e4\u00e4rimmill\u00e4\u00e4n sotilaallinen voima.<\/p>\n<p>Lue tiivistelm\u00e4<\/p>\n<p class=\"article-body mb-nof-24 px-nof-16 sndp-summary-bullet-point-font\">Yhdysvaltojen presidentti Donald Trump haluaa saada Gr\u00f6nlannin osaksi Yhdysvaltoja, ja h\u00e4nen hallintonsa etsii parhaillaan keinoja t\u00e4h\u00e4n.<\/p>\n<p class=\"article-body mb-nof-24 px-nof-16 sndp-summary-bullet-point-font\">Yhdysvaltojen ulkoministeri Marco Rubio sanoi kongressissa, ett\u00e4 Trump aikoisi mieluummin ostaa Gr\u00f6nlannin kuin k\u00e4ytt\u00e4\u00e4 sotilaallista voimaa.<\/p>\n<p class=\"article-body mb-nof-24 px-nof-16 sndp-summary-bullet-point-font\">Gr\u00f6nlanti on Tanskan itsehallintoalue, ja suurin osa gr\u00f6nlantilaisista ei halua kuulua Yhdysvaltoihin.<\/p>\n<p class=\"article-body mb-nof-24 px-nof-16 sndp-summary-bullet-point-font\">Asiantuntijat pit\u00e4v\u00e4t huolestuttavimpana mahdollisuutta, ett\u00e4 Trump l\u00e4hett\u00e4isi joukkoja Gr\u00f6nlantiin samaan tapaan kuin Ven\u00e4j\u00e4n presidentti Vladimir Putin teki It\u00e4-Ukrainassa.<\/p>\n<p class=\"article-body mb-nof-24 px-nof-16\">Yhdysvaltojen presidentti<a class=\"font-bold underline-offset-[0.12em] [text-decoration:var(--person-link-text-decoration)] ![text-decoration-color:var(--person-link-text-decoration-color)]\" href=\"https:\/\/www.hs.fi\/haku\/?query=%20Donald%20Trump\" rel=\"nofollow noopener\" target=\"_blank\"> Donald Trump <\/a>on viime p\u00e4ivin\u00e4 tehnyt selv\u00e4ksi, ett\u00e4 h\u00e4n haluaa Gr\u00f6nlannin osaksi Yhdysvaltoja.<\/p>\n<p class=\"article-body mb-nof-24 px-nof-16\">Gr\u00f6nlanti on Tanskan itsehallintoalue. Viime vuonna tehdyss\u00e4<a class=\"underline underline-offset-[0.12em] [text-decoration-thickness:var(--generic-link-underline-thickness)] [text-decoration-color:var(--generic-link-underline-color)] [text-decoration-skip-ink:var(--generic-link-underline-skip-ink)] break-words\" href=\"https:\/\/www.veriangroup.com\/news-and-insights\/opinion-poll-greenland-2025\" rel=\"nofollow noopener\" target=\"_blank\"> kyselyss\u00e4<\/a> gr\u00f6nlantilaisista 85 prosenttia vastusti siirtymist\u00e4 Yhdysvaltojen alaisuuteen.<\/p>\n<p class=\"article-body mb-nof-24 px-nof-16\">Venezuelan presidentin <a class=\"font-bold underline-offset-[0.12em] [text-decoration:var(--person-link-text-decoration)] ![text-decoration-color:var(--person-link-text-decoration-color)]\" href=\"https:\/\/www.hs.fi\/haku\/?query=Nicol%C3%A1s%20Maduron\" rel=\"nofollow noopener\" target=\"_blank\">Nicol\u00e1s Maduron<\/a> sieppaus sotilasoperaation avulla ja Venezuelan ottaminen Yhdysvaltojen ohjaukseen ovat saaneet eurooppalaiset suhtautumaan vakavasti Trumpin uhitteluun Gr\u00f6nlannista.<\/p>\n<p class=\"article-body mb-nof-24 px-nof-16\">Valkoisen talon mukaan Trumpin tiimi etsii parhaillaan keinoja siihen, kuinka Gr\u00f6nlanti otettaisiin haltuun. Yhdysvalloilla on useita mahdollisia strategioita t\u00e4m\u00e4n toteuttamiseen. K\u00e4ymme l\u00e4pi nelj\u00e4 ilmeisint\u00e4 keinoa, jotka vaihtelevat Yhdysvaltain vaikutusvallan kasvattamisesta aina alueen t\u00e4ydelliseen haltuunottoon.<\/p>\n<p><img decoding=\"async\" src=\"https:\/\/www.europesays.com\/fi\/wp-content\/uploads\/2026\/01\/1767741610_379_468.jpg\" alt=\"Gr\u00f6nlannin p\u00e4\u00e4kaupungissa Nuukissa asuu runsaat 20\u202f000 asukasta.\" class=\"_Img_1rerz_1\" style=\"aspect-ratio:1.5\" loading=\"eager\"\/><\/p>\n<p class=\"article-picture-caption\">Gr\u00f6nlannin p\u00e4\u00e4kaupungissa Nuukissa asuu runsaat 20\u202f000 asukasta. Kuva:\u00a0Mika Ranta \/ HS<\/p>\n<p>Gr\u00f6nlannin itsen\u00e4isyyden tukeminen<\/p>\n<p class=\"article-body mb-nof-24 px-nof-16\">Nyt Gr\u00f6nlanti on osa Tanskaa, joten Yhdysvaltojen t\u00e4ytyy tehd\u00e4 mahdolliset sopimukset toiminnasta Gr\u00f6nlannissa Tanskan kanssa eik\u00e4 suoraan gr\u00f6nlantilaisten kanssa.<\/p>\n<p class=\"article-body mb-nof-24 px-nof-16\">Jos gr\u00f6nlantilaiset haluaisivat itsen\u00e4isty\u00e4, siit\u00e4 olisi ensin j\u00e4rjestett\u00e4v\u00e4 kansan\u00e4\u00e4nestys. T\u00e4st\u00e4 on sopimus Tanskan ja Gr\u00f6nlannin v\u00e4lill\u00e4 vuodelta 2009. Jos itsen\u00e4isyyden kannattajat voittaisivat kansan\u00e4\u00e4nestyksess\u00e4, K\u00f6\u00f6penhamina ja Nuuk viel\u00e4 neuvottelisivat siit\u00e4.<\/p>\n<p class=\"article-body mb-nof-24 px-nof-16\">Viime vuonna tehdyn<a class=\"underline underline-offset-[0.12em] [text-decoration-thickness:var(--generic-link-underline-thickness)] [text-decoration-color:var(--generic-link-underline-color)] [text-decoration-skip-ink:var(--generic-link-underline-skip-ink)] break-words\" href=\"https:\/\/www.veriangroup.com\/news-and-insights\/opinion-poll-greenland-2025\" rel=\"nofollow noopener\" target=\"_blank\"> kannatuskyselyn<\/a> mukaan 56 prosenttia gr\u00f6nlantilaisista sanoi \u00e4\u00e4nest\u00e4v\u00e4ns\u00e4 itsen\u00e4isyyden puolesta. 28 prosenttia ilmoitti vastustavansa Gr\u00f6nlannin itsen\u00e4istymist\u00e4.<\/p>\n<p class=\"article-body mb-nof-24 px-nof-16\">Tanskan radio <a class=\"underline underline-offset-[0.12em] [text-decoration-thickness:var(--generic-link-underline-thickness)] [text-decoration-color:var(--generic-link-underline-color)] [text-decoration-skip-ink:var(--generic-link-underline-skip-ink)] break-words\" href=\"https:\/\/www.dr.dk\/nyheder\/indland\/moerklagt\/mystik-om-amerikanske-maend-i-groenland-det-er-meget-bekymrende\" rel=\"nofollow noopener\" target=\"_blank\">raportoi <\/a>syksyll\u00e4, ett\u00e4 Gr\u00f6nlannissa on ollut viime aikoina k\u00e4ynniss\u00e4 Trumpia l\u00e4hell\u00e4 olevien tahojen toteuttamia vaikuttumisoperaatioita. Ainakin kolmen yhdysvaltalaisen huomattiin osallistuneen vaikuttamiseen.<\/p>\n<p class=\"article-body mb-nof-24 px-nof-16\">Yksi mies oli ker\u00e4nnyt nimilistoja ihmisist\u00e4, jotka suhtautuivat my\u00f6nteisesti \u2013\u2009tai selke\u00e4n kielteisesti Yhdysvaltojen vaikutusvaltaan Gr\u00f6nlannissa. Kaksi muuta oli keskittynyt solmimaan suhteita poliitikkoihin ja liike-el\u00e4m\u00e4\u00e4n saarella.<\/p>\n<p class=\"article-body mb-nof-24 px-nof-16\">Joulukuussa Trump nimitti Gr\u00f6nlannin erityisl\u00e4hettil\u00e4\u00e4ksi Louisianan kuvern\u00f6\u00f6rin <a class=\"font-bold underline-offset-[0.12em] [text-decoration:var(--person-link-text-decoration)] ![text-decoration-color:var(--person-link-text-decoration-color)]\" href=\"https:\/\/www.hs.fi\/haku\/?query=Jeff%20Landryn\" rel=\"nofollow noopener\" target=\"_blank\">Jeff Landryn<\/a>. Landryn teht\u00e4v\u00e4ksi h\u00e4n m\u00e4\u00e4ritteli \u201dtehd\u00e4 Gr\u00f6nlannista osa Yhdysvaltoja\u201d.<\/p>\n<p class=\"article-body mb-nof-24 px-nof-16\">Yhdysvallat voisi houkutella itsen\u00e4istynytt\u00e4 Gr\u00f6nlantia liittym\u00e4\u00e4n itseens\u00e4 yhdeksi osavaltioksi tai tarjota sille sopimuksia, joilla Yhdysvallat p\u00e4\u00e4sisi lis\u00e4\u00e4m\u00e4\u00e4n vaikutusvaltaansa alueella.<\/p>\n<p><img decoding=\"async\" src=\"https:\/\/www.europesays.com\/fi\/wp-content\/uploads\/2026\/01\/1767793096_143_468.jpg\" alt=\"Trump nimitti Louisianan kuvern\u00f6\u00f6ri Jeff Landryn Gr\u00f6nlannin erityisl\u00e4hettil\u00e4\u00e4ksi.\" class=\"_Img_1rerz_1\" style=\"aspect-ratio:1.5\" loading=\"eager\"\/><\/p>\n<p class=\"article-picture-caption\">Trump nimitti Louisianan kuvern\u00f6\u00f6ri Jeff Landryn Gr\u00f6nlannin erityisl\u00e4hettil\u00e4\u00e4ksi. Kuva:\u00a0Samuel Corum \/ EPA<\/p>\n<p>Sopimusten tekeminen Gr\u00f6nlannin kanssa<\/p>\n<p class=\"article-body mb-nof-24 px-nof-16\">Trumpin hallinnossa on valmisteltu my\u00f6s skenaariota, jossa gr\u00f6nlantilaisille tarjottaisiin houkutteleva yhteisty\u00f6sopimus.<\/p>\n<p class=\"article-body mb-nof-24 px-nof-16\">Yksi sopimusmalli eli Compact of Free Association (COFA) on jo k\u00e4yt\u00f6ss\u00e4 Micronesian, Marshall-saarten ja Palaun kanssa.<\/p>\n<p class=\"article-body mb-nof-24 px-nof-16\">Sopimuksessa Yhdysvallat tarjoaa keskeisi\u00e4 palveluita, suojelua ja vapaakauppaa vastineeksi siit\u00e4, ett\u00e4 sen armeija saa toimia rajoituksetta n\u00e4iden maiden alueella. Verkkolehti Politicon<a class=\"underline underline-offset-[0.12em] [text-decoration-thickness:var(--generic-link-underline-thickness)] [text-decoration-color:var(--generic-link-underline-color)] [text-decoration-skip-ink:var(--generic-link-underline-skip-ink)] break-words\" href=\"https:\/\/www.politico.eu\/article\/donald-trump-greenland-easy-steps-nato-policy-deal-military\/\" rel=\"nofollow noopener\" target=\"_blank\"> mukaan<\/a> t\u00e4m\u00e4 sopimusidea on otettu j\u00e4lleen esiin aivan viime p\u00e4ivin\u00e4.<\/p>\n<p class=\"article-body mb-nof-24 px-nof-16\">My\u00f6s Euroopan maiden suuren intressin, Ukrainan rauhan k\u00e4ytt\u00e4minen pelikorttina Gr\u00f6nlannissa on Yhdysvalloille mahdollista.<\/p>\n<p class=\"article-body mb-nof-24 px-nof-16\">Silloin skenaario voisi olla, ett\u00e4 Euroopan maat suostuisivat Yhdysvaltojen vaikutusvallan kasvattamiseen Gr\u00f6nlannissa, jos ne saisivat vastineeksi vakuuden Yhdysvaltojen osallistumisesta Ukrainan turvallisuustakuisiin.<\/p>\n<p>Gr\u00f6nlannin ostaminen rahalla osaksi Yhdysvaltoja<\/p>\n<p class=\"article-body mb-nof-24 px-nof-16\">Yhdysvaltain ulkoministeri <a class=\"font-bold underline-offset-[0.12em] [text-decoration:var(--person-link-text-decoration)] ![text-decoration-color:var(--person-link-text-decoration-color)]\" href=\"https:\/\/www.hs.fi\/haku\/?query=Marco%20Rubio\" rel=\"nofollow noopener\" target=\"_blank\">Marco Rubio<\/a> <a class=\"underline underline-offset-[0.12em] [text-decoration-thickness:var(--generic-link-underline-thickness)] [text-decoration-color:var(--generic-link-underline-color)] [text-decoration-skip-ink:var(--generic-link-underline-skip-ink)] break-words\" href=\"https:\/\/www.nytimes.com\/2026\/01\/06\/us\/politics\/rubio-trump-greenland.html\" rel=\"nofollow noopener\" target=\"_blank\">sanoi<\/a> The New York Timesin mukaan maanantaina kongressissa pidetyss\u00e4 tilaisuudessa senaattoreille ja edustajainhuoneen j\u00e4senille, ett\u00e4 Trump aikoisi ennemminkin \u201dostaa\u201d Gr\u00f6nlannin kuin m\u00e4\u00e4r\u00e4t\u00e4 sotilaallisen operaation.<\/p>\n<p class=\"article-body mb-nof-24 px-nof-16\">Rubio ei tarkentanut maanantaina, mit\u00e4 ostaminen voisi tarkoittaa. Demokraattisenaattori <a class=\"font-bold underline-offset-[0.12em] [text-decoration:var(--person-link-text-decoration)] ![text-decoration-color:var(--person-link-text-decoration-color)]\" href=\"https:\/\/www.hs.fi\/haku\/?query=Jeanne%20Shaheen\" rel=\"nofollow noopener\" target=\"_blank\">Jeanne Shaheen<\/a> ja repupublikaanisenaattori <a class=\"font-bold underline-offset-[0.12em] [text-decoration:var(--person-link-text-decoration)] ![text-decoration-color:var(--person-link-text-decoration-color)]\" href=\"https:\/\/www.hs.fi\/haku\/?query=Thom%20Tillis\" rel=\"nofollow noopener\" target=\"_blank\">Thom Tillis<\/a> julkaisivat yhteisen kannanoton Gr\u00f6nlannista.<\/p>\n<p class=\"article-body mb-nof-24 px-nof-16\">\u201dKun Tanska ja Gr\u00f6nlanti tekev\u00e4t selv\u00e4ksi, ett\u00e4 Gr\u00f6nlanti ei ole myyt\u00e4v\u00e4n\u00e4, Yhdysvaltojen on kunnioitettava sopimusvelvoitteitaan ja kunnioitettava Tanskan kuningaskunnan suvereniteettia ja alueellista koskemattomuutta\u201d, kirjoittivat senaatin Nato-tarkkailijaryhm\u00e4\u00e4 johtavat Shaheen ja Tillis.<\/p>\n<p class=\"article-body mb-nof-24 px-nof-16\">Yhdysvaltojen tunnetuin maa-aluekauppa on Alaska, jonka se osti vuonna 1857 Ven\u00e4j\u00e4lt\u00e4. Silloin Alaskan hallinnointi oli Ven\u00e4j\u00e4n mielest\u00e4 vaikeaa ja Yhdysvallat oli kiinnostunut alueen luonnonvaroista.<\/p>\n<p class=\"article-body mb-nof-24 px-nof-16\">Viimeisin kokonaan ostettu alue on tanskalaiselta varustamolta East Asiatic Companylta ostettu, Karibialla sijaitseva pieni Water Island vuonna 1944.<\/p>\n<p>Haltuunotto sotilaallisella voimalla<\/p>\n<p class=\"article-body mb-nof-24 px-nof-16\">Venezuela-tyylinen sotilaallinen operaatio olisi teknisesti Yhdysvalloille Gr\u00f6nlannissa helppo.<\/p>\n<p class=\"article-body mb-nof-24 px-nof-16\">Maanantaina Trumpin neuvonantaja <a class=\"font-bold underline-offset-[0.12em] [text-decoration:var(--person-link-text-decoration)] ![text-decoration-color:var(--person-link-text-decoration-color)]\" href=\"https:\/\/www.hs.fi\/haku\/?query=Stephen%20Miller\" rel=\"nofollow noopener\" target=\"_blank\">Stephen Miller<\/a><a class=\"underline underline-offset-[0.12em] [text-decoration-thickness:var(--generic-link-underline-thickness)] [text-decoration-color:var(--generic-link-underline-color)] [text-decoration-skip-ink:var(--generic-link-underline-skip-ink)] break-words\" href=\"https:\/\/edition.cnn.com\/2026\/01\/05\/politics\/video\/senior-white-house-aide-stephen-miller-says-us-military-threat-to-maintain-control-of-venezuela-digvid\" rel=\"nofollow noopener\" target=\"_blank\"> sanoi <\/a>CNN:lle, ett\u00e4 kukaan ei tule taistelemaan Yhdysvaltojen armeijaa vastaan, kun on kyse Gr\u00f6nlannin tulevaisuudesta. T\u00e4t\u00e4 ennen Millerin vaimo <a class=\"font-bold underline-offset-[0.12em] [text-decoration:var(--person-link-text-decoration)] ![text-decoration-color:var(--person-link-text-decoration-color)]\" href=\"https:\/\/www.hs.fi\/haku\/?query=Katie%20Miller\" rel=\"nofollow noopener\" target=\"_blank\">Katie Miller<\/a> oli jo postannut sosiaalisessa mediassa kuvan Yhdysvaltojen lipun peitt\u00e4m\u00e4st\u00e4 Gr\u00f6nlannista.<\/p>\n<p class=\"article-body mb-nof-24 px-nof-16\">Politicon <a class=\"underline underline-offset-[0.12em] [text-decoration-thickness:var(--generic-link-underline-thickness)] [text-decoration-color:var(--generic-link-underline-color)] [text-decoration-skip-ink:var(--generic-link-underline-skip-ink)] break-words\" href=\"https:\/\/www.politico.eu\/article\/donald-trump-greenland-easy-steps-nato-policy-deal-military\/\" rel=\"nofollow noopener\" target=\"_blank\">haastattelema<\/a> professori <a class=\"font-bold underline-offset-[0.12em] [text-decoration:var(--person-link-text-decoration)] ![text-decoration-color:var(--person-link-text-decoration-color)]\" href=\"https:\/\/www.hs.fi\/haku\/?query=Thomas%20Crosbie\" rel=\"nofollow noopener\" target=\"_blank\">Thomas Crosbie <\/a>Tanskan Kuninkaallisesta puolustuskorkeakoulusta pit\u00e4\u00e4 huolestuttavimpana strategiana maa-alueen valtaamista samaan tapaan kuin Ven\u00e4j\u00e4n johtaja <a class=\"font-bold underline-offset-[0.12em] [text-decoration:var(--person-link-text-decoration)] ![text-decoration-color:var(--person-link-text-decoration-color)]\" href=\"https:\/\/www.hs.fi\/haku\/?query=Vladimir%20Putin\" rel=\"nofollow noopener\" target=\"_blank\">Vladimir Putin<\/a> on tehnyt It\u00e4-Ukrainassa.<\/p>\n<p class=\"article-body mb-nof-24 px-nof-16\">\u201dH\u00e4n voisi yksinkertaisesti l\u00e4hett\u00e4\u00e4 joukkoja maahan ja vain sanoa, ett\u00e4 se on nyt amerikkalainen. Yhdysvaltain armeija kykenee laskemaan mink\u00e4 tahansa m\u00e4\u00e4r\u00e4n joukkoja Gr\u00f6nlantiin joko ilmateitse tai meritse ja sitten v\u00e4itt\u00e4m\u00e4\u00e4n, ett\u00e4 se on Amerikan aluetta\u201d, Crosbie sanoi.<\/p>\n<p class=\"article-body mb-nof-24 px-nof-16\">Gr\u00f6nlannilla ei ole armeijaa. Tanskalla on Gr\u00f6nlannissa arktisen alueen joukot, joihin kuuluu laivoja, koiravaljakkopartio, helikoptereita ja meripartiolentokone. Tanska investoi Tanskan radion <a class=\"underline underline-offset-[0.12em] [text-decoration-thickness:var(--generic-link-underline-thickness)] [text-decoration-color:var(--generic-link-underline-color)] [text-decoration-skip-ink:var(--generic-link-underline-skip-ink)] break-words\" href=\"https:\/\/www.dr.dk\/nyheder\/indland\/mens-trump-taler-om-en-hundeslaede-har-forsvaret-faaet-snescootere-der-kan-kastes-ned-med-faldskaerm\" rel=\"nofollow noopener\" target=\"_blank\">mukaan <\/a>viime vuoden aikana noin 5 miljardia euroa kalustoonsa Gr\u00f6nlannissa. Siihen sis\u00e4ltyv\u00e4t uudet laivat ja droonit eiv\u00e4t kuitenkaan ole viel\u00e4 valmiita.<\/p>\n<p class=\"article-body mb-nof-24 px-nof-16\">Yhdysvalloilla sen sijaan on Gr\u00f6nlannissa 500 sotilasta pohjosessa Pituffikin tukikohdassa ja sen lis\u00e4ksi muita pienempi\u00e4 yksik\u00f6it\u00e4.<\/p>\n","protected":false},"excerpt":{"rendered":"Gr\u00f6nlannin kohtalo|Yhdysvalloilla on useita keinoja, joilla se voi yritt\u00e4\u00e4 kaapata Gr\u00f6nlannin vaikutuspiiriins\u00e4. Vaihtoehtoina ovat esimerkiksi raha ja \u00e4\u00e4rimmill\u00e4\u00e4n&hellip;\n","protected":false},"author":2,"featured_media":135897,"comment_status":"","ping_status":"","sticky":false,"template":"","format":"standard","meta":{"footnotes":""},"categories":[14],"tags":[22,23,26,27,33,31,30,17,46,24,25,28,29,15,18,21,32,19,20,56,16,59,60,61],"class_list":{"0":"post-135896","1":"post","2":"type-post","3":"status-publish","4":"format-standard","5":"has-post-thumbnail","7":"category-ulkomaat","8":"tag-breaking-news","9":"tag-breakingnews","10":"tag-featured-news","11":"tag-featurednews","12":"tag-fi","13":"tag-finland","14":"tag-finnish","15":"tag-headlines","16":"tag-helsingin-sanomat","17":"tag-latest-news","18":"tag-latestnews","19":"tag-main-news","20":"tag-mainnews","21":"tag-news","22":"tag-otsikot","23":"tag-paauutiset","24":"tag-suomi","25":"tag-top-stories","26":"tag-topstories","27":"tag-ulkomaat","28":"tag-uutiset","29":"tag-world","30":"tag-world-news","31":"tag-worldnews"},"share_on_mastodon":{"url":"https:\/\/pubeurope.com\/@fi\/115854095586346194","error":""},"_links":{"self":[{"href":"https:\/\/www.europesays.com\/fi\/wp-json\/wp\/v2\/posts\/135896","targetHints":{"allow":["GET"]}}],"collection":[{"href":"https:\/\/www.europesays.com\/fi\/wp-json\/wp\/v2\/posts"}],"about":[{"href":"https:\/\/www.europesays.com\/fi\/wp-json\/wp\/v2\/types\/post"}],"author":[{"embeddable":true,"href":"https:\/\/www.europesays.com\/fi\/wp-json\/wp\/v2\/users\/2"}],"replies":[{"embeddable":true,"href":"https:\/\/www.europesays.com\/fi\/wp-json\/wp\/v2\/comments?post=135896"}],"version-history":[{"count":0,"href":"https:\/\/www.europesays.com\/fi\/wp-json\/wp\/v2\/posts\/135896\/revisions"}],"wp:featuredmedia":[{"embeddable":true,"href":"https:\/\/www.europesays.com\/fi\/wp-json\/wp\/v2\/media\/135897"}],"wp:attachment":[{"href":"https:\/\/www.europesays.com\/fi\/wp-json\/wp\/v2\/media?parent=135896"}],"wp:term":[{"taxonomy":"category","embeddable":true,"href":"https:\/\/www.europesays.com\/fi\/wp-json\/wp\/v2\/categories?post=135896"},{"taxonomy":"post_tag","embeddable":true,"href":"https:\/\/www.europesays.com\/fi\/wp-json\/wp\/v2\/tags?post=135896"}],"curies":[{"name":"wp","href":"https:\/\/api.w.org\/{rel}","templated":true}]}}