{"id":135900,"date":"2026-01-07T13:40:09","date_gmt":"2026-01-07T13:40:09","guid":{"rendered":"https:\/\/www.europesays.com\/fi\/135900\/"},"modified":"2026-01-07T13:40:09","modified_gmt":"2026-01-07T13:40:09","slug":"joulukuusien-kerays-on-alkanut-vie-kuusi-sekajateastian-viereen","status":"publish","type":"post","link":"https:\/\/www.europesays.com\/fi\/135900\/","title":{"rendered":"Joulukuusien ker\u00e4ys on alkanut: vie kuusi sekaj\u00e4teastian viereen"},"content":{"rendered":"<p>&#13;<br \/>\n\t\t\t\t\t\t\t\t\t\t\t&#13;<br \/>\n\t\t\t\t&#13;<\/p>\n<p>Pirkanmaan J\u00e4tehuollon tiedote 7.1.2026<\/p>\n<p>Perinteiseen tapaan Pirkanmaan J\u00e4tehuolto noutaa joulukuusen kotipihastasi, kun laitat kuusen sekaj\u00e4teastian l\u00e4hettyville joulunpyhien j\u00e4lkeen. Kuuset k\u00e4sitell\u00e4\u00e4n Tammervoiman hy\u00f6tyvoimalassa, joka tuottaa kaukol\u00e4mp\u00f6\u00e4 ja s\u00e4hk\u00f6\u00e4 pirkanmaalaisiin koteihin.<\/p>\n<p>\u2013 Hyv\u00e4 paikka kuuselle on esimerkiksi j\u00e4tekatoksen sivu tai p\u00e4\u00e4ty. Kuusta ei saa laittaa j\u00e4tekatoksen sis\u00e4lle tai j\u00e4teastioiden eteen, koska silloin se haittaa j\u00e4teastioiden tyhjent\u00e4mist\u00e4, kertoo Pirkanmaan J\u00e4tehuollon tekninen p\u00e4\u00e4llikk\u00f6 <strong>Timo Varsala<\/strong>.<\/p>\n<p>Kuusi otetaan sekaj\u00e4teastian tyhjennyksen yhteydess\u00e4 j\u00e4teauton kyytiin alkuvuoden aikana. Kuusen noutohinta on kuntakohtainen lis\u00e4j\u00e4tteen hinta. Katso kuusiker\u00e4yksen hinnat <a href=\"https:\/\/pjhoy.fi\/joulukuusi\" target=\"_blank\" rel=\"noreferrer noopener nofollow\">Pirkanmaan J\u00e4tehuollon verkkosivuilta<\/a>.\u00a0<\/p>\n<p>\u2013 Joulukuusen voi my\u00f6s vied\u00e4 maksutta Koukkuj\u00e4rven tai Tarastenj\u00e4rven j\u00e4tekeskukseen, Varsala lis\u00e4\u00e4.<\/p>\n<p>\t\t\t\t\t&#13;<br \/>\n\t\t\t\t\t&#13;<\/p>\n","protected":false},"excerpt":{"rendered":"&#13; &#13; &#13; Pirkanmaan J\u00e4tehuollon tiedote 7.1.2026 Perinteiseen tapaan Pirkanmaan J\u00e4tehuolto noutaa joulukuusen kotipihastasi, kun laitat kuusen sekaj\u00e4teastian&hellip;\n","protected":false},"author":2,"featured_media":135901,"comment_status":"","ping_status":"","sticky":false,"template":"","format":"standard","meta":{"footnotes":""},"categories":[5],"tags":[22,23,26,27,33,31,30,17,24,25,28,29,15,18,21,32,19,20,16],"class_list":{"0":"post-135900","1":"post","2":"type-post","3":"status-publish","4":"format-standard","5":"has-post-thumbnail","7":"category-otsikot","8":"tag-breaking-news","9":"tag-breakingnews","10":"tag-featured-news","11":"tag-featurednews","12":"tag-fi","13":"tag-finland","14":"tag-finnish","15":"tag-headlines","16":"tag-latest-news","17":"tag-latestnews","18":"tag-main-news","19":"tag-mainnews","20":"tag-news","21":"tag-otsikot","22":"tag-paauutiset","23":"tag-suomi","24":"tag-top-stories","25":"tag-topstories","26":"tag-uutiset"},"share_on_mastodon":{"url":"https:\/\/pubeurope.com\/@fi\/115854103305637002","error":""},"_links":{"self":[{"href":"https:\/\/www.europesays.com\/fi\/wp-json\/wp\/v2\/posts\/135900","targetHints":{"allow":["GET"]}}],"collection":[{"href":"https:\/\/www.europesays.com\/fi\/wp-json\/wp\/v2\/posts"}],"about":[{"href":"https:\/\/www.europesays.com\/fi\/wp-json\/wp\/v2\/types\/post"}],"author":[{"embeddable":true,"href":"https:\/\/www.europesays.com\/fi\/wp-json\/wp\/v2\/users\/2"}],"replies":[{"embeddable":true,"href":"https:\/\/www.europesays.com\/fi\/wp-json\/wp\/v2\/comments?post=135900"}],"version-history":[{"count":0,"href":"https:\/\/www.europesays.com\/fi\/wp-json\/wp\/v2\/posts\/135900\/revisions"}],"wp:featuredmedia":[{"embeddable":true,"href":"https:\/\/www.europesays.com\/fi\/wp-json\/wp\/v2\/media\/135901"}],"wp:attachment":[{"href":"https:\/\/www.europesays.com\/fi\/wp-json\/wp\/v2\/media?parent=135900"}],"wp:term":[{"taxonomy":"category","embeddable":true,"href":"https:\/\/www.europesays.com\/fi\/wp-json\/wp\/v2\/categories?post=135900"},{"taxonomy":"post_tag","embeddable":true,"href":"https:\/\/www.europesays.com\/fi\/wp-json\/wp\/v2\/tags?post=135900"}],"curies":[{"name":"wp","href":"https:\/\/api.w.org\/{rel}","templated":true}]}}