{"id":135912,"date":"2026-01-07T14:02:05","date_gmt":"2026-01-07T14:02:05","guid":{"rendered":"https:\/\/www.europesays.com\/fi\/135912\/"},"modified":"2026-01-07T14:02:05","modified_gmt":"2026-01-07T14:02:05","slug":"talta-nayttaa-razr-fold-motorola-julkaisi-ensimmaiset-tiedot-ja-kuvat-ensimmaisesta-kirjamallin-taittuvasta-puhelimestaan","status":"publish","type":"post","link":"https:\/\/www.europesays.com\/fi\/135912\/","title":{"rendered":"T\u00e4lt\u00e4 n\u00e4ytt\u00e4\u00e4 Razr Fold \u2013 Motorola julkaisi ensimm\u00e4iset tiedot ja kuvat ensimm\u00e4isest\u00e4 kirjamallin taittuvasta puhelimestaan"},"content":{"rendered":"<p><a href=\"https:\/\/mobiili.fi\/wp-content\/uploads\/2026\/01\/motorola_razr_fold_pre_1.jpg\" data-lightbox=\"image\" rel=\"nofollow noopener\" target=\"_blank\"><img fetchpriority=\"high\" decoding=\"async\" aria-describedby=\"caption-attachment-271321\" class=\"size-large wp-image-271321\" src=\"data:image\/svg+xml,%3Csvg%20xmlns=\" http:=\"\" alt=\"Motorola Razr Fold, Pantone Blackened Blue.\" width=\"1200\" height=\"1200\" data-lazy- data-lazy- data-lazy-src=\"https:\/\/www.europesays.com\/fi\/wp-content\/uploads\/2026\/01\/motorola_razr_fold_pre_1-1200x1200.jpg\"\/><\/a><\/p>\n<p id=\"caption-attachment-271321\" class=\"wp-caption-text\">Motorola Razr Fold, Pantone Blackened Blue.<\/p>\n<p>Motorola on julkistanut Las Vegasin CES-messujen yhteydess\u00e4 ensimm\u00e4iset tiedot ensimm\u00e4isest\u00e4 kirjamallin taittuvasta puhelimestaan Razr Foldista.<\/p>\n<p>Razr-puhelimillaan Motorola on lukeutunut taittuvan\u00e4ytt\u00f6isten simpukkapuhelinten suunnann\u00e4ytt\u00e4jiin, mutta Razr Foldilla se l\u00e4htee nyt haastamaan esimerkiksi Samsungin ja Honorin my\u00f6s suurempien sivusuunnassa auki taittuvien puhelinten markkinoilla.<\/p>\n<p>Razr Fold julkistettiin nyt p\u00e4\u00e4piirteilt\u00e4\u00e4n, mutta kaikkia yksityiskohtia kuten ei my\u00f6sk\u00e4\u00e4n tietoja saatavuudesta tai hinnasta ei viel\u00e4 kuultu. Motorolan mukaan se kertoo Razr Foldista lis\u00e4\u00e4 tulevien kuukausien aikana.<\/p>\n<p style=\"width: 98%; text-align: center; font-size:13px; border-bottom: 1px solid #C8C8C8; line-height: 0.1em; margin: 8px 1% 16px 1%;\">MAINOS (ARTIKKELI JATKUU ALLA)<\/p>\n<p>Razr Fold on varustettu 6,56 tuuman kansin\u00e4yt\u00f6ll\u00e4 ja sis\u00e4lt\u00e4 auki taittuvalla 8,09 tuuman LTPO-n\u00e4yt\u00f6ll\u00e4, jonka tarkkuus on 2K-tasoa.<\/p>\n<p>Mukana Razr Foldissa on tuki Moto Pen Ultra -stylus-kyn\u00e4lle.<\/p>\n<p><a href=\"https:\/\/mobiili.fi\/wp-content\/uploads\/2026\/01\/motorola_razr_fold_pre_2.jpg\" data-lightbox=\"image\" rel=\"nofollow noopener\" target=\"_blank\"><img loading=\"lazy\" decoding=\"async\" aria-describedby=\"caption-attachment-271322\" class=\"size-large wp-image-271322\" src=\"data:image\/svg+xml,%3Csvg%20xmlns=\" http:=\"\" alt=\"Motorola Razr Fold, Pantone Lily White.\" width=\"1200\" height=\"1200\" data-lazy- data-lazy- data-lazy-src=\"https:\/\/www.europesays.com\/fi\/wp-content\/uploads\/2026\/01\/motorola_razr_fold_pre_2-1200x1200.jpg\"\/><\/a><\/p>\n<p id=\"caption-attachment-271322\" class=\"wp-caption-text\">Motorola Razr Fold, Pantone Lily White.<\/p>\n<p>Kameroihin Motorola n\u00e4ytt\u00e4\u00e4 panostaneen varsin vahvasti. Takana Razr Foldissa on kolme kameraa:<\/p>\n<ul>\n<li>50 megapikselin p\u00e4\u00e4kamera 1\/1,28\u2033 Sony LYT-828 -kennolla, 1,22 mikronin pikselikoolla (nelj\u00e4 pikseli\u00e4 yhdist\u00e4en 2,44 mikronia) ja optisella kuvanvakaimella (3,5\u00b0)<\/li>\n<li>50 megapikselin 122,1 asteen ultralaajakulmakamera 0,64 mikronin pikselikoolla ja makrokuvauksella<\/li>\n<li>50 megapikselin 3x optisen zoomin periskooppirakenteinen Sony LYT-600 -kennolla, 0,8 mikronin pikselikoolla (nelj\u00e4 pikseli\u00e4 yhdist\u00e4en 1,6 mikronia) ja optisella kuvanvakaimella, 100x digizoom<\/li>\n<\/ul>\n<p style=\"width: 98%; text-align: center; font-size:13px; border-bottom: 1px solid #C8C8C8; line-height: 0.1em; margin: 8px 1% 16px 1%;\">MAINOS (ARTIKKELI JATKUU ALLA)<\/p>\n<p>Videokuvauksessa tuettuna on Dolby Vision. P\u00e4\u00e4kamera tukee videokuvausta jopa 8K-tarkkuudella, ultralaajakulma- ja telekamerakin 4K 60 fps -tarkkuudella.<\/p>\n<p>Lis\u00e4ksi Razr Fold sis\u00e4lt\u00e4\u00e4 32 megapikselin etukameran ulko- ja 20 megapikselin etukameran sis\u00e4puolella.<\/p>\n<p>Razr Foldin kaksi v\u00e4rivaihtoehtoa ovat Pantone Blackened Blue ja Pantone Lily White.<\/p>\n<p>Ohjelmiston puolella Motorola kertoo yll\u00e4tyksett\u00f6m\u00e4sti Razr Foldissa panostetun sis\u00e4lt\u00f6jen mukautumiseen suurelle n\u00e4yt\u00f6lle sek\u00e4 moniajo-ominaisuuksiin.<\/p>\n<p><a href=\"https:\/\/mobiili.fi\/wp-content\/uploads\/2026\/01\/moto_pen_ultra_pre_3.jpg\" data-lightbox=\"image\" rel=\"nofollow noopener\" target=\"_blank\"><img loading=\"lazy\" decoding=\"async\" aria-describedby=\"caption-attachment-271356\" class=\"size-large wp-image-271356\" src=\"data:image\/svg+xml,%3Csvg%20xmlns=\" http:=\"\" alt=\"Razr Fold tukee Moto Pen Ultra -kyn\u00e4\u00e4.\" width=\"1200\" height=\"1200\" data-lazy- data-lazy- data-lazy-src=\"https:\/\/www.europesays.com\/fi\/wp-content\/uploads\/2026\/01\/moto_pen_ultra_pre_3-1200x1200.jpg\"\/><\/a><\/p>\n<p id=\"caption-attachment-271356\" class=\"wp-caption-text\">Razr Fold tukee Moto Pen Ultra -kyn\u00e4\u00e4.<\/p>\n<p style=\"width: 98%; text-align: center; font-size:13px; border-bottom: 1px solid #C8C8C8; line-height: 0.1em; margin: 8px 1% 16px 1%;\">MAINOS (ARTIKKELI JATKUU ALLA)<\/p>\n<p>Lis\u00e4ksi samalla Motorola julkisti my\u00f6s uuden Razr Foldin kanssa yhteensopivan Moto Pen Ultra -stylus-kyn\u00e4n. Kyn\u00e4ss\u00e4 on pienikokoinen k\u00e4rki, painallusvoiman ja kulman tunnistus. Kyn\u00e4n k\u00e4ytt\u00f6\u00e4 tukee n\u00e4yt\u00f6lle avautuva pikavalikko, josta voi hallita kyn\u00e4n asetuksia. Kyn\u00e4n mukana toimitetaan s\u00e4ilytys- ja latauskotelo.<\/p>\n<p>Kyn\u00e4n kanssa k\u00e4ytett\u00e4viss\u00e4 ovat Quick Clip, jolla voi nopeasti korostaa ja tallentaa sis\u00e4lt\u00f6j\u00e4 muistiinpanoihin, Speed Share -ehdotukset muistiinpanojen nopeaan jakamiseen sek\u00e4 Sketch to Image, joka muuntaa piirrokset teko\u00e4lyll\u00e4 kuviksi.<\/p>\n<p><a href=\"https:\/\/mobiili.fi\/wp-content\/uploads\/2026\/01\/motorola_razr_fold_pre_3.jpg\" data-lightbox=\"image\" rel=\"nofollow noopener\" target=\"_blank\"><img loading=\"lazy\" decoding=\"async\" aria-describedby=\"caption-attachment-271323\" class=\"size-large wp-image-271323\" src=\"data:image\/svg+xml,%3Csvg%20xmlns=\" http:=\"\" alt=\"Motorola Razr Fold.\" width=\"1200\" height=\"1200\" data-lazy- data-lazy- data-lazy-src=\"https:\/\/www.europesays.com\/fi\/wp-content\/uploads\/2026\/01\/motorola_razr_fold_pre_3-1200x1200.jpg\"\/><\/a><\/p>\n<p id=\"caption-attachment-271323\" class=\"wp-caption-text\">Motorola Razr Fold.<\/p>\n<p>Mainos: <a href=\"https:\/\/hinta.fi\/?src=gPp6fX03\" target=\"_blank\" rel=\"nofollow noopener\">Noin 1 600 000 tuotteen hintavertailu ja hintaseuranta &#8211; katso Hinta.fist\u00e4 mist\u00e4 saat halvimmalla<\/a><\/p>\n","protected":false},"excerpt":{"rendered":"Motorola Razr Fold, Pantone Blackened Blue. Motorola on julkistanut Las Vegasin CES-messujen yhteydess\u00e4 ensimm\u00e4iset tiedot ensimm\u00e4isest\u00e4 kirjamallin taittuvasta&hellip;\n","protected":false},"author":2,"featured_media":135913,"comment_status":"","ping_status":"","sticky":false,"template":"","format":"standard","meta":{"footnotes":""},"categories":[84],"tags":[33,31,30,32,91,92],"class_list":{"0":"post-135912","1":"post","2":"type-post","3":"status-publish","4":"format-standard","5":"has-post-thumbnail","7":"category-teknologia","8":"tag-fi","9":"tag-finland","10":"tag-finnish","11":"tag-suomi","12":"tag-technology","13":"tag-teknologia"},"share_on_mastodon":{"url":"https:\/\/pubeurope.com\/@fi\/115854189804112271","error":""},"_links":{"self":[{"href":"https:\/\/www.europesays.com\/fi\/wp-json\/wp\/v2\/posts\/135912","targetHints":{"allow":["GET"]}}],"collection":[{"href":"https:\/\/www.europesays.com\/fi\/wp-json\/wp\/v2\/posts"}],"about":[{"href":"https:\/\/www.europesays.com\/fi\/wp-json\/wp\/v2\/types\/post"}],"author":[{"embeddable":true,"href":"https:\/\/www.europesays.com\/fi\/wp-json\/wp\/v2\/users\/2"}],"replies":[{"embeddable":true,"href":"https:\/\/www.europesays.com\/fi\/wp-json\/wp\/v2\/comments?post=135912"}],"version-history":[{"count":0,"href":"https:\/\/www.europesays.com\/fi\/wp-json\/wp\/v2\/posts\/135912\/revisions"}],"wp:featuredmedia":[{"embeddable":true,"href":"https:\/\/www.europesays.com\/fi\/wp-json\/wp\/v2\/media\/135913"}],"wp:attachment":[{"href":"https:\/\/www.europesays.com\/fi\/wp-json\/wp\/v2\/media?parent=135912"}],"wp:term":[{"taxonomy":"category","embeddable":true,"href":"https:\/\/www.europesays.com\/fi\/wp-json\/wp\/v2\/categories?post=135912"},{"taxonomy":"post_tag","embeddable":true,"href":"https:\/\/www.europesays.com\/fi\/wp-json\/wp\/v2\/tags?post=135912"}],"curies":[{"name":"wp","href":"https:\/\/api.w.org\/{rel}","templated":true}]}}