{"id":135914,"date":"2026-01-07T14:03:03","date_gmt":"2026-01-07T14:03:03","guid":{"rendered":"https:\/\/www.europesays.com\/fi\/135914\/"},"modified":"2026-01-07T14:03:03","modified_gmt":"2026-01-07T14:03:03","slug":"lappset-vahentaa-vakea-40-henkilotyovuoden-verran-lappi","status":"publish","type":"post","link":"https:\/\/www.europesays.com\/fi\/135914\/","title":{"rendered":"Lappset v\u00e4hent\u00e4\u00e4 v\u00e4ke\u00e4 40 henkil\u00f6\u00adty\u00f6\u00advuoden verran | Lappi"},"content":{"rendered":"<p class=\"aw-1gybjub aw-5vja16 kEtdKx kmuxyA yle__article__paragraph\">Lappset on saanut valmiiksi marraskuussa 2025 alkaneet muutos\u00adneuvottelut. Yhti\u00f6 kertoi neuvotteluiden alussa enimmill\u00e4\u00e4n 50 henkil\u00f6\u00adty\u00f6\u00advuoden v\u00e4hennys\u00adtarpeesta. <\/p>\n<p><img decoding=\"async\" alt=\"Havainnekuva Muumipuistosta\" src=\"https:\/\/www.europesays.com\/fi\/wp-content\/uploads\/2026\/01\/39-6435795e4a909034d49.jpeg\" class=\"aw-1l9m598 hKVVvP\"\/><\/p>\n<p>Avaa kuvien katselu<\/p>\n<p>Havainnekuva Muumipuistosta esitt\u00e4\u00e4 Lappsetin tuotteiden kirjoa. Kuva: Lappset Group<\/p>\n<p class=\"aw-1gybjub aw-1p7kakr kEtdKx cEmitX yle__article__paragraph\">Leikki- ja liikuntav\u00e4lineit\u00e4 valmistava rovaniemel\u00e4inen Lappset Group Oy on saanut valmiiksi viimeisimm\u00e4t muutosneuvottelut. Ne koskivat koko konsernia ja kaikkia ty\u00f6ntekij\u00f6it\u00e4 Suomessa.<\/p>\n<p class=\"aw-1gybjub aw-1p7kakr kEtdKx cEmitX yle__article__paragraph\">Neuvottelujen tuloksena Suomen emoyhti\u00f6ss\u00e4 v\u00e4hennet\u00e4\u00e4n henkil\u00f6st\u00f6\u00e4 40 henkil\u00f6ty\u00f6vuoden verran. Lappset-konsernissa ty\u00f6skentelee t\u00e4ll\u00e4 hetkell\u00e4 yhteens\u00e4 noin 400 henkil\u00f6\u00e4, joista Suomessa noin 240 ja Rovaniemell\u00e4 170.<\/p>\n<p class=\"aw-1gybjub aw-1p7kakr kEtdKx cEmitX yle__article__paragraph\">Yhti\u00f6 arvioi neuvottelujen alussa marraskuussa, ett\u00e4 henkil\u00f6st\u00f6n v\u00e4hennys\u00ad\u00adtarve olisi ollut enimmill\u00e4\u00e4n 50 henkil\u00f6\u00ad\u00adty\u00f6\u00advuotta.<\/p>\n<p class=\"aw-1gybjub aw-1p7kakr kEtdKx cEmitX yle__article__paragraph\">Lappset on menett\u00e4nyt tilauksia viime aikoina, sill\u00e4 Euroopassa panostetaan t\u00e4ll\u00e4 hetkell\u00e4 erityisesti puolustukseen ja Suomessa kunnilla ei ole rahaa investoida kouluihin ja leikkipuistoihin.<\/p>\n<p class=\"aw-1gybjub aw-1p7kakr kEtdKx cEmitX yle__article__paragraph\">Lappset irtisanoi toimihenkil\u00f6it\u00e4 viimeksi kes\u00e4kuussa 2024. Osa irtisanotuista 12 henkil\u00f6st\u00e4 oli ty\u00f6skennellyt Rovaniemell\u00e4 ja osa Helsingiss\u00e4.<\/p>\n","protected":false},"excerpt":{"rendered":"Lappset on saanut valmiiksi marraskuussa 2025 alkaneet muutos\u00adneuvottelut. Yhti\u00f6 kertoi neuvotteluiden alussa enimmill\u00e4\u00e4n 50 henkil\u00f6\u00adty\u00f6\u00advuoden v\u00e4hennys\u00adtarpeesta. Avaa kuvien&hellip;\n","protected":false},"author":2,"featured_media":135915,"comment_status":"","ping_status":"","sticky":false,"template":"","format":"standard","meta":{"footnotes":""},"categories":[76],"tags":[79,77,33,31,30,667,23760,23759,5031,3514,23761,1057,32,78],"class_list":{"0":"post-135914","1":"post","2":"type-post","3":"status-publish","4":"format-standard","5":"has-post-thumbnail","7":"category-talous","8":"tag-business","9":"tag-economy","10":"tag-fi","11":"tag-finland","12":"tag-finnish","13":"tag-lappi","14":"tag-lappset-group","15":"tag-leikkipuistot","16":"tag-lomautukset-ja-irtisanomiset","17":"tag-muutosneuvottelut","18":"tag-puisto-ja-pihaleikkikalusteet","19":"tag-rovaniemi","20":"tag-suomi","21":"tag-talous"},"share_on_mastodon":{"url":"https:\/\/pubeurope.com\/@fi\/115854194069478425","error":""},"_links":{"self":[{"href":"https:\/\/www.europesays.com\/fi\/wp-json\/wp\/v2\/posts\/135914","targetHints":{"allow":["GET"]}}],"collection":[{"href":"https:\/\/www.europesays.com\/fi\/wp-json\/wp\/v2\/posts"}],"about":[{"href":"https:\/\/www.europesays.com\/fi\/wp-json\/wp\/v2\/types\/post"}],"author":[{"embeddable":true,"href":"https:\/\/www.europesays.com\/fi\/wp-json\/wp\/v2\/users\/2"}],"replies":[{"embeddable":true,"href":"https:\/\/www.europesays.com\/fi\/wp-json\/wp\/v2\/comments?post=135914"}],"version-history":[{"count":0,"href":"https:\/\/www.europesays.com\/fi\/wp-json\/wp\/v2\/posts\/135914\/revisions"}],"wp:featuredmedia":[{"embeddable":true,"href":"https:\/\/www.europesays.com\/fi\/wp-json\/wp\/v2\/media\/135915"}],"wp:attachment":[{"href":"https:\/\/www.europesays.com\/fi\/wp-json\/wp\/v2\/media?parent=135914"}],"wp:term":[{"taxonomy":"category","embeddable":true,"href":"https:\/\/www.europesays.com\/fi\/wp-json\/wp\/v2\/categories?post=135914"},{"taxonomy":"post_tag","embeddable":true,"href":"https:\/\/www.europesays.com\/fi\/wp-json\/wp\/v2\/tags?post=135914"}],"curies":[{"name":"wp","href":"https:\/\/api.w.org\/{rel}","templated":true}]}}