{"id":135916,"date":"2026-01-07T14:04:09","date_gmt":"2026-01-07T14:04:09","guid":{"rendered":"https:\/\/www.europesays.com\/fi\/135916\/"},"modified":"2026-01-07T14:04:09","modified_gmt":"2026-01-07T14:04:09","slug":"stt-oikoo-kolmea-gaza-uutistaan-hs-fi","status":"publish","type":"post","link":"https:\/\/www.europesays.com\/fi\/135916\/","title":{"rendered":"STT oikoo kolmea Gaza-uutistaan | HS.fi"},"content":{"rendered":"<p>Gaza|Suomen tietotoimisto eli STT kertoo julkaisseensa kolme harhaanjohtavaa uutista Gazan tilanteesta.<\/p>\n<p class=\"article-body mb-nof-24 px-nof-16\">Ep\u00e4selvyydet liittyv\u00e4t kolmeen juttuun, jotka kertovat Gazan joukkohaudoista. Ne on julkaistu 2024. Artikkeleissa kerrottiin my\u00f6s al-Shifan sairaalan alueelta l\u00f6ydetyst\u00e4 joukkohaudasta.<\/p>\n<p class=\"article-body mb-nof-24 px-nof-16\">STT j\u00e4tti kuitenkin artikkeleissa viittaamatta marraskuun 2023 uutisointiin <a class=\"underline underline-offset-[0.12em] [text-decoration-thickness:var(--generic-link-underline-thickness)] [text-decoration-color:var(--generic-link-underline-color)] [text-decoration-skip-ink:var(--generic-link-underline-skip-ink)] break-words\" href=\"https:\/\/www.mtvuutiset.fi\/artikkeli\/tama-on-tilanne-gazassa-nyt-sairaalalla-joukkohauta-israel-sanoo-vallanneensa-parlamentin\/8819106\" rel=\"nofollow noopener\" target=\"_blank\">al-Shifan sairaalan joukkohaudasta<\/a>. Siit\u00e4 k\u00e4y ilmi, ett\u00e4 tieto yhdest\u00e4 joukkohaudasta tuli julki jo ennen kuin Israelin armeija eteni sairaalan alueelle. Artikkelissa my\u00f6s kerrotaan, ett\u00e4 haudattujen joukossa on polttoainepulan takia kuolleita vauvoja ja tehohoidossa olleita potilaita.<\/p>\n<p class=\"article-body mb-nof-24 px-nof-16\">Vuoden 2024 uutisista voikin saada k\u00e4sityksen, ett\u00e4 al-Shifan joukkohauta olisi per\u00e4isin ajalta, jolloin Israelin joukot olivat jo alueella.<\/p>\n<p class=\"article-body mb-nof-24 px-nof-16\">Toisaalta STT kertoo, ettei se ole voinut varmistaa, onko vuonna 2023 uutisoitu joukkohauta sama, josta vuoden 2024 uutisissa puhutaan.<\/p>\n<p class=\"article-body mb-nof-24 px-nof-16\">STT kertoo asiasta viestipalvelu X:ss\u00e4 sek\u00e4 asiaa k\u00e4sittelev\u00e4ss\u00e4 STT:n<a class=\"underline underline-offset-[0.12em] [text-decoration-thickness:var(--generic-link-underline-thickness)] [text-decoration-color:var(--generic-link-underline-color)] [text-decoration-skip-ink:var(--generic-link-underline-skip-ink)] break-words\" href=\"https:\/\/www.ess.fi\/uutissuomalainen\/9114940\" rel=\"nofollow noopener\" target=\"_blank\"> uutisessa<\/a>. Jutussa viitataan my\u00f6s ongelmiin, jotka liittyv\u00e4t Britannian yleisradioyhti\u00f6 BBC:n uutisointiin joukkohaudoista.<\/p>\n<p class=\"article-body mb-nof-24 px-nof-16\">Helsingin Sanomat on julkaissut STT:n vuoden 2024 kolmesta artikkelista kaksi. Niihin on nyt lis\u00e4tty tieto vuoden 2023 joukkohautal\u00f6yd\u00f6st\u00e4:<\/p>\n<p class=\"article-body mb-nof-24 px-nof-16\"><a class=\"underline underline-offset-[0.12em] [text-decoration-thickness:var(--generic-link-underline-thickness)] [text-decoration-color:var(--generic-link-underline-color)] [text-decoration-skip-ink:var(--generic-link-underline-skip-ink)] break-words\" href=\"https:\/\/www.hs.fi\/maailma\/art-2000010376119.html\" rel=\"nofollow noopener\" target=\"_blank\">Gazan viranomaiset: Sairaalalta Khan Yunisista l\u00f6ydetty ainakin 180 ruumista<\/a><\/p>\n<p class=\"article-body mb-nof-24 px-nof-16\"><a class=\"underline underline-offset-[0.12em] [text-decoration-thickness:var(--generic-link-underline-thickness)] [text-decoration-color:var(--generic-link-underline-color)] [text-decoration-skip-ink:var(--generic-link-underline-skip-ink)] break-words\" href=\"https:\/\/www.hs.fi\/maailma\/art-2000010419117.html\" rel=\"nofollow noopener\" target=\"_blank\">Yhdysvallat: Israelin voi olettaa rikkoneen kansain\u00adv\u00e4list\u00e4 oikeutta Gazassa<\/a><\/p>\n","protected":false},"excerpt":{"rendered":"Gaza|Suomen tietotoimisto eli STT kertoo julkaisseensa kolme harhaanjohtavaa uutista Gazan tilanteesta. Ep\u00e4selvyydet liittyv\u00e4t kolmeen juttuun, jotka kertovat Gazan&hellip;\n","protected":false},"author":2,"featured_media":96697,"comment_status":"","ping_status":"","sticky":false,"template":"","format":"standard","meta":{"footnotes":""},"categories":[14],"tags":[22,23,26,27,33,31,30,17,46,24,25,28,29,15,18,21,32,19,20,56,16,59,60,61],"class_list":{"0":"post-135916","1":"post","2":"type-post","3":"status-publish","4":"format-standard","5":"has-post-thumbnail","7":"category-ulkomaat","8":"tag-breaking-news","9":"tag-breakingnews","10":"tag-featured-news","11":"tag-featurednews","12":"tag-fi","13":"tag-finland","14":"tag-finnish","15":"tag-headlines","16":"tag-helsingin-sanomat","17":"tag-latest-news","18":"tag-latestnews","19":"tag-main-news","20":"tag-mainnews","21":"tag-news","22":"tag-otsikot","23":"tag-paauutiset","24":"tag-suomi","25":"tag-top-stories","26":"tag-topstories","27":"tag-ulkomaat","28":"tag-uutiset","29":"tag-world","30":"tag-world-news","31":"tag-worldnews"},"share_on_mastodon":{"url":"https:\/\/pubeurope.com\/@fi\/115854205489005572","error":""},"_links":{"self":[{"href":"https:\/\/www.europesays.com\/fi\/wp-json\/wp\/v2\/posts\/135916","targetHints":{"allow":["GET"]}}],"collection":[{"href":"https:\/\/www.europesays.com\/fi\/wp-json\/wp\/v2\/posts"}],"about":[{"href":"https:\/\/www.europesays.com\/fi\/wp-json\/wp\/v2\/types\/post"}],"author":[{"embeddable":true,"href":"https:\/\/www.europesays.com\/fi\/wp-json\/wp\/v2\/users\/2"}],"replies":[{"embeddable":true,"href":"https:\/\/www.europesays.com\/fi\/wp-json\/wp\/v2\/comments?post=135916"}],"version-history":[{"count":0,"href":"https:\/\/www.europesays.com\/fi\/wp-json\/wp\/v2\/posts\/135916\/revisions"}],"wp:featuredmedia":[{"embeddable":true,"href":"https:\/\/www.europesays.com\/fi\/wp-json\/wp\/v2\/media\/96697"}],"wp:attachment":[{"href":"https:\/\/www.europesays.com\/fi\/wp-json\/wp\/v2\/media?parent=135916"}],"wp:term":[{"taxonomy":"category","embeddable":true,"href":"https:\/\/www.europesays.com\/fi\/wp-json\/wp\/v2\/categories?post=135916"},{"taxonomy":"post_tag","embeddable":true,"href":"https:\/\/www.europesays.com\/fi\/wp-json\/wp\/v2\/tags?post=135916"}],"curies":[{"name":"wp","href":"https:\/\/api.w.org\/{rel}","templated":true}]}}