{"id":135919,"date":"2026-01-07T14:06:08","date_gmt":"2026-01-07T14:06:08","guid":{"rendered":"https:\/\/www.europesays.com\/fi\/135919\/"},"modified":"2026-01-07T14:06:08","modified_gmt":"2026-01-07T14:06:08","slug":"kymi-sinfoniettan-kevatkausi-kaynnistyy-konserttitanssiaisilla-konserttien-alkamisajankohta-muuttuu","status":"publish","type":"post","link":"https:\/\/www.europesays.com\/fi\/135919\/","title":{"rendered":"Kymi Sinfoniettan kev\u00e4tkausi k\u00e4ynnistyy konserttitanssiaisilla \u2013 konserttien alkamisajankohta muuttuu"},"content":{"rendered":"<p>Kymi Sinfoniettan upea konserttitanssiaisperinne elvytet\u00e4\u00e4n t\u00e4m\u00e4n viikon perjantaina 9.1. klo 18.30 Kotkan konserttitalolla. Tanssilattia on avoinna niin parkettien partaveitsille kuin livemusiikin hurmasta muuten vain nauttiville! Illan musiikkimaisemat vaihtuvat ihanista wienil\u00e4isist\u00e4 valsseista ja polkista kotimaisiin klassikoihin ja argentiinalaisen tangon sykkiv\u00e4\u00e4n rytmiin kapellimestari Sauli Saarisen johdolla.<\/p>\n<p>Vuoden 2017 Tangokuningatar Aino Niemi her\u00e4tt\u00e4\u00e4 laulullaan henkiin nostalgiset ikivihre\u00e4t Satumaasta Akselin ja Elinan h\u00e4\u00e4valssiin. Yleis\u00f6\u00e4 tanssittaa orkesterin tauoilla harmonikansoittajat Kalle Kurvinen ja Mika Huusari yhtyeineen.<\/p>\n<p>Konserttien alkamisajankohta muuttuu<\/p>\n<p>Kymi Sinfoniettan konsertit alkavat jatkossa klo 18.30 klo 19 sijaan paria poikkeusta lukuun ottamatta (mm. lastenkonsertti, Joshua Jamesin vierailu ja Radion sinfoniaorkesterin konsertti). Monet sinfoniaorkesterit ja teatterit Suomessa ovat siirtyneet aikaisempaan tapahtumien alkamisajankohtaan perinteisen klo 19 sijaan. Orkesteri toteutti syyskaudella kyselyn yleis\u00f6ns\u00e4 keskuudessa, ja sen perusteella konserttien alkamisaika p\u00e4\u00e4tettiin muuttaa klo 18.30:een.<\/p>\n<p>Lis\u00e4tiedot: <a href=\"https:\/\/kymisinfonietta.fi\/\" target=\"_blank\" rel=\"noopener nofollow\">Kymisinfonietta.fi<\/a><\/p>\n","protected":false},"excerpt":{"rendered":"Kymi Sinfoniettan upea konserttitanssiaisperinne elvytet\u00e4\u00e4n t\u00e4m\u00e4n viikon perjantaina 9.1. klo 18.30 Kotkan konserttitalolla. Tanssilattia on avoinna niin parkettien&hellip;\n","protected":false},"author":2,"featured_media":135920,"comment_status":"","ping_status":"","sticky":false,"template":"","format":"standard","meta":{"footnotes":""},"categories":[5],"tags":[22,23,26,27,33,31,30,17,24,25,28,29,15,18,21,32,19,20,16],"class_list":{"0":"post-135919","1":"post","2":"type-post","3":"status-publish","4":"format-standard","5":"has-post-thumbnail","7":"category-otsikot","8":"tag-breaking-news","9":"tag-breakingnews","10":"tag-featured-news","11":"tag-featurednews","12":"tag-fi","13":"tag-finland","14":"tag-finnish","15":"tag-headlines","16":"tag-latest-news","17":"tag-latestnews","18":"tag-main-news","19":"tag-mainnews","20":"tag-news","21":"tag-otsikot","22":"tag-paauutiset","23":"tag-suomi","24":"tag-top-stories","25":"tag-topstories","26":"tag-uutiset"},"share_on_mastodon":{"url":"https:\/\/pubeurope.com\/@fi\/115854205643191418","error":""},"_links":{"self":[{"href":"https:\/\/www.europesays.com\/fi\/wp-json\/wp\/v2\/posts\/135919","targetHints":{"allow":["GET"]}}],"collection":[{"href":"https:\/\/www.europesays.com\/fi\/wp-json\/wp\/v2\/posts"}],"about":[{"href":"https:\/\/www.europesays.com\/fi\/wp-json\/wp\/v2\/types\/post"}],"author":[{"embeddable":true,"href":"https:\/\/www.europesays.com\/fi\/wp-json\/wp\/v2\/users\/2"}],"replies":[{"embeddable":true,"href":"https:\/\/www.europesays.com\/fi\/wp-json\/wp\/v2\/comments?post=135919"}],"version-history":[{"count":0,"href":"https:\/\/www.europesays.com\/fi\/wp-json\/wp\/v2\/posts\/135919\/revisions"}],"wp:featuredmedia":[{"embeddable":true,"href":"https:\/\/www.europesays.com\/fi\/wp-json\/wp\/v2\/media\/135920"}],"wp:attachment":[{"href":"https:\/\/www.europesays.com\/fi\/wp-json\/wp\/v2\/media?parent=135919"}],"wp:term":[{"taxonomy":"category","embeddable":true,"href":"https:\/\/www.europesays.com\/fi\/wp-json\/wp\/v2\/categories?post=135919"},{"taxonomy":"post_tag","embeddable":true,"href":"https:\/\/www.europesays.com\/fi\/wp-json\/wp\/v2\/tags?post=135919"}],"curies":[{"name":"wp","href":"https:\/\/api.w.org\/{rel}","templated":true}]}}