{"id":135921,"date":"2026-01-07T14:18:08","date_gmt":"2026-01-07T14:18:08","guid":{"rendered":"https:\/\/www.europesays.com\/fi\/135921\/"},"modified":"2026-01-07T14:18:08","modified_gmt":"2026-01-07T14:18:08","slug":"enni-koistisen-rohkea-kuva-jakaa-kiitosta","status":"publish","type":"post","link":"https:\/\/www.europesays.com\/fi\/135921\/","title":{"rendered":"Enni Koistisen rohkea kuva jakaa kiitosta"},"content":{"rendered":"<p>\n            Enni Koistinen<br \/>\n            Nelonen Media\n        <\/p>\n<p class=\"subtitle \">Farmi Suomestakin tuttu podcast-juontaja raottaa siloiteltujen somekuvien verhoa.<\/p>\n<p class=\"article-content article-content-width !bg-background\">Tuplak\u00e4\u00e4k-podcastia juontava  kertaa viime vuonna startannutta \u00e4itiysmatkaansa.<\/p>\n<p class=\"font-weight-bold m-font-weight-bold article-content article-content-width !bg-background\">Kirsikka Simberg Seiskan julkkishaasteessa:<\/p>\n<p class=\"article-content article-content-width !bg-background\">Enni jakoi ilouutisen tulevasta vauvastaan viime vuoden maaliskuussa ja kes\u00e4n alussa Ennin perhe kasvoi viimein odotetulla pienokaisella.<\/p>\n<p>        <a itemprop=\"url\" href=\"https:\/\/www.seiska.fi\/kotimaa\/farmi-tahti-lapsi-syntyi\/1833046\" rel=\"nofollow noopener\" target=\"_blank\"><\/p>\n<p>\nFarmi-t\u00e4hti:\n<\/p>\n<p class=\"section-date\">\n        <strong class=\"article-section\" data-section=\"kotimaa\"><br \/>\n            kotimaa<br \/>\n        <\/strong><br \/>\n        10.6.2025 18:31\n    <\/p>\n<p>Farmi-t\u00e4hti: Lapsi syntyi!\n    <\/p>\n<p itemprop=\"description\" class=\"subtitle \">\n    Farmilta tuttu Enni Koistinen on saanut perheenlis\u00e4yst\u00e4.\n<\/p>\n<p>        <\/a><\/p>\n<p class=\"article-content article-content-width !bg-background\">\u00c4itiys on tuonut Ennin ja h\u00e4nen -miehens\u00e4 el\u00e4m\u00e4\u00e4n paljon onnea ja nyt podcast-t\u00e4hti onkin jakanut somekuvien muodossa t\u00e4htihetki\u00e4 ensimm\u00e4isen vauvavuotensa varrelta.<\/p>\n<p class=\"article-content article-content-width !bg-background\">\u2013 Tulin \u00e4idiksi, itkin ilosta ja onnesta vuoden aikana niin paljon. Rakkauteni pieni lapsi (syd\u00e4n), Enni hehkuttaa.<\/p>\n<p class=\"article-content article-content-width !bg-background\">Julkaisun ensimm\u00e4isess\u00e4 kuvassa juontaja poseeraa viel\u00e4 muhkean vauvavatsansa kanssa kauniissa mets\u00e4maisemassa. Enni on pukenut ylleen tyylikk\u00e4\u00e4n, ihonmy\u00f6t\u00e4isen trikoomekon.<\/p>\n<p class=\"article-content article-content-width !bg-background\">Toisessa kuvassa tuore \u00e4iti makaa sairaalas\u00e4ngyll\u00e4 vauva syliss\u00e4\u00e4n. Pikkuinen on saanut p\u00e4\u00e4lakensa l\u00e4mmikkeeksi suloisen myssyn.<\/p>\n<p>&#8221;Ei monelta vaikuttajalta odottaisi&#8230;&#8221;<\/p>\n<p class=\"article-content article-content-width !bg-background\">Julkaisun nelj\u00e4s kuva on her\u00e4tt\u00e4nyt erityist\u00e4 huomiota rohkeudellaan. Otoksessa Enni seisoo kylpyhuoneessa rintapumppu rinnoillaan. T\u00e4hden vaatetus koostuu ainoastaan valkoisista alushousuista.<\/p>\n<p class=\"article-content article-content-width !bg-background\">\u2013 K\u00e4til\u00f6n silmin neloskuva on loistava! Ihana vuosi ollut sulla, er\u00e4s Ennin seuraajista ihastelee.<\/p>\n<p>        <a itemprop=\"url\" href=\"https:\/\/www.seiska.fi\/kotimaa\/podcast-farmi-tahti-enni-koistinen-muutti-ilari-miehensa-kanssa-yhteen-vain-noin-viikon-tuntemisen-jalkeen\/1332043\" rel=\"nofollow noopener\" target=\"_blank\"><\/p>\n<p class=\"section-date\">\n        <strong class=\"article-section\" data-section=\"kotimaa\"><br \/>\n            kotimaa<br \/>\n        <\/strong><br \/>\n        25.4.2024 13:00\n    <\/p>\n<p>Podcast: Farmi-t\u00e4hti Enni Koistinen muutti Ilari-miehens\u00e4 kanssa yhteen vain noin viikon tuntemisen j\u00e4lkeen\n    <\/p>\n<p itemprop=\"description\" class=\"subtitle \">\n    Enni oli tutustunut mieheens\u00e4 vain viikkoa aiemmin, kun h\u00e4n pyysi uutta rakastaan muuttamaan kanssaan yhteen.\n<\/p>\n<p>        <\/a><\/p>\n<p class=\"article-content article-content-width !bg-background\">My\u00f6s keskustelupalvelu Jodelissa on kiitelty Enni\u00e4 siit\u00e4, miten avoimesti h\u00e4n on esitellyt \u00e4itiytt\u00e4 somessaan.<\/p>\n<p class=\"article-content article-content-width !bg-background\">\u2013 Ei monelta vaikuttajalta odottaisi t\u00e4llaista avoimuutta. Ihanaa tabujen rikkomista, er\u00e4s noteeraa.<\/p>\n<p class=\"article-content article-content-width !bg-background\">\u2013 Nostan Ennille hattua. Tuo on just sit\u00e4, mik\u00e4 sinne somen ulkopuolelle j\u00e4\u00e4. On yleens\u00e4 ne studiokuvat tai muuten vaan niin vimpan p\u00e4\u00e4lle tyylitellyt, jossa hiukset ja meikki moitteettomia. T\u00e4\u00e4 \u00e4iti kiitt\u00e4\u00e4, toinen kirjoittaa.<\/p>\n<p>        <a itemprop=\"url\" href=\"https:\/\/www.seiska.fi\/katso\/farmi-kilpailijat-tekevat-paljastuksia-tuotannosta-pahimmat-riidat-leikattu-pois-ohjelmasta\/1331235\" rel=\"nofollow noopener\" target=\"_blank\"><\/p>\n<p class=\"section-date\">\n        <strong class=\"article-section\" data-section=\"katso\"><br \/>\n            katso<br \/>\n        <\/strong><br \/>\n        25.4.2024 06:15\n    <\/p>\n<p>Farmi-kilpailijat tekev\u00e4t paljastuksia tuotannosta &#8211; pahimmat riidat leikattu pois ohjelmasta\n    <\/p>\n<p itemprop=\"description\" class=\"subtitle \">\n    Farmi-kaudella kilpailevat Enni Koistinen ja Kirsikka Simberg vierailevat Ihan oikeesti -podcastissa.\n<\/p>\n<p>        <\/a><\/p>\n<p class=\"article-content article-content-width !bg-background\">Enni on juontanut jo vuosia suosittua Tuplak\u00e4\u00e4k-podcastia yhdess\u00e4  kanssa. Televisiossa Enni on ihastuttanut esimerkiksi Farmi Suomi -ohjelmassa, johon h\u00e4n osallistui Kirsikan kanssa vuonna 2024 esitetyll\u00e4 kaudella.<\/p>\n","protected":false},"excerpt":{"rendered":"Enni Koistinen Nelonen Media Farmi Suomestakin tuttu podcast-juontaja raottaa siloiteltujen somekuvien verhoa. Tuplak\u00e4\u00e4k-podcastia juontava kertaa viime vuonna startannutta&hellip;\n","protected":false},"author":2,"featured_media":135922,"comment_status":"","ping_status":"","sticky":false,"template":"","format":"standard","meta":{"footnotes":""},"categories":[136],"tags":[2454,407,23762,137,33,31,30,408,5320,98,32,23763,1461,109],"class_list":{"0":"post-135921","1":"post","2":"type-post","3":"status-publish","4":"format-standard","5":"has-post-thumbnail","7":"category-julkkikset","8":"tag-aitiys","9":"tag-celebrities","10":"tag-enni-koistinen","11":"tag-entertainment","12":"tag-fi","13":"tag-finland","14":"tag-finnish","15":"tag-julkkikset","16":"tag-kirsikka-simberg","17":"tag-perhe","18":"tag-suomi","19":"tag-tuplakaak","20":"tag-vauva","21":"tag-viihde"},"share_on_mastodon":{"url":"https:\/\/pubeurope.com\/@fi\/115854252628427956","error":""},"_links":{"self":[{"href":"https:\/\/www.europesays.com\/fi\/wp-json\/wp\/v2\/posts\/135921","targetHints":{"allow":["GET"]}}],"collection":[{"href":"https:\/\/www.europesays.com\/fi\/wp-json\/wp\/v2\/posts"}],"about":[{"href":"https:\/\/www.europesays.com\/fi\/wp-json\/wp\/v2\/types\/post"}],"author":[{"embeddable":true,"href":"https:\/\/www.europesays.com\/fi\/wp-json\/wp\/v2\/users\/2"}],"replies":[{"embeddable":true,"href":"https:\/\/www.europesays.com\/fi\/wp-json\/wp\/v2\/comments?post=135921"}],"version-history":[{"count":0,"href":"https:\/\/www.europesays.com\/fi\/wp-json\/wp\/v2\/posts\/135921\/revisions"}],"wp:featuredmedia":[{"embeddable":true,"href":"https:\/\/www.europesays.com\/fi\/wp-json\/wp\/v2\/media\/135922"}],"wp:attachment":[{"href":"https:\/\/www.europesays.com\/fi\/wp-json\/wp\/v2\/media?parent=135921"}],"wp:term":[{"taxonomy":"category","embeddable":true,"href":"https:\/\/www.europesays.com\/fi\/wp-json\/wp\/v2\/categories?post=135921"},{"taxonomy":"post_tag","embeddable":true,"href":"https:\/\/www.europesays.com\/fi\/wp-json\/wp\/v2\/tags?post=135921"}],"curies":[{"name":"wp","href":"https:\/\/api.w.org\/{rel}","templated":true}]}}