{"id":135925,"date":"2026-01-07T14:26:07","date_gmt":"2026-01-07T14:26:07","guid":{"rendered":"https:\/\/www.europesays.com\/fi\/135925\/"},"modified":"2026-01-07T14:26:07","modified_gmt":"2026-01-07T14:26:07","slug":"frankenstein-ohjaaja-poisti-7-minuutin-kohtauksen-yhden-ihmisen-takia-meilla-on-brutaalin-rehellinen-sopimus","status":"publish","type":"post","link":"https:\/\/www.europesays.com\/fi\/135925\/","title":{"rendered":"Frankenstein-ohjaaja poisti 7 minuutin kohtauksen yhden ihmisen takia &#8211; &#8221;Meill\u00e4 on brutaalin rehellinen sopimus&#8221;"},"content":{"rendered":"<p>Ohjaaja <strong>Guillermo del Toro<\/strong> poisti Frankenstein-elokuvastaan noin seitsem\u00e4n minuuttia pitk\u00e4n kohtauksen, <strong>James Cameronin<\/strong> (Titanic, Terminator) palautteen vuoksi.<\/p>\n<p>Del Toro kertoi Variety-tapahtuman punaisella matolla, ettei k\u00e4yt\u00e4 koeyleis\u00f6j\u00e4, vaan n\u00e4ytt\u00e4\u00e4 elokuvansa 14\u201316 \u201cnerokkaalle yst\u00e4v\u00e4lleen\u201d, joihin kuuluvat muun muassa <strong>Alfonso Cuar\u00f3n, Alejandro I\u00f1\u00e1rritu, Rian Johnson<\/strong> ja Cameron.<\/p>\n<p>Lue my\u00f6s: <a href=\"https:\/\/www.episodi.fi\/uutiset\/guillermo-del-toron-yksiselitteinen-viesti-tekoalylle-fck-ai\/\" title=\"Guillermo del Toron yksiselitteinen viesti teko\u00e4lylle: \u201dF*ck AI!\u201d\" class=\"underline-custom !font-montserrat !font-bold !underline-offset-4 !decoration-4 !decoration-episodi-blue !text-md\" rel=\"nofollow noopener\" target=\"_blank\">Guillermo del Toron yksiselitteinen viesti teko\u00e4lylle: \u201dF*ck AI!\u201d<\/a><\/p>\n<p>Lue my\u00f6s: <a href=\"https:\/\/www.episodi.fi\/uutiset\/guillermo-del-toro-minusta-kuolema-on-todella-hyva-juttu-odotan-sita\/\" title=\"Guillermo del Toro: \u201dMinusta kuolema on todella hyv\u00e4 juttu \u2013\u00a0odotan sit\u00e4\u201d\" class=\"underline-custom !font-montserrat !font-bold !underline-offset-4 !decoration-4 !decoration-episodi-blue !text-md\" rel=\"nofollow noopener\" target=\"_blank\">Guillermo del Toro: \u201dMinusta kuolema on todella hyv\u00e4 juttu \u2013\u00a0odotan sit\u00e4\u201d<\/a><\/p>\n<p>\u201dMeill\u00e4 on brutaalin rehellinen sopimus. Cameronin mielest\u00e4 kohtaus oli kaunis, mutta se sai menn\u00e4\u201d.<\/p>\n<p>\u201dEn v\u00e4it\u00e4 vastaan, jos sis\u00e4piirist\u00e4 tuleva \u200bhuomio osuu kohdalleen. On turha pit\u00e4\u00e4 mit\u00e4\u00e4n luotettujen piiri\u00e4, jos heihin ei luota\u201d, Del Toro perusteli.<\/p>\n<p>Mit\u00e4 ilmeisimmin Cameronin huomio teki elokuvasta paremman. Frankenstein on saanut erinomaiset arviot (Rotten Tomatoes 85%, IMDb 7.5\/10) ja <strong>Jacob Elordi<\/strong> voitti roolistaan Critics Choice \u2011palkinnon.<\/p>\n<p>On sin\u00e4ns\u00e4 hauskaa, ett\u00e4 juuri Cameron ehdotti elokuvan p\u00e4tkimist\u00e4. H\u00e4nen uusin elokuvansa Avatar: Fire and Ash kest\u00e4\u00e4 3 tuntia 15 minuuttia, kun Frankensteinin kesto on \u201dvain\u201d kaksi ja puoli tuntia.<\/p>\n<p>L\u00e4hde: <a href=\"https:\/\/screenrant.com\/frankenstein-guillermo-del-toro-james-cameron-scene-cut\/\" rel=\"nofollow noopener\" target=\"_blank\">ScreenRant<\/a><\/p>\n<p>Lue my\u00f6s: <a href=\"https:\/\/www.episodi.fi\/uutiskirje\/?uutiskirjemainos=tekstilinkkimainos\" title=\"Tilaa Episodin uutiskirje ja voit voittaa leffalippuja! Nappaa tv-vinkit suoraan s\u00e4hk\u00f6postiin t\u00e4st\u00e4.\" class=\"underline-custom !font-montserrat !font-bold !underline-offset-4 !decoration-4 !decoration-episodi-blue !text-md\" rel=\"nofollow noopener\" target=\"_blank\">Tilaa Episodin uutiskirje ja voit voittaa leffalippuja! Nappaa katseluvinkit suoraan s\u00e4hk\u00f6postiin t\u00e4st\u00e4.<\/a><\/p>\n","protected":false},"excerpt":{"rendered":"Ohjaaja Guillermo del Toro poisti Frankenstein-elokuvastaan noin seitsem\u00e4n minuuttia pitk\u00e4n kohtauksen, James Cameronin (Titanic, Terminator) palautteen vuoksi. Del&hellip;\n","protected":false},"author":2,"featured_media":135926,"comment_status":"","ping_status":"","sticky":false,"template":"","format":"standard","meta":{"footnotes":""},"categories":[130],"tags":[137,33,31,30,7244,434,32,109],"class_list":{"0":"post-135925","1":"post","2":"type-post","3":"status-publish","4":"format-standard","5":"has-post-thumbnail","7":"category-viihde","8":"tag-entertainment","9":"tag-fi","10":"tag-finland","11":"tag-finnish","12":"tag-frankenstein","13":"tag-james-cameron","14":"tag-suomi","15":"tag-viihde"},"share_on_mastodon":{"url":"https:\/\/pubeurope.com\/@fi\/115854284044512663","error":""},"_links":{"self":[{"href":"https:\/\/www.europesays.com\/fi\/wp-json\/wp\/v2\/posts\/135925","targetHints":{"allow":["GET"]}}],"collection":[{"href":"https:\/\/www.europesays.com\/fi\/wp-json\/wp\/v2\/posts"}],"about":[{"href":"https:\/\/www.europesays.com\/fi\/wp-json\/wp\/v2\/types\/post"}],"author":[{"embeddable":true,"href":"https:\/\/www.europesays.com\/fi\/wp-json\/wp\/v2\/users\/2"}],"replies":[{"embeddable":true,"href":"https:\/\/www.europesays.com\/fi\/wp-json\/wp\/v2\/comments?post=135925"}],"version-history":[{"count":0,"href":"https:\/\/www.europesays.com\/fi\/wp-json\/wp\/v2\/posts\/135925\/revisions"}],"wp:featuredmedia":[{"embeddable":true,"href":"https:\/\/www.europesays.com\/fi\/wp-json\/wp\/v2\/media\/135926"}],"wp:attachment":[{"href":"https:\/\/www.europesays.com\/fi\/wp-json\/wp\/v2\/media?parent=135925"}],"wp:term":[{"taxonomy":"category","embeddable":true,"href":"https:\/\/www.europesays.com\/fi\/wp-json\/wp\/v2\/categories?post=135925"},{"taxonomy":"post_tag","embeddable":true,"href":"https:\/\/www.europesays.com\/fi\/wp-json\/wp\/v2\/tags?post=135925"}],"curies":[{"name":"wp","href":"https:\/\/api.w.org\/{rel}","templated":true}]}}