{"id":135929,"date":"2026-01-07T14:30:17","date_gmt":"2026-01-07T14:30:17","guid":{"rendered":"https:\/\/www.europesays.com\/fi\/135929\/"},"modified":"2026-01-07T14:30:17","modified_gmt":"2026-01-07T14:30:17","slug":"ukraina-ja-yhdysvallat-jatkavat-keskusteluja-ranskassa","status":"publish","type":"post","link":"https:\/\/www.europesays.com\/fi\/135929\/","title":{"rendered":"Ukraina ja Yhdysvallat jatkavat keskusteluja Ranskassa"},"content":{"rendered":"<p><a class=\"sr-only bg-component-bg-color focus:not-sr-only focus:absolute focus:left-0 focus:right-auto focus:top-0 focus:p-200\" href=\"#main\" data-sentry-component=\"SkipToContentLink\" data-sentry-source-file=\"SkipToContentLink.tsx\">Hypp\u00e4\u00e4 p\u00e4\u00e4sis\u00e4lt\u00f6\u00f6n<\/a>Sis\u00e4ll\u00f6t<\/p>\n<ul class=\"flex w-full flex-1 flex-wrap gap-800\">\n<li class=\"block flex-1 flex-nowrap xs:flex-initial\" data-testid=\"site-footer-section-item-component\" data-sentry-component=\"SiteFooterSectionItem\" data-sentry-source-file=\"SiteFooterSectionItem.tsx\">Tomi Einonen<br \/>Vastaava p\u00e4\u00e4toimittaja<\/li>\n<li class=\"block flex-1 flex-nowrap xs:flex-initial\" data-testid=\"site-footer-section-item-component\" data-sentry-component=\"SiteFooterSectionItem\" data-sentry-source-file=\"SiteFooterSectionItem.tsx\">Ilkka Ahtiainen<br \/>Uutisp\u00e4\u00e4toimittaja<\/li>\n<li class=\"block flex-1 flex-nowrap xs:flex-initial\" data-testid=\"site-footer-section-item-component\" data-sentry-component=\"SiteFooterSectionItem\" data-sentry-source-file=\"SiteFooterSectionItem.tsx\">Mona Haapsaari<br \/>Julkaisup\u00e4\u00e4llikk\u00f6<\/li>\n<li class=\"block flex-1 flex-nowrap xs:flex-initial\" data-testid=\"site-footer-section-item-component\" data-sentry-component=\"SiteFooterSectionItem\" data-sentry-source-file=\"SiteFooterSectionItem.tsx\">Teemu Niikko<br \/>Toimitusp\u00e4\u00e4llikk\u00f6, urheilu<\/li>\n<\/ul>\n<p>Liiketoiminta ja kehitys<\/p>\n<ul class=\"flex w-full flex-1 flex-wrap gap-800\">\n<li class=\"block flex-1 flex-nowrap xs:flex-initial\" data-testid=\"site-footer-section-item-component\" data-sentry-component=\"SiteFooterSectionItem\" data-sentry-source-file=\"SiteFooterSectionItem.tsx\">Jaakko Hietanen<br \/>Head of Digital Development<\/li>\n<\/ul>\n<p>MTV Uutiset on sitoutunut noudattamaan Journalistin ohjeita<a class=\"cursor-pointer flex flex-col items-center justify-center\" data-testid=\"Etusivu-navigation-bar-item\" role=\"link\" title=\"Etusivu linkki\" data-sentry-element=\"Link\" data-sentry-component=\"InternalLink\" data-sentry-source-file=\"InternalLink.tsx\" href=\"https:\/\/www.mtvuutiset.fi\/\" rel=\"nofollow noopener\" target=\"_blank\">Etusivu<\/a><a class=\"cursor-pointer flex flex-col items-center justify-center\" data-testid=\"Videot-navigation-bar-item\" role=\"link\" title=\"Videot linkki\" data-sentry-element=\"Link\" data-sentry-component=\"InternalLink\" data-sentry-source-file=\"InternalLink.tsx\" href=\"https:\/\/www.mtvuutiset.fi\/videot\" rel=\"nofollow noopener\" target=\"_blank\">Videot<\/a><a class=\"cursor-pointer flex flex-col items-center justify-center\" data-testid=\"Tuoreimmat-navigation-bar-item\" role=\"link\" title=\"Tuoreimmat linkki\" data-sentry-element=\"Link\" data-sentry-component=\"InternalLink\" data-sentry-source-file=\"InternalLink.tsx\" href=\"https:\/\/www.mtvuutiset.fi\/tuoreimmat\" rel=\"nofollow noopener\" target=\"_blank\">Tuoreimmat<\/a><a class=\"cursor-pointer flex flex-col items-center justify-center\" data-testid=\"Luetuimmat-navigation-bar-item\" role=\"link\" title=\"Luetuimmat linkki\" data-sentry-element=\"Link\" data-sentry-component=\"InternalLink\" data-sentry-source-file=\"InternalLink.tsx\" href=\"https:\/\/www.mtvuutiset.fi\/luetuimmat\" rel=\"nofollow noopener\" target=\"_blank\">Luetuimmat<\/a>OdotaUkraina ja Yhdysvallat jatkavat keskusteluja Ranskassa | MTV Uutiset<img alt=\"Ukrainan ja Yhdysvaltain edustajat jatkoivat keskiviikkona keskusteluja Ranskassa, kertoo presidentti Volodymyr Zelenskyi viestipalvelu X:ss\u00e4. \" data-testid=\"header-media-image\" class=\"h-full w-full object-cover transition duration-700 ease-in-out hover:scale-[1.05]\" fetchpriority=\"high\" loading=\"eager\" width=\"1024\" height=\"576\" decoding=\"async\" style=\"color:transparent;background-size:cover;background-position:50% 50%;background-repeat:no-repeat;background-image:url(&quot;data:image\/svg+xml;base64,Cjxzdmcgd2lkdGg9IjEwMjQiIGhlaWdodD0iNTc2IiB2ZXJzaW9uPSIxLjEiIHhtbG5zPSJodHRwOi8vd3d3LnczLm9yZy8yMDAwL3N2ZyIgeG1sbnM6eGxpbms9Imh0dHA6Ly93d3cudzMub3JnLzE5OTkveGxpbmsiPgogIDxkZWZzPgogICAgPGxpbmVhckdyYWRpZW50IGlkPSJnIj4KICAgICAgPHN0b3Agc3RvcC1jb2xvcj0iIzBCMTgyMyIgb2Zmc2V0PSIyMCUiIC8+CiAgICAgIDxzdG9wIHN0b3AtY29sb3I9IiMxQTI3MzIiIG9mZnNldD0iNTAlIiAvPgogICAgICA8c3RvcCBzdG9wLWNvbG9yPSIjMEIxODIzIiBvZmZzZXQ9IjcwJSIgLz4KICAgIDwvbGluZWFyR3JhZGllbnQ+CiAgPC9kZWZzPgogIDxyZWN0IHdpZHRoPSIxMDI0IiBoZWlnaHQ9IjU3NiIgZmlsbD0iIzBCMTgyMyIgLz4KICA8cmVjdCBpZD0iciIgd2lkdGg9IjEwMjQiIGhlaWdodD0iNTc2IiBmaWxsPSJ1cmwoI2cpIiAvPgogIDxhbmltYXRlIHhsaW5rOmhyZWY9IiNyIiBhdHRyaWJ1dGVOYW1lPSJ4IiBmcm9tPSItMTAyNCIgdG89IjEwMjQiIGR1cj0iMXMiIHJlcGVhdENvdW50PSJpbmRlZmluaXRlIiAgLz4KPC9zdmc+&quot;)\" src=\"https:\/\/www.europesays.com\/fi\/wp-content\/uploads\/2026\/01\/1767796217_8_image.jpeg\"\/>Ukrainan ja Yhdysvaltain edustajat jatkoivat keskiviikkona keskusteluja Ranskassa, kertoo presidentti Volodymyr Zelenskyi viestipalvelu X:ss\u00e4. AFP \/ LehtikuvaJulkaistu 07.01.2026 15:22<\/p>\n<p><strong class=\"typography-bold\">Ukrainalaistutkijan mukaan Ven\u00e4j\u00e4 ei suostu lopettamaan sotaa niin kauan kun Putinia yritet\u00e4\u00e4n miellytt\u00e4\u00e4. Trumpin puheet Gr\u00f6nlannista muistuttavat Krimin valtauksesta, my\u00f6nt\u00e4\u00e4 tutkimusjohtaja Oleksiy Melnyk Kiovasta.<\/strong><\/p>\n<p>Ukrainan ja Yhdysvaltain edustajat jatkoivat keskiviikkona keskusteluja Ranskassa edellisen p\u00e4iv\u00e4n halukkaiden koalition kokouksen j\u00e4lkeen, kertoo presidentti <strong class=\"typography-bold\">Volodymyr Zelenskyi<\/strong> viestipalvelu <a class=\"underline\" data-testid=\"external-link\" href=\"https:\/\/x.com\/ZelenskyyUa\/status\/2008844898816930142?s=20\" rel=\"noopener noreferrer nofollow\" data-sentry-component=\"ExternalLink\" data-sentry-source-file=\"ExternalLink.tsx\">X:ss\u00e4<\/a> \u00a0H\u00e4nen mukaansa p\u00f6yd\u00e4ll\u00e4 ovat my\u00f6s vaikeimmat ratkaisemattomat kysymykset Ven\u00e4j\u00e4n miehitt\u00e4m\u00e4st\u00e4 Zaporizhzhjan ydinvoimalasta sek\u00e4 mahdollisista alueluovutuksista.<\/p>\n<p>Zelenskyi kertoo lis\u00e4ksi ohjeistaneensa ukrainalaisneuvottelijoita selvitt\u00e4m\u00e4\u00e4n mahdollisuuksia Ukrainan, Yhdysvaltain ja Euroopan maiden johtajien tapaamisen j\u00e4rjest\u00e4miselle my\u00f6hemmin.<\/p>\n<p><strong class=\"typography-bold\">Lue my\u00f6s: <\/strong><a class=\"cursor-pointer underline\" data-testid=\"internal-link\" role=\"link\" data-sentry-element=\"Link\" data-sentry-component=\"InternalLink\" data-sentry-source-file=\"InternalLink.tsx\" href=\"https:\/\/www.mtvuutiset.fi\/artikkeli\/stubb-mukana-ukraina-kokouksessa-taustalla-kummittelevat-trumpin-teot\/9278310\" rel=\"nofollow noopener\" target=\"_blank\"><strong class=\"typography-bold\">Halukkaiden koalitio kokoustaa Ukrainasta Pariisissa, Stubb mukana<\/strong><\/a><\/p>\n<p>Ukrainan delegaatioon kuuluvan Zelenskyin tuoreen kansliap\u00e4\u00e4llik\u00f6n <strong class=\"typography-bold\">Kyrylo Budanovin<\/strong> <a class=\"underline\" data-testid=\"external-link\" href=\"https:\/\/x.com\/Kyrylo_Budanov\/status\/2008831555553173931?s=20\" rel=\"noopener noreferrer nofollow\" data-sentry-component=\"ExternalLink\" data-sentry-source-file=\"ExternalLink.tsx\">mukaan<\/a> neuvotteluissa on jo saavutettu konkreettista edistyst\u00e4, mutta kaikkia yksityiskohtia ei voi viel\u00e4 julkistaa.<\/p>\n<p>Tutkimusjohtaja <strong class=\"typography-bold\">Oleksiy Melnyk <\/strong>kiovalaisesta Razumkov Centre -ajatushautomosta arvioi Pariisin tapaamisia my\u00f6nteisesti.<\/p>\n<p>\u2013\u2009Ei mit\u00e4\u00e4n mullistavaa tai uutta, mutta silti jotain kehityst\u00e4, Melnyk kuvailee STT:n puhelinhaastattelussa.<\/p>\n<p>Vaikka juridisesti sitovia sopimuksia ei ole viel\u00e4 solmittu, \u00a0Melnykin mukaan esimerkiksi yhdysvaltalaisten l\u00e4sn\u00e4olo Pariisissa oli my\u00f6nteinen merkki.<\/p>\n<p>\u2013\u2009Amerikkalaiset n\u00e4ytt\u00e4v\u00e4t nyt olevan meid\u00e4n puolellamme, ainakin toistaiseksi, h\u00e4n naurahtaa.<\/p>\n<p>Yhdysvaltain Venezuelaan tekem\u00e4n tuoreen iskun vaikutukset Ukrainan tilanteeseen voivat Melnykin mukaan olla kaksijakoisia. Yht\u00e4\u00e4lt\u00e4 presidentti Nicolas Maduron sieppaaminen romutti Ven\u00e4j\u00e4n kansainv\u00e4list\u00e4 arvovaltaa ja osoitti, ettei Moskovan tarjoama suojelu ole mink\u00e4\u00e4n arvoista.<\/p>\n<p>Toisaalta Yhdysvallat n\u00e4ytt\u00e4\u00e4 k\u00e4ytt\u00e4ytyv\u00e4n yh\u00e4 enemm\u00e4n samalla tavalla kuin presidentti Vladimir Putinin johtama Ven\u00e4j\u00e4.<\/p>\n<p>\u2013\u2009Trumpin lausunnot Gr\u00f6nlannista muistuttavat minua Krimist\u00e4 (niemimaan valtauksesta) vuonna 2014, Melnyk my\u00f6nt\u00e4\u00e4<\/p>\n<p><strong class=\"typography-bold\">&#8221;Vaatimuksiin suostumisesta seuraa uusia vaatimuksia&#8221;<\/strong><\/p>\n<p>Viime aikoina on neuvoteltu p\u00e4\u00e4asiassa Ukrainan, Euroopan ja Yhdysvaltain kesken. Onko mahdollisen tulitauon valvontaa ja sit\u00e4 seuraavia turvatakuita koskevien yksityiskohtien hionnassa j\u00e4rke\u00e4, kun hy\u00f6kk\u00e4\u00e4j\u00e4valtio Ven\u00e4j\u00e4 ei ole osoittanut mit\u00e4\u00e4n kiinnostusta taisteluiden keskeytt\u00e4miseen?<\/p>\n<p>\u2013\u2009No jonain p\u00e4iv\u00e4n\u00e4h\u00e4n se (tulitauko) kuitenkin tulee, Melnyk perustelee valmistautumisen merkityst\u00e4.<\/p>\n<p>H\u00e4nen mukaansa on silti varmaa, ett\u00e4 Ven\u00e4j\u00e4 aikoo torjua n\u00e4ill\u00e4 n\u00e4kymin kaikki ehdotukset, joita Putinin p\u00f6yd\u00e4lle tuodaan. N\u00e4in my\u00f6s siin\u00e4 tapauksessa, ett\u00e4 Ukraina odotusten vastaisesti suostuisi kaikkiin Ven\u00e4j\u00e4n nykyisiin vaatimuksiin alueluovutuksista.<\/p>\n<p>\u2013\u2009Siit\u00e4 seuraisi aina vain uusia vaatimuksia niin kauan, kunnes joku tekee Putinille selv\u00e4ksi, miksi tulitaukoon suostuminen on sodan jatkamista edullisempaa, Melnyk ennustaa.<\/p>\n<p>\u2013\u2009Mit\u00e4\u00e4n ei tule tapahtumaan niin kauan, kun l\u00e4nsi ja erityisesti Yhdysvallat jatkavat yrityksi\u00e4 miellytt\u00e4\u00e4 Putinia, h\u00e4n jatkaa.<\/p>\n<p>Oikeampi l\u00e4hestymistapa olisi rauhan tavoitteleminen voiman kautta, Ukrainan sotilaallista apua tehostamalla ja Ven\u00e4j\u00e4\u00e4 painostamalla ei-sotilaallisin keinoin.<\/p>\n<p><strong class=\"typography-bold\">20 kaatunutta ven\u00e4l\u00e4ist\u00e4 per neli\u00f6kilometri<\/strong><\/p>\n<p>Sotarintamalla tilanne on Ukrainan sodanjohdon mukaan ollut pitk\u00e4\u00e4n &#8221;vakava mutta vakaa&#8221;. Vuosi 2025 oli Ukrainalla toistaiseksi vaikein, ja Melnykin mukaan Ven\u00e4j\u00e4 kiistatta valtasi ukrainalaisilta aiempia sotavuosia enemm\u00e4n alueita.<\/p>\n<p>Tarkemmassa tarkastelussa Ukrainan menetykset eiv\u00e4t kuitenkaan suoraan muunnu Ven\u00e4j\u00e4n voitoiksi. Melnykin mukaan vallatut alueet ovat t\u00e4ysin tuhottuja kyli\u00e4 ja kaupunkeja, joissa ei ole en\u00e4\u00e4 teollisuutta eik\u00e4 juuri ihmisi\u00e4k\u00e4\u00e4n.\u00a0<\/p>\n<p>\u2013\u2009Vuoden 2023 lopulla alkaneen kulutussotavaiheen aikana Ven\u00e4j\u00e4 on edennyt, mutta se ei ole saanut yht\u00e4\u00e4n operationaalisesti tai strategisesti merkitt\u00e4v\u00e4\u00e4 l\u00e4pimurtoa, entinen sotilaslent\u00e4j\u00e4 Melnyk tiivist\u00e4\u00e4.<\/p>\n<p>Ven\u00e4j\u00e4n etenemisest\u00e4\u00e4n maksama hinta on sen sijaan ollut valtava ja koko ajan kasvava.<\/p>\n<p>\u2013\u2009Kaikkein varovaisimpienkin arvioiden mukaan Ven\u00e4j\u00e4 on maksanut keskim\u00e4\u00e4rin 20 kaatunutta jokaisesta valtaamastaan neli\u00f6kilometrist\u00e4 maata, Melnyk kertoo.<\/p>\n<p>H\u00e4nen mukaansa sodassa yleens\u00e4 haavoittuu kolmesta viiteen sotilasta yht\u00e4 kaatunutta kohti. Ven\u00e4j\u00e4n sotiessa Ukrainassa tuo suhdeluku on ollut suunnilleen yksi yhteen. Melnykin mukaan ven\u00e4l\u00e4iset eiv\u00e4t joko v\u00e4lit\u00e4 evakuoida haavoittuneita tovereitaan tai eiv\u00e4t sitten kykene siihen<\/p>\n<p>Melnykin mukaan Putinille ja h\u00e4nen sis\u00e4piiriins\u00e4 pit\u00e4isikin saada jotenkin l\u00e4pi tietoa Ven\u00e4j\u00e4n asevoimien ja my\u00f6s talouden todellisesta huonosta tilanteesta. T\u00e4m\u00e4 voisi muuttaa presidentin arviota tulitauon hy\u00f6dyllisyydest\u00e4.<\/p>\n","protected":false},"excerpt":{"rendered":"Hypp\u00e4\u00e4 p\u00e4\u00e4sis\u00e4lt\u00f6\u00f6nSis\u00e4ll\u00f6t Tomi EinonenVastaava p\u00e4\u00e4toimittaja Ilkka AhtiainenUutisp\u00e4\u00e4toimittaja Mona HaapsaariJulkaisup\u00e4\u00e4llikk\u00f6 Teemu NiikkoToimitusp\u00e4\u00e4llikk\u00f6, urheilu Liiketoiminta ja kehitys Jaakko HietanenHead of&hellip;\n","protected":false},"author":2,"featured_media":135930,"comment_status":"","ping_status":"","sticky":false,"template":"","format":"standard","meta":{"footnotes":""},"categories":[14],"tags":[22,23,26,27,33,31,30,17,24,25,28,29,15,18,21,32,19,20,56,16,59,60,61],"class_list":{"0":"post-135929","1":"post","2":"type-post","3":"status-publish","4":"format-standard","5":"has-post-thumbnail","7":"category-ulkomaat","8":"tag-breaking-news","9":"tag-breakingnews","10":"tag-featured-news","11":"tag-featurednews","12":"tag-fi","13":"tag-finland","14":"tag-finnish","15":"tag-headlines","16":"tag-latest-news","17":"tag-latestnews","18":"tag-main-news","19":"tag-mainnews","20":"tag-news","21":"tag-otsikot","22":"tag-paauutiset","23":"tag-suomi","24":"tag-top-stories","25":"tag-topstories","26":"tag-ulkomaat","27":"tag-uutiset","28":"tag-world","29":"tag-world-news","30":"tag-worldnews"},"share_on_mastodon":{"url":"https:\/\/pubeurope.com\/@fi\/115854299894180737","error":""},"_links":{"self":[{"href":"https:\/\/www.europesays.com\/fi\/wp-json\/wp\/v2\/posts\/135929","targetHints":{"allow":["GET"]}}],"collection":[{"href":"https:\/\/www.europesays.com\/fi\/wp-json\/wp\/v2\/posts"}],"about":[{"href":"https:\/\/www.europesays.com\/fi\/wp-json\/wp\/v2\/types\/post"}],"author":[{"embeddable":true,"href":"https:\/\/www.europesays.com\/fi\/wp-json\/wp\/v2\/users\/2"}],"replies":[{"embeddable":true,"href":"https:\/\/www.europesays.com\/fi\/wp-json\/wp\/v2\/comments?post=135929"}],"version-history":[{"count":0,"href":"https:\/\/www.europesays.com\/fi\/wp-json\/wp\/v2\/posts\/135929\/revisions"}],"wp:featuredmedia":[{"embeddable":true,"href":"https:\/\/www.europesays.com\/fi\/wp-json\/wp\/v2\/media\/135930"}],"wp:attachment":[{"href":"https:\/\/www.europesays.com\/fi\/wp-json\/wp\/v2\/media?parent=135929"}],"wp:term":[{"taxonomy":"category","embeddable":true,"href":"https:\/\/www.europesays.com\/fi\/wp-json\/wp\/v2\/categories?post=135929"},{"taxonomy":"post_tag","embeddable":true,"href":"https:\/\/www.europesays.com\/fi\/wp-json\/wp\/v2\/tags?post=135929"}],"curies":[{"name":"wp","href":"https:\/\/api.w.org\/{rel}","templated":true}]}}