{"id":135937,"date":"2026-01-07T14:47:08","date_gmt":"2026-01-07T14:47:08","guid":{"rendered":"https:\/\/www.europesays.com\/fi\/135937\/"},"modified":"2026-01-07T14:47:08","modified_gmt":"2026-01-07T14:47:08","slug":"sami-ja-charlotte-puoliso-ensimmaista-kertaa-viikon-saman-katon-alla-naisella-heraa-huoli","status":"publish","type":"post","link":"https:\/\/www.europesays.com\/fi\/135937\/","title":{"rendered":"Sami ja Charlotte-puoliso ensimm\u00e4ist\u00e4 kertaa viikon saman katon alla \u2013 Naisella her\u00e4\u00e4 huoli"},"content":{"rendered":"<p>Uudessa Rinkeliruhtinas-sarjassa Sami Haara kertoo arjestaan rinkeliyritt\u00e4j\u00e4n\u00e4.<\/p>\n<p><img decoding=\"async\" class=\"image image-show image-preview\" src=\"https:\/\/www.europesays.com\/fi\/wp-content\/uploads\/2026\/01\/d74c554956d23ea78e29773c855fed5ea39778ef3bf44061e4154c46d6522b07.jpg\" alt=\"\"\/><img decoding=\"async\" class=\"image image-show\" src=\"https:\/\/www.europesays.com\/fi\/wp-content\/uploads\/2026\/01\/1767797228_758_d74c554956d23ea78e29773c855fed5ea39778ef3bf44061e4154c46d6522b07.jpg\" alt=\"\"\/><\/p>\n<p>Sami ja Charlotte ovat seurustelleet vuodesta 2022. ATTE KAJOVA<\/p>\n<p class=\"paragraph\">T \u00e4n\u00e4\u00e4n keskiviikkona 7. tammikuuta TV5-kanavalla starttaa t\u00e4ysin uusi televisio-ohjelma Rinkeliruhtinas.<\/p>\n<p class=\"paragraph\">Ohjelmassa seurataan Keski-rinkeliyrityksen omistaja <strong>Sami Haaran<\/strong>, 49, ja h\u00e4nen puolisonsa <strong>Charlotte Fellmanin<\/strong>, 37, el\u00e4m\u00e4\u00e4. Pariskunnalla on my\u00f6s yhteinen lapsi, 3-vuotias <strong>Prince<\/strong>-poika.<\/p>\n<p class=\"paragraph\">Erityisen Samin ja Charlotten parisuhteesta tekee se, etteiv\u00e4t he ole koskaan asuneet yhdess\u00e4.<\/p>\n<p class=\"paragraph\">\u2013 Asumme l\u00e4hestulkoon naapureina, Sami kertoo heti ohjelman ensi minuuteilla.<\/p>\n<p class=\"paragraph\">Vaikka Keski-rinkelitehdas sijaitseekin Suonenjoella, sek\u00e4 Samilla ett\u00e4 Charlottella on asunnot Helsingin ytimess\u00e4. Charlotte py\u00f6ritt\u00e4\u00e4 my\u00f6s omaa kauneusklinikkaansa Helsingin Kaivopuistossa.<\/p>\n<p>Sami Haara on Keski-yrityksen toimitusjohtaja.  PEKKA KARHUNEN\/KL<\/p>\n<p class=\"paragraph\">Rinkeliruhtinaan ensimm\u00e4isess\u00e4 jaksossa perhe matkustaa Suomesta Malagaan Espanjaan. Siell\u00e4 he tapaavat vuoden 1986 Miss Suomen ensimm\u00e4isen perint\u00f6prinsessan <strong>Maarit Salom\u00e4en<\/strong>, joka on my\u00f6s Prince-pojan kummit\u00e4ti.<\/p>\n<p class=\"paragraph\">\u2013 Tekee hyv\u00e4\u00e4. Joo, min\u00e4 en ole ollut viikkoa Samin kanssa saman katon alla. Katsotaan, miten menee. Tuleeko ilmiriita vai pysyyk\u00f6 parisuhde? P\u00e4\u00e4seek\u00f6 t\u00e4ss\u00e4 viel\u00e4 naimisiin? Charlotte paljastaa nauraen.<\/p>\n<p class=\"paragraph\">\u2013 Oletko oppinut k\u00e4ytt\u00e4ytym\u00e4\u00e4n? Sami vitsailee takaisin.<\/p>\n<p class=\"paragraph\">Lento sujuu ongelmitta, ja Sami saa vuokrattua perheelleen n\u00e4ytt\u00e4v\u00e4n Mercedes-Benz-vuokra-auton. My\u00f6s navigointi majapaikkaan sujuu pieni\u00e4 sanaharkkoja lukuun ottamatta hyvin.<\/p>\n<p class=\"paragraph\">Charlotte ei usko silmi\u00e4\u00e4n, kun he p\u00e4\u00e4sev\u00e4t Samin varaamalle huvilalle.<\/p>\n<p class=\"paragraph\">\u2013 Wau! T\u00e4\u00e4ll\u00e4 on uima-allas, t\u00e4m\u00e4 on ihana! Charlotte hehkuttaa onnellisena.<\/p>\n<p class=\"paragraph\">Rinkeliruhtinas-ohjelma alkaa TV5-kanavalla keskiviikkona kello 20.30. <a href=\"https:\/\/www.iltalehti.fi\/telkku\" rel=\"nofollow noopener\" target=\"_blank\">Katso kaikki ohjelmatiedot ja l\u00e4hetysajat Telkusta.<\/a><\/p>\n<p>Ensimm\u00e4isess\u00e4 jaksossa Susanna Penttil\u00e4 vierailee Charlotten klinikalla. Warner Bros. Discovery<\/p>\n","protected":false},"excerpt":{"rendered":"Uudessa Rinkeliruhtinas-sarjassa Sami Haara kertoo arjestaan rinkeliyritt\u00e4j\u00e4n\u00e4. Sami ja Charlotte ovat seurustelleet vuodesta 2022. ATTE KAJOVA T \u00e4n\u00e4\u00e4n&hellip;\n","protected":false},"author":2,"featured_media":135938,"comment_status":"","ping_status":"","sticky":false,"template":"","format":"standard","meta":{"footnotes":""},"categories":[133],"tags":[35,1074,137,33,31,30,1208,101,923,98,32,206,156,109],"class_list":{"0":"post-135937","1":"post","2":"type-post","3":"status-publish","4":"format-standard","5":"has-post-thumbnail","7":"category-televisiot","8":"tag-24h","9":"tag-avioliitto-ja-parisuhde","10":"tag-entertainment","11":"tag-fi","12":"tag-finland","13":"tag-finnish","14":"tag-haat","15":"tag-ihmissuhteet","16":"tag-matkustaminen","17":"tag-perhe","18":"tag-suomi","19":"tag-televisiot","20":"tag-tv","21":"tag-viihde"},"share_on_mastodon":{"url":"https:\/\/pubeurope.com\/@fi\/115854366677097544","error":""},"_links":{"self":[{"href":"https:\/\/www.europesays.com\/fi\/wp-json\/wp\/v2\/posts\/135937","targetHints":{"allow":["GET"]}}],"collection":[{"href":"https:\/\/www.europesays.com\/fi\/wp-json\/wp\/v2\/posts"}],"about":[{"href":"https:\/\/www.europesays.com\/fi\/wp-json\/wp\/v2\/types\/post"}],"author":[{"embeddable":true,"href":"https:\/\/www.europesays.com\/fi\/wp-json\/wp\/v2\/users\/2"}],"replies":[{"embeddable":true,"href":"https:\/\/www.europesays.com\/fi\/wp-json\/wp\/v2\/comments?post=135937"}],"version-history":[{"count":0,"href":"https:\/\/www.europesays.com\/fi\/wp-json\/wp\/v2\/posts\/135937\/revisions"}],"wp:featuredmedia":[{"embeddable":true,"href":"https:\/\/www.europesays.com\/fi\/wp-json\/wp\/v2\/media\/135938"}],"wp:attachment":[{"href":"https:\/\/www.europesays.com\/fi\/wp-json\/wp\/v2\/media?parent=135937"}],"wp:term":[{"taxonomy":"category","embeddable":true,"href":"https:\/\/www.europesays.com\/fi\/wp-json\/wp\/v2\/categories?post=135937"},{"taxonomy":"post_tag","embeddable":true,"href":"https:\/\/www.europesays.com\/fi\/wp-json\/wp\/v2\/tags?post=135937"}],"curies":[{"name":"wp","href":"https:\/\/api.w.org\/{rel}","templated":true}]}}