{"id":135939,"date":"2026-01-07T14:49:07","date_gmt":"2026-01-07T14:49:07","guid":{"rendered":"https:\/\/www.europesays.com\/fi\/135939\/"},"modified":"2026-01-07T14:49:07","modified_gmt":"2026-01-07T14:49:07","slug":"tassa-ovat-sastamalan-katsotuimmat-elokuvat-vuonna-2025","status":"publish","type":"post","link":"https:\/\/www.europesays.com\/fi\/135939\/","title":{"rendered":"T\u00e4ss\u00e4 ovat Sastamalan katsotuimmat elokuvat vuonna 2025"},"content":{"rendered":"<p>T\u00e4n\u00e4 kev\u00e4\u00e4n\u00e4 ja ensi kes\u00e4n\u00e4 on ensi-iltaan tulossa useita elokuvia.<\/p>\n<p class=\"article-body mb-nof-24 px-nof-16\">Sastamalan elokuvateatterin viime vuoden kymmenen katsotuimman elokuvan joukossa on per\u00e4ti kahdeksan kotimaista elokuvaa.<\/p>\n<p class=\"article-body mb-nof-24 px-nof-16\">Kolmen k\u00e4rjess\u00e4 ovat Risto R\u00e4pp\u00e4\u00e4j\u00e4 ja kaksoisolento, 100 litraa sahtia ja Kyll\u00e4 is\u00e4 osaa Lapissa.<\/p>\n<p class=\"article-body mb-nof-24 px-nof-16\">Elokuvissa k\u00e4vij\u00f6iden m\u00e4\u00e4r\u00e4 laski Sastamalassa hieman edellisvuodesta. Sastamalan elokuvateatterissa k\u00e4vi viime vuoden aikana kaikkiaan noin 12\u00a0000 katsojaa.<\/p>\n","protected":false},"excerpt":{"rendered":"T\u00e4n\u00e4 kev\u00e4\u00e4n\u00e4 ja ensi kes\u00e4n\u00e4 on ensi-iltaan tulossa useita elokuvia. Sastamalan elokuvateatterin viime vuoden kymmenen katsotuimman elokuvan joukossa&hellip;\n","protected":false},"author":2,"featured_media":135940,"comment_status":"","ping_status":"","sticky":false,"template":"","format":"standard","meta":{"footnotes":""},"categories":[131],"tags":[155,137,33,173,31,30,172,32,3885,109],"class_list":{"0":"post-135939","1":"post","2":"type-post","3":"status-publish","4":"format-standard","5":"has-post-thumbnail","7":"category-elokuvat","8":"tag-elokuvat","9":"tag-entertainment","10":"tag-fi","11":"tag-film","12":"tag-finland","13":"tag-finnish","14":"tag-movies","15":"tag-suomi","16":"tag-tyrvaan-sanomat","17":"tag-viihde"},"share_on_mastodon":{"url":"https:\/\/pubeurope.com\/@fi\/115854374493918953","error":""},"_links":{"self":[{"href":"https:\/\/www.europesays.com\/fi\/wp-json\/wp\/v2\/posts\/135939","targetHints":{"allow":["GET"]}}],"collection":[{"href":"https:\/\/www.europesays.com\/fi\/wp-json\/wp\/v2\/posts"}],"about":[{"href":"https:\/\/www.europesays.com\/fi\/wp-json\/wp\/v2\/types\/post"}],"author":[{"embeddable":true,"href":"https:\/\/www.europesays.com\/fi\/wp-json\/wp\/v2\/users\/2"}],"replies":[{"embeddable":true,"href":"https:\/\/www.europesays.com\/fi\/wp-json\/wp\/v2\/comments?post=135939"}],"version-history":[{"count":0,"href":"https:\/\/www.europesays.com\/fi\/wp-json\/wp\/v2\/posts\/135939\/revisions"}],"wp:featuredmedia":[{"embeddable":true,"href":"https:\/\/www.europesays.com\/fi\/wp-json\/wp\/v2\/media\/135940"}],"wp:attachment":[{"href":"https:\/\/www.europesays.com\/fi\/wp-json\/wp\/v2\/media?parent=135939"}],"wp:term":[{"taxonomy":"category","embeddable":true,"href":"https:\/\/www.europesays.com\/fi\/wp-json\/wp\/v2\/categories?post=135939"},{"taxonomy":"post_tag","embeddable":true,"href":"https:\/\/www.europesays.com\/fi\/wp-json\/wp\/v2\/tags?post=135939"}],"curies":[{"name":"wp","href":"https:\/\/api.w.org\/{rel}","templated":true}]}}