{"id":135943,"date":"2026-01-07T14:52:08","date_gmt":"2026-01-07T14:52:08","guid":{"rendered":"https:\/\/www.europesays.com\/fi\/135943\/"},"modified":"2026-01-07T14:52:08","modified_gmt":"2026-01-07T14:52:08","slug":"tahtinayttelijan-piti-olla-mukana-ylen-uutuussarjassa-kuoli-ennen-ensi-iltaa","status":"publish","type":"post","link":"https:\/\/www.europesays.com\/fi\/135943\/","title":{"rendered":"T\u00e4htin\u00e4yttelij\u00e4n piti olla mukana Ylen uutuussarjassa \u2013 Kuoli ennen ensi-iltaa"},"content":{"rendered":"<p>Rossif Sutherland t\u00e4hditt\u00e4\u00e4 Ylen uutta rikossarjaa Pikkukaupungin poliisi.<\/p>\n<p><img decoding=\"async\" class=\"image image-show image-preview\" src=\"https:\/\/www.europesays.com\/fi\/wp-content\/uploads\/2026\/01\/19f4e18cfea2cad535dd11beae200d34ec56a12f724809fde93066386cdaec67.jpg\" alt=\"\"\/><img decoding=\"async\" class=\"image image-show\" src=\"https:\/\/www.europesays.com\/fi\/wp-content\/uploads\/2026\/01\/1767797528_414_19f4e18cfea2cad535dd11beae200d34ec56a12f724809fde93066386cdaec67.jpg\" alt=\"\"\/><\/p>\n<p>Rossif Sutherland esitt\u00e4\u00e4 Pikkukaupungin poliisi -sarjassa pikkukaupungin poliisip\u00e4\u00e4llikk\u00f6\u00e4 Karl Albergia. Yle<\/p>\n<p class=\"paragraph\">TV1:ll\u00e4 alkaa t\u00e4n\u00e4\u00e4n uusi kanadalainen rikossarja Pikkukaupungin poliisi.<\/p>\n<p class=\"paragraph\">Ensimm\u00e4inen jakso p\u00e4\u00e4ttyy omistuskirjoitukseen. Sarja on omistettu kes\u00e4kuussa 2024 kuolleen kanadalaisn\u00e4yttelij\u00e4 <a href=\"https:\/\/www.iltalehti.fi\/henkilot\/Donald Sutherland\" class=\"article-link-person-page\" rel=\"nofollow noopener\" target=\"_blank\">Donald Sutherlandin<\/a> muistolle.<\/p>\n<p class=\"paragraph\">Syy omistuskirjoitukseen l\u00f6ytyy l\u00e4helt\u00e4. Pikkukaupungin poliisin p\u00e4\u00e4roolia, poliisip\u00e4\u00e4llikk\u00f6 Karl Albergi\u00e4 esitt\u00e4\u00e4 <a href=\"https:\/\/www.iltalehti.fi\/henkilot\/Rossif Sutherland\" class=\"article-link-person-page\" rel=\"nofollow noopener\" target=\"_blank\">Rossif Sutherland<\/a>, Donald Sutherlandin poika.<\/p>\n<p class=\"paragraph\">Pikkukaupungin poliisi, alkuper\u00e4isnimelt\u00e4\u00e4n Murder in a Small Town, sai kotimaansa ensi-illan syksyll\u00e4 2024. Sarja perustuu kanadalaiskirjailija <strong>L. R. Wrightin<\/strong> Alberg and Cassandra -mysteerikirjasarjaan.<\/p>\n<p class=\"paragraph\">Rossif Sutherland kertoi <a href=\"https:\/\/deadline.com\/2024\/08\/rossif-sutherland-murder-in-a-small-town-dad-donald-connection-1236043131\/\" target=\"_blank\" rel=\"noopener nofollow\">Deadlinelle<\/a> is\u00e4ns\u00e4 kuoleman j\u00e4lkeen, ett\u00e4 is\u00e4ll\u00e4 oli erityinen yhteys poikansa t\u00e4hditt\u00e4m\u00e4\u00e4n tulevaan poliisisarjaan. Donald Sutherland oli nimitt\u00e4in kymmeni\u00e4 vuosia aiemmin rakastunut Wrightin kirjasarjaan. Kun k\u00e4sikirjoittaja <strong>Ian Weir<\/strong> ryhtyi tekem\u00e4\u00e4n ensimm\u00e4isest\u00e4 kirjasta n\u00e4ytelty\u00e4 sovitusta, Donald Sutherland kiinnitettiin esitt\u00e4m\u00e4\u00e4n sarjan p\u00e4\u00e4ep\u00e4ilty\u00e4 Georgea.<\/p>\n<p>Donald Sutherland kuoli hieman ennen sarjan ilmestymist\u00e4. AOP<\/p>\n<p class=\"paragraph\">Lopulta meni kolmekymment\u00e4 vuotta, ett\u00e4 Pikkukaupungin poliisi n\u00e4ki p\u00e4iv\u00e4nvalon televisiosarjana. Alun perin Donald Sutherlandin oli tarkoitus yh\u00e4 esitt\u00e4\u00e4 Georgen roolia. N\u00e4yttelij\u00e4n terveys kuitenkin heikkeni, ja h\u00e4nen oli vet\u00e4ydytt\u00e4v\u00e4 projektista.<\/p>\n<p class=\"paragraph\">Georgen rooli meni <strong>James Cromwellille<\/strong>. Sen sijaan Donald Sutherlandille suunniteltiin roolia ensimm\u00e4isen jakson murhan uhrina. Etenev\u00e4t terveyshaasteet tyrm\u00e4siv\u00e4t t\u00e4m\u00e4nkin suunnitelman.<\/p>\n<p>Georgen rooli meni lopulta James Cromwellille. Yle<\/p>\n<p class=\"paragraph\">Rossif Sutherland sai tiet\u00e4\u00e4 is\u00e4ns\u00e4 suhteesta sarjaprojektiin vasta siin\u00e4 vaiheessa, kun h\u00e4nelle oli tarjottu Karlin p\u00e4\u00e4roolia. Rossif Sutherland sai roolin koekuvausten kautta.<\/p>\n<p class=\"paragraph\">\u2013 En tied\u00e4, kuinka paljon nepotismi vaikutti t\u00e4h\u00e4n, minulla ei ole aavistustakaan. Heill\u00e4 todella oli suhde is\u00e4\u00e4ni, joten voin uskoa, ett\u00e4 heit\u00e4 houkutti romanttinen ajatus siit\u00e4, ett\u00e4 t\u00e4hditt\u00e4isin sarjaa h\u00e4nen sijaansa, Rossif Sutherland on sanonut Deadlinen haastattelussa.<\/p>\n<p class=\"paragraph\">Pitk\u00e4\u00e4n sairastettuaan Donald Sutherland <a href=\"https:\/\/www.iltalehti.fi\/viihdeuutiset\/65c8a0e9-e577-4ecb-9e7c-73553d085f82\" rel=\"nofollow noopener\" target=\"_blank\">kuoli Miamissa 88-vuotiaana<\/a>.<\/p>\n<p class=\"paragraph\">Pikkukaupungin poliisi t\u00e4n\u00e4\u00e4n TV1:ll\u00e4 kello 17.10 &amp; Areenassa. <a href=\"https:\/\/www.iltalehti.fi\/telkku\/\" rel=\"nofollow noopener\" target=\"_blank\">Katso kaikki\u00a0TV-ohjelmat ja l\u00e4hetysajat Telkun TV-oppaasta<\/a>.<\/p>\n","protected":false},"excerpt":{"rendered":"Rossif Sutherland t\u00e4hditt\u00e4\u00e4 Ylen uutta rikossarjaa Pikkukaupungin poliisi. Rossif Sutherland esitt\u00e4\u00e4 Pikkukaupungin poliisi -sarjassa pikkukaupungin poliisip\u00e4\u00e4llikk\u00f6\u00e4 Karl Albergia.&hellip;\n","protected":false},"author":2,"featured_media":135944,"comment_status":"","ping_status":"","sticky":false,"template":"","format":"standard","meta":{"footnotes":""},"categories":[130],"tags":[35,153,623,155,137,33,31,30,1928,154,98,32,140,156,109],"class_list":{"0":"post-135943","1":"post","2":"type-post","3":"status-publish","4":"format-standard","5":"has-post-thumbnail","7":"category-viihde","8":"tag-24h","9":"tag-audiovisuaalinen-media","10":"tag-elokuva","11":"tag-elokuvat","12":"tag-entertainment","13":"tag-fi","14":"tag-finland","15":"tag-finnish","16":"tag-kirjallisuus-ja-audiovisuaalinen-media","17":"tag-nayttelijat-teatteri","18":"tag-perhe","19":"tag-suomi","20":"tag-tv-ja-elokuvat","21":"tag-tv","22":"tag-viihde"},"share_on_mastodon":{"url":"https:\/\/pubeurope.com\/@fi\/115854386316438092","error":""},"_links":{"self":[{"href":"https:\/\/www.europesays.com\/fi\/wp-json\/wp\/v2\/posts\/135943","targetHints":{"allow":["GET"]}}],"collection":[{"href":"https:\/\/www.europesays.com\/fi\/wp-json\/wp\/v2\/posts"}],"about":[{"href":"https:\/\/www.europesays.com\/fi\/wp-json\/wp\/v2\/types\/post"}],"author":[{"embeddable":true,"href":"https:\/\/www.europesays.com\/fi\/wp-json\/wp\/v2\/users\/2"}],"replies":[{"embeddable":true,"href":"https:\/\/www.europesays.com\/fi\/wp-json\/wp\/v2\/comments?post=135943"}],"version-history":[{"count":0,"href":"https:\/\/www.europesays.com\/fi\/wp-json\/wp\/v2\/posts\/135943\/revisions"}],"wp:featuredmedia":[{"embeddable":true,"href":"https:\/\/www.europesays.com\/fi\/wp-json\/wp\/v2\/media\/135944"}],"wp:attachment":[{"href":"https:\/\/www.europesays.com\/fi\/wp-json\/wp\/v2\/media?parent=135943"}],"wp:term":[{"taxonomy":"category","embeddable":true,"href":"https:\/\/www.europesays.com\/fi\/wp-json\/wp\/v2\/categories?post=135943"},{"taxonomy":"post_tag","embeddable":true,"href":"https:\/\/www.europesays.com\/fi\/wp-json\/wp\/v2\/tags?post=135943"}],"curies":[{"name":"wp","href":"https:\/\/api.w.org\/{rel}","templated":true}]}}