{"id":135953,"date":"2026-01-07T15:10:08","date_gmt":"2026-01-07T15:10:08","guid":{"rendered":"https:\/\/www.europesays.com\/fi\/135953\/"},"modified":"2026-01-07T15:10:08","modified_gmt":"2026-01-07T15:10:08","slug":"talta-matias-petaisto-naytti-hiukset-paassa","status":"publish","type":"post","link":"https:\/\/www.europesays.com\/fi\/135953\/","title":{"rendered":"T\u00e4lt\u00e4 Matias Pet\u00e4ist\u00f6 n\u00e4ytti hiukset p\u00e4\u00e4ss\u00e4!"},"content":{"rendered":"<p>\n            (101125) &#8212; Porvoo, November 11, 2025 \u2013 Matias Pet\u00e4ist\u00f6 at the Porvoo court in Porvoo, Finland, 11. November 2025. (Matti Matikainen\/Aller Media)<br \/>\n            Matti Matikainen\n        <\/p>\n<p class=\"subtitle \">Matias on monen naisen haavekuva. Onhan mies kaikkea sit\u00e4, mist\u00e4 monet naiset unelmoivat: on kokoa ja n\u00e4k\u00f6\u00e4.<\/p>\n<p class=\"article-content article-content-width !bg-background\">Erikoisjoukoista koko kansan tietoisuuteen noussut  on tuttu siit\u00e4, ett\u00e4 miehell\u00e4 on lippis syv\u00e4ll\u00e4 p\u00e4\u00e4ss\u00e4 ja h\u00e4n tykk\u00e4\u00e4 kuvata itse\u00e4\u00e4n ilman paitaa.<\/p>\n<p class=\"font-weight-bold m-font-weight-bold article-content article-content-width !bg-background\">Video: Matias kertoo hyv\u00e4n kokelaan ominaisuuksista.<\/p>\n<p class=\"article-content article-content-width !bg-background\">J\u00e4lkimm\u00e4isen ymm\u00e4rt\u00e4\u00e4 hyvin, sill\u00e4 h\u00e4nell\u00e4 on komeat lihakset ja ruskea iho \u2013 asioita, joista moni suomipoika voi vain unelmoida kotisohvallaan.<\/p>\n<p class=\"article-content article-content-width !bg-background\">Mutta matkaan on mahtunut muutakin viime aikoina.<\/p>\n<p class=\"article-content article-content-width !bg-background\">Matiaksen ja  avioerosta tuli taannoin virallista, ja viime viikolla Matias ilmoitti, ett\u00e4 h\u00e4nen ja  Didier X Killbox -kamppailuilta peruutui.<\/p>\n<p>        <a itemprop=\"url\" href=\"https:\/\/www.seiska.fi\/vain-seiskassa\/matias-petaisto-ikava-uutinen\/2036457\" rel=\"nofollow noopener\" target=\"_blank\"><\/p>\n<p>\nMatias Pet\u00e4ist\u00f6\n<\/p>\n<p class=\"section-date\">\n        <strong class=\"article-section\" data-section=\"vain seiskassa\"><br \/>\n            vain seiskassa<br \/>\n        <\/strong><br \/>\n        3.1. 17:00\n    <\/p>\n<p>Matias Pet\u00e4ist\u00f6: Ik\u00e4v\u00e4 uutinen\n    <\/p>\n<p itemprop=\"description\" class=\"subtitle \">\n    Matias on joutunut julkisuuteen my\u00f6s avioeron tiimoilta, sill\u00e4 h\u00e4nen ja Anette Pet\u00e4ist\u00f6n eroa on k\u00e4yty l\u00e4pi mediassa.\n<\/p>\n<p>        <\/a><\/p>\n<p class=\"article-content article-content-width !bg-background\">Syit\u00e4 olivat ainakin toisen p\u00e4\u00e4ottelijan, , sairastuminen mykoplasmaan sek\u00e4 erityisesti huono lippujen ennakkomyynti.<\/p>\n<p>                <img decoding=\"async\" src=\"https:\/\/www.europesays.com\/fi\/wp-content\/uploads\/2026\/01\/2003314.webp.jpeg\" width=\"576\" height=\"322\" title=\"Erikoisjoukoissa Matiaksen rooli kouluttajana on ollut 'kovis'.\" alt=\"Erikoisjoukot, 4. kausi, 2025, Matias Pet\u00e4ist\u00f6.\" loading=\"lazy\" \/>            <\/p>\n<p>\n            Erikoisjoukoissa Matiaksen rooli kouluttajana on ollut &#8221;kovis&#8221;.<br \/>\n            Jere Hietala \/ Sanoma\n        <\/p>\n<p>Irak \u2013 Kaksoisvirranmaa<\/p>\n<p class=\"article-content article-content-width !bg-background\">Tiistaina loppiaisen kunniaksi Matias ilahdutti Instagramissa yli 90 000 seuraajaansa parillakin eri kuvalla.<\/p>\n<p class=\"article-content article-content-width !bg-background\">Kuvissa palataan vuosien taakse aikaan, jolloin Matias toimi erikoisjoukkojen ulkomaanoperaatioissa.<\/p>\n<p>        <a itemprop=\"url\" href=\"https:\/\/www.seiska.fi\/vain-seiskassa\/erikoisjoukot-tahti-matias-petaisto-ja-povikaunotar-viihtyivat-nyrkkeilyillassa-kuvat\/1923658\" rel=\"nofollow noopener\" target=\"_blank\"><\/p>\n<p>\nMatias Pet\u00e4ist\u00f6 ja povikaunotar\n<\/p>\n<p class=\"section-date\">\n        <strong class=\"article-section\" data-section=\"vain seiskassa\"><br \/>\n            vain seiskassa<br \/>\n        <\/strong><br \/>\n        10.9.2025 05:00\n    <\/p>\n<p>Erikoisjoukot-t\u00e4hti Matias Pet\u00e4ist\u00f6 ja povikaunotar viihtyiv\u00e4t nyrkkeilyillassa \u2013 kuvat!\n    <\/p>\n<p itemprop=\"description\" class=\"subtitle \">\n    Erikoisjoukot-k\u00f6nsik\u00e4s vakuuttaa Onlyfans-t\u00e4hden olevan h\u00e4nell\u00e4 vain keikkahommissa.\n<\/p>\n<p>        <\/a><\/p>\n<p class=\"article-content article-content-width !bg-background\"> \u2013 Irakissaki tehtiin t\u00f6it\u00e4 niinku naamasta n\u00e4kyy, Matias kirjoittaa kuvien yhteyteen hymynaamoin.<\/p>\n<p class=\"article-content article-content-width !bg-background\">Samalla h\u00e4n mainostaa omaa treeni- ja valmennusfilosofiaansa, joka tulee juurikin Kaksoisvirtainmaasta \u2013 tai oikeammin Matiaksen \u201domista taustoista, eli mm. sotilashommista\u201d, kuten h\u00e4n itse asian muotoilee.<\/p>\n<p>                <img decoding=\"async\" src=\"https:\/\/www.europesays.com\/fi\/wp-content\/uploads\/2026\/01\/2014511.webp.jpeg\" width=\"576\" height=\"322\" alt=\"Matiaksen tyyliin kuuluu aurinkolasit, jotka tekev\u00e4t h\u00e4nest\u00e4 joidenkin mielest\u00e4 ehk\u00e4 hieman koomisenkin.\" loading=\"lazy\" \/>            <\/p>\n<p>\n            Matiaksen tyyliin kuuluu aurinkolasit, jotka tekev\u00e4t h\u00e4nest\u00e4 joidenkin mielest\u00e4 ehk\u00e4 hieman koomisenkin.<br \/>\n            Atte Kajova\n        <\/p>\n<p>Hiukset<\/p>\n<p class=\"article-content article-content-width !bg-background\">Seiskalle reservin ylikersantti kertoi alkuvuodesta olleensa kaikkiaan kolmessa eri ulkomaanoperaatiossa: kaksi Afganistanissa ja yksi Irakissa.<\/p>\n<p class=\"article-content article-content-width !bg-background\">Ja sitten itse kuviin, joista ensimm\u00e4isess\u00e4 Matias hymyilee ujosti.<\/p>\n<p>        <a itemprop=\"url\" href=\"https:\/\/www.seiska.fi\/vain-seiskassa\/matias-petaisto-ja-kaunis-nainen-laheisissa-tunnelmissa-salakuva\/1921335\" rel=\"nofollow noopener\" target=\"_blank\"><\/p>\n<p>\nSalakuva Matias Pet\u00e4ist\u00f6st\u00e4\n<\/p>\n<p class=\"section-date\">\n        <strong class=\"article-section\" data-section=\"vain seiskassa\"><br \/>\n            vain seiskassa<br \/>\n        <\/strong><br \/>\n        5.9.2025 16:00\n    <\/p>\n<p>Matias Pet\u00e4ist\u00f6 ja kaunis nainen l\u00e4heisiss\u00e4 tunnelmissa \u2013 salakuva!\n    <\/p>\n<p itemprop=\"description\" class=\"subtitle \">\n    Matias kertoo Seiskalle kuulevansa itsest\u00e4\u00e4n jatkuvasti &#8221;kaikenlaisia huhuja&#8221;.\n<\/p>\n<p>        <\/a><\/p>\n<p class=\"article-content article-content-width !bg-background\">Katse kiinnittyy kahteen asiaan: Matiaksella on hiukset ja aurinkolasit ovat otsalla \u2013 eiv\u00e4t silmill\u00e4.<\/p>\n<p class=\"article-content article-content-width !bg-background\">Toisessa kuvassa Matias poseeraa auton edess\u00e4, joka n\u00e4ytt\u00e4\u00e4 Toyota Yarikselta.<\/p>\n<p class=\"article-content article-content-width !bg-background\">Matiaksella on k\u00e4det taskuissa, kasvoilla vieno hymy ja aurinkolasit p\u00e4\u00e4ss\u00e4.<\/p>\n<p>Kapteeni innostui<\/p>\n<p class=\"article-content article-content-width !bg-background\">Kolmannessa kuvassa Matias istuu huppu p\u00e4\u00e4ss\u00e4 pahvimuki k\u00e4dess\u00e4.<\/p>\n<p class=\"article-content article-content-width !bg-background\"> \u2013 Toi tukka pelasti koko tammikuun \u2764\ufe0f, kommentoi Matiaksen julkaisua .<\/p>\n<p>        <a itemprop=\"url\" href=\"https:\/\/www.seiska.fi\/ruoka\/matias-petaisto-oikoo-virheellisen-kasityksen-itsestaan\/2032513\" rel=\"nofollow noopener\" target=\"_blank\"><\/p>\n<p>\nMatias Pet\u00e4ist\u00f6\n<\/p>\n<p class=\"section-date\">\n        <strong class=\"article-section\" data-section=\"ruoka\"><br \/>\n            ruoka<br \/>\n        <\/strong><br \/>\n        29.12.2025 16:00\n    <\/p>\n<p>Matias Pet\u00e4ist\u00f6 oikoo virheellisen k\u00e4sityksen itsest\u00e4\u00e4n\n    <\/p>\n<p itemprop=\"description\" class=\"subtitle \">\n    Matias suosii kokkaillessaankin kevytt\u00e4 vaatetusta.\n<\/p>\n<p>        <\/a><\/p>\n<p class=\"article-content article-content-width !bg-background\">Tatuoitu Nico on itse Puolustusvoimissa kapteeni, joka on kuitenkin taannoin eronnut palveluksesta keskitty\u00e4kseen kokop\u00e4iv\u00e4isesti someen.<\/p>\n<p class=\"article-content article-content-width !bg-background\">Viimeinen palvelusp\u00e4iv\u00e4 Nicolla on 10. tammikuuta.<\/p>\n","protected":false},"excerpt":{"rendered":"(101125) &#8212; Porvoo, November 11, 2025 \u2013 Matias Pet\u00e4ist\u00f6 at the Porvoo court in Porvoo, Finland, 11. November&hellip;\n","protected":false},"author":2,"featured_media":135954,"comment_status":"","ping_status":"","sticky":false,"template":"","format":"standard","meta":{"footnotes":""},"categories":[136],"tags":[8058,407,23766,137,33,31,30,408,212,2156,6443,23765,32,109],"class_list":{"0":"post-135953","1":"post","2":"type-post","3":"status-publish","4":"format-standard","5":"has-post-thumbnail","7":"category-julkkikset","8":"tag-anette-petaisto","9":"tag-celebrities","10":"tag-daniel-forsberg","11":"tag-entertainment","12":"tag-fi","13":"tag-finland","14":"tag-finnish","15":"tag-julkkikset","16":"tag-lifestyle","17":"tag-matias-petaisto","18":"tag-nico-lingman","19":"tag-patrick-hannula","20":"tag-suomi","21":"tag-viihde"},"share_on_mastodon":{"url":"https:\/\/pubeurope.com\/@fi\/115854457140955160","error":""},"_links":{"self":[{"href":"https:\/\/www.europesays.com\/fi\/wp-json\/wp\/v2\/posts\/135953","targetHints":{"allow":["GET"]}}],"collection":[{"href":"https:\/\/www.europesays.com\/fi\/wp-json\/wp\/v2\/posts"}],"about":[{"href":"https:\/\/www.europesays.com\/fi\/wp-json\/wp\/v2\/types\/post"}],"author":[{"embeddable":true,"href":"https:\/\/www.europesays.com\/fi\/wp-json\/wp\/v2\/users\/2"}],"replies":[{"embeddable":true,"href":"https:\/\/www.europesays.com\/fi\/wp-json\/wp\/v2\/comments?post=135953"}],"version-history":[{"count":0,"href":"https:\/\/www.europesays.com\/fi\/wp-json\/wp\/v2\/posts\/135953\/revisions"}],"wp:featuredmedia":[{"embeddable":true,"href":"https:\/\/www.europesays.com\/fi\/wp-json\/wp\/v2\/media\/135954"}],"wp:attachment":[{"href":"https:\/\/www.europesays.com\/fi\/wp-json\/wp\/v2\/media?parent=135953"}],"wp:term":[{"taxonomy":"category","embeddable":true,"href":"https:\/\/www.europesays.com\/fi\/wp-json\/wp\/v2\/categories?post=135953"},{"taxonomy":"post_tag","embeddable":true,"href":"https:\/\/www.europesays.com\/fi\/wp-json\/wp\/v2\/tags?post=135953"}],"curies":[{"name":"wp","href":"https:\/\/api.w.org\/{rel}","templated":true}]}}