{"id":135956,"date":"2026-01-07T15:15:07","date_gmt":"2026-01-07T15:15:07","guid":{"rendered":"https:\/\/www.europesays.com\/fi\/135956\/"},"modified":"2026-01-07T15:15:07","modified_gmt":"2026-01-07T15:15:07","slug":"fxn-original-sarja-the-beauty-sai-virallisen-trailerin-ensi-ilta-22-tammikuuta-vain-disney-palvelussa","status":"publish","type":"post","link":"https:\/\/www.europesays.com\/fi\/135956\/","title":{"rendered":"FX:N ORIGINAL-SARJA THE BEAUTY SAI VIRALLISEN TRAILERIN \u2013 ENSI-ILTA 22. TAMMIKUUTA VAIN DISNEY+ -PALVELUSSA"},"content":{"rendered":"<p>\t\t\t\t\t <strong><img loading=\"lazy\" decoding=\"async\" class=\"on600-widthfull align-center\" src=\"https:\/\/www.europesays.com\/fi\/wp-content\/uploads\/2026\/01\/unnamed.png\" alt=\"\" width=\"225\" height=\"128\"\/><\/strong><strong>FX:N ORIGINAL-SARJA THE BEAUTY SAI VIRALLISEN TRAILERIN \u2013 ENSI-ILTA 22. TAMMIKUUTA YKSINOIKEUDELLA DISNEY+ -PALVELUSSA<\/strong><\/p>\n<p class=\"align-center\"><strong>P\u00e4\u00e4osissa Evan Peters, Anthony Ramos, Jeremy Pope, Ashton Kutcher ja Rebecca Hall.<\/strong><\/p>\n<p class=\"align-center\"><a href=\"https:\/\/youtu.be\/bgT0MiflqRw\" rel=\"nofollow noopener\" target=\"_blank\"><strong>Linkki traileriin YouTubessa<\/strong><\/a><\/p>\n<p><strong>HELSINKI, Suomi (7. tammikuuta 2026) <\/strong>\u2013 Disney+ on julkaissut trailerin FX:n Original-sarjasta The Beauty, joka on tuottaja Ryan Murphyn uusi kansainv\u00e4linen trilleri. Sarja saa ensi-iltansa kolmella jaksolla torstaina 22. tammikuuta Disney+ -palvelussa. T\u00e4m\u00e4n j\u00e4lkeen 11-jaksoisen ensimm\u00e4isen kauden uudet jaksot julkaistaan viikoittain torstaisin, ja kauden kahden viimeisen viikon aikana n\u00e4hd\u00e4\u00e4n kummallakin viikolla kaksi uutta jaksoa.<strong> <\/strong><\/p>\n<p><strong>Lue alkuper\u00e4inen tiedote: <\/strong><\/p>\n<p>In FX\u2019s \u201cThe Beauty,\u201d the world of high fashion turns dark when international supermodels begin dying in gruesome and mysterious ways. FBI Agents \u201cCooper Madsen\u201d (Evan Peters) and \u201cJordan Bennett\u201d (Rebecca Hall) are sent to Paris to uncover the truth. As they delve deeper into the case, they uncover a sexually transmitted virus that transforms ordinary people into visions of physical perfection, but with terrifying consequences. Their path leads them directly into the crosshairs of \u201cThe Corporation\u201d (Ashton Kutcher), a shadowy tech billionaire who has secretly engineered a miracle drug dubbed \u201cThe Beauty,\u201d who will do anything to protect his trillion-dollar empire\u2014including unleashing his lethal enforcer, \u201cThe Assassin\u201d (Anthony Ramos). As the epidemic spreads, \u201cJeremy\u201d (Jeremy Pope), a desperate outsider, is caught in the chaos, searching for purpose as the agents race across Paris, Venice, Rome, and New York to stop a threat that could alter the future of humanity. \u201cThe Beauty\u201d is a global thriller that asks: what would you sacrifice for perfection?<\/p>\n<p>Guest stars include Amelia Gray Hamlin, Ari Graynor, Bella Hadid, Ben Platt, Billy Eichner, Isabella Rossellini, Jaquel Spivey, Jessica Alexander, Jon Jon Briones, John Carroll Lynch, Julie Halston, Lux Pascal, Meghan Trainor, Nicola Peltz Beckham, Peter Gallagher and Vincent D\u2019Onofrio.<\/p>\n<p>Disney+ on saatavilla alkaen hintaan 6,99 euroa kuukaudessa \u2013 ilman piilokustannuksia. K\u00e4ytt\u00e4j\u00e4t voivat peruuttaa tilauksensa milloin tahansa. Disney+ -suoratoistopalvelusta l\u00f6ytyy katsottavaa kaikenik\u00e4isille, ja se kokoaa yhteen Disneyn, Pixarin, Marvelin, Star Warsin, National Geographicin ja Hulun TV-sarjat, hittielokuvat ja Originals-tuotannot. Palvelun monipuolinen ja kasvava viihdekokoelma kattaa kaiken dokumenteista ja kriitikoiden ylist\u00e4mist\u00e4 draamoista klassisiin animaatioihin, komedioihin, yleisviihteeseen ja suoriin jalkapallo-otteluihin. Katsojat voivat nauttia esimerkiksi FX:n kehutusta sci-fi-draamasta Alien: Earth, palkitun komediasarjan Only Murders in the Building viidennest\u00e4 kaudesta, High Potential -sarjan toisesta kaudesta, Disneyn Lilo &amp; Stitch -hittielokuvasta, 20th Century Studiosin Swiped-elokuvasta sek\u00e4 Original-dokumenttisarjasta Sneaker Wars: Adidas v Puma.<\/p>\n<p>Vankat lapsilukko-ominaisuudet varmistavat, ett\u00e4 Disney+ pysyy sopivana koko perheelle. Tilaajat voivat asettaa p\u00e4\u00e4syrajoituksia aikuisille suunnatulle sis\u00e4ll\u00f6lle ja luoda PIN-koodilla suojattuja profiileja jo olemassa olevien lapsiprofiilien rinnalle, jotta vanhemmat saavat mielenrauhan.<\/p>\n<p><strong>Sosiaalinen media<\/strong><\/p>\n<p>Facebook: @DisneyPlusFI<br \/>Instagram: @DisneyPlusFI<br \/>Hashtag: #DisneyPlusFI<\/p>\n<p><strong>Mediakontaktit <\/strong><\/p>\n<p>Disney Press Office \/ OSG Viestint\u00e4<br \/><a href=\"https:\/\/www.epressi.com\/cdn-cgi\/l\/email-protection\" class=\"__cf_email__\" data-cfemail=\"216548524f445871534452526e4747484244614e52460f4748\" rel=\"nofollow noopener\" target=\"_blank\">[email\u00a0protected]<\/a><\/p>\n<p>Mattias Vestin<br \/><a href=\"https:\/\/www.epressi.com\/cdn-cgi\/l\/email-protection\" class=\"__cf_email__\" data-cfemail=\"0f426e7b7b666e7c21596a7c7b66614f6b667c616a76216c6062\" rel=\"nofollow noopener\" target=\"_blank\">[email\u00a0protected]<\/a><\/p>\n<p>Emelie Halltoft<br \/><a href=\"https:\/\/www.epressi.com\/cdn-cgi\/l\/email-protection\" class=\"__cf_email__\" data-cfemail=\"34715951585d511a5c555858405b524074505d475a514d1a575b59\" rel=\"nofollow noopener\" target=\"_blank\">[email\u00a0protected]<\/a><\/p>\n","protected":false},"excerpt":{"rendered":"FX:N ORIGINAL-SARJA THE BEAUTY SAI VIRALLISEN TRAILERIN \u2013 ENSI-ILTA 22. TAMMIKUUTA YKSINOIKEUDELLA DISNEY+ -PALVELUSSA P\u00e4\u00e4osissa Evan Peters, Anthony&hellip;\n","protected":false},"author":2,"featured_media":135957,"comment_status":"","ping_status":"","sticky":false,"template":"","format":"standard","meta":{"footnotes":""},"categories":[131],"tags":[155,137,33,173,31,30,172,32,109],"class_list":{"0":"post-135956","1":"post","2":"type-post","3":"status-publish","4":"format-standard","5":"has-post-thumbnail","7":"category-elokuvat","8":"tag-elokuvat","9":"tag-entertainment","10":"tag-fi","11":"tag-film","12":"tag-finland","13":"tag-finnish","14":"tag-movies","15":"tag-suomi","16":"tag-viihde"},"share_on_mastodon":{"url":"https:\/\/pubeurope.com\/@fi\/115854476752009701","error":""},"_links":{"self":[{"href":"https:\/\/www.europesays.com\/fi\/wp-json\/wp\/v2\/posts\/135956","targetHints":{"allow":["GET"]}}],"collection":[{"href":"https:\/\/www.europesays.com\/fi\/wp-json\/wp\/v2\/posts"}],"about":[{"href":"https:\/\/www.europesays.com\/fi\/wp-json\/wp\/v2\/types\/post"}],"author":[{"embeddable":true,"href":"https:\/\/www.europesays.com\/fi\/wp-json\/wp\/v2\/users\/2"}],"replies":[{"embeddable":true,"href":"https:\/\/www.europesays.com\/fi\/wp-json\/wp\/v2\/comments?post=135956"}],"version-history":[{"count":0,"href":"https:\/\/www.europesays.com\/fi\/wp-json\/wp\/v2\/posts\/135956\/revisions"}],"wp:featuredmedia":[{"embeddable":true,"href":"https:\/\/www.europesays.com\/fi\/wp-json\/wp\/v2\/media\/135957"}],"wp:attachment":[{"href":"https:\/\/www.europesays.com\/fi\/wp-json\/wp\/v2\/media?parent=135956"}],"wp:term":[{"taxonomy":"category","embeddable":true,"href":"https:\/\/www.europesays.com\/fi\/wp-json\/wp\/v2\/categories?post=135956"},{"taxonomy":"post_tag","embeddable":true,"href":"https:\/\/www.europesays.com\/fi\/wp-json\/wp\/v2\/tags?post=135956"}],"curies":[{"name":"wp","href":"https:\/\/api.w.org\/{rel}","templated":true}]}}