{"id":135962,"date":"2026-01-07T15:21:09","date_gmt":"2026-01-07T15:21:09","guid":{"rendered":"https:\/\/www.europesays.com\/fi\/135962\/"},"modified":"2026-01-07T15:21:09","modified_gmt":"2026-01-07T15:21:09","slug":"taman-verran-laakaripariskunnan-laittomat-irtisanomiset-maksoivat-sata-alueelle","status":"publish","type":"post","link":"https:\/\/www.europesays.com\/fi\/135962\/","title":{"rendered":"T\u00e4m\u00e4n verran l\u00e4\u00e4k\u00e4ripariskunnan laittomat irtisanomiset maksoivat Sata-alueelle"},"content":{"rendered":"<p>Satakunnan Kansa sai tietopyynn\u00f6ll\u00e4 haltuunsa Satakunnan hyvinvointialueen ja irtisanotun l\u00e4\u00e4k\u00e4ripariskunnan kesken\u00e4\u00e4n solmiman sopimuksen.<\/p>\n<p class=\"article-body mb-nof-24 px-nof-16\">Pori<\/p>\n<p class=\"article-body mb-nof-24 px-nof-16\">Turun hallinto-oikeus ratkaisi joulukuun lopussa Satakunnan hyvinvointialueen ja kahden huittislaisen l\u00e4\u00e4k\u00e4rin <a class=\"font-bold underline-offset-[0.12em] [text-decoration:var(--person-link-text-decoration)] ![text-decoration-color:var(--person-link-text-decoration-color)]\" href=\"https:\/\/www.satakunnankansa.fi\/haku\/?query=Anna\" rel=\"nofollow noopener\" target=\"_blank\">Anna<\/a> ja <a class=\"font-bold underline-offset-[0.12em] [text-decoration:var(--person-link-text-decoration)] ![text-decoration-color:var(--person-link-text-decoration-color)]\" href=\"https:\/\/www.satakunnankansa.fi\/haku\/?query=Juha%20Jaatisen\" rel=\"nofollow noopener\" target=\"_blank\">Juha Jaatisen<\/a> v\u00e4lisen kiistan irtisanomisista l\u00e4\u00e4k\u00e4ripariskunnan hyv\u00e4ksi.<\/p>\n<p class=\"article-body mb-nof-24 px-nof-16\">Osapuolet olivat p\u00e4\u00e4sseet kesken\u00e4\u00e4n sopuun jo ennen oikeuden p\u00e4\u00e4t\u00f6st\u00e4.<\/p>\n<p class=\"article-body mb-nof-24 px-nof-16\">Satakunnan Kansan sai tietopyynn\u00f6ll\u00e4 sopimuksen n\u00e4ht\u00e4v\u00e4kseen.<\/p>\n","protected":false},"excerpt":{"rendered":"Satakunnan Kansa sai tietopyynn\u00f6ll\u00e4 haltuunsa Satakunnan hyvinvointialueen ja irtisanotun l\u00e4\u00e4k\u00e4ripariskunnan kesken\u00e4\u00e4n solmiman sopimuksen. Pori Turun hallinto-oikeus ratkaisi joulukuun&hellip;\n","protected":false},"author":2,"featured_media":135963,"comment_status":"","ping_status":"","sticky":false,"template":"","format":"standard","meta":{"footnotes":""},"categories":[76],"tags":[79,77,33,31,30,80,32,78],"class_list":{"0":"post-135962","1":"post","2":"type-post","3":"status-publish","4":"format-standard","5":"has-post-thumbnail","7":"category-talous","8":"tag-business","9":"tag-economy","10":"tag-fi","11":"tag-finland","12":"tag-finnish","13":"tag-satakunnan-kansa","14":"tag-suomi","15":"tag-talous"},"share_on_mastodon":{"url":"https:\/\/pubeurope.com\/@fi\/115854500447917382","error":""},"_links":{"self":[{"href":"https:\/\/www.europesays.com\/fi\/wp-json\/wp\/v2\/posts\/135962","targetHints":{"allow":["GET"]}}],"collection":[{"href":"https:\/\/www.europesays.com\/fi\/wp-json\/wp\/v2\/posts"}],"about":[{"href":"https:\/\/www.europesays.com\/fi\/wp-json\/wp\/v2\/types\/post"}],"author":[{"embeddable":true,"href":"https:\/\/www.europesays.com\/fi\/wp-json\/wp\/v2\/users\/2"}],"replies":[{"embeddable":true,"href":"https:\/\/www.europesays.com\/fi\/wp-json\/wp\/v2\/comments?post=135962"}],"version-history":[{"count":0,"href":"https:\/\/www.europesays.com\/fi\/wp-json\/wp\/v2\/posts\/135962\/revisions"}],"wp:featuredmedia":[{"embeddable":true,"href":"https:\/\/www.europesays.com\/fi\/wp-json\/wp\/v2\/media\/135963"}],"wp:attachment":[{"href":"https:\/\/www.europesays.com\/fi\/wp-json\/wp\/v2\/media?parent=135962"}],"wp:term":[{"taxonomy":"category","embeddable":true,"href":"https:\/\/www.europesays.com\/fi\/wp-json\/wp\/v2\/categories?post=135962"},{"taxonomy":"post_tag","embeddable":true,"href":"https:\/\/www.europesays.com\/fi\/wp-json\/wp\/v2\/tags?post=135962"}],"curies":[{"name":"wp","href":"https:\/\/api.w.org\/{rel}","templated":true}]}}