{"id":135966,"date":"2026-01-07T15:23:08","date_gmt":"2026-01-07T15:23:08","guid":{"rendered":"https:\/\/www.europesays.com\/fi\/135966\/"},"modified":"2026-01-07T15:23:08","modified_gmt":"2026-01-07T15:23:08","slug":"suomi-mukana-jattimaisessa-arktisessa-harjoituksessa","status":"publish","type":"post","link":"https:\/\/www.europesays.com\/fi\/135966\/","title":{"rendered":"Suomi mukana j\u00e4ttim\u00e4isess\u00e4 arktisessa harjoituksessa"},"content":{"rendered":"<p>Norjan johtamaan Cold Response -sotaharjoitukseen osallistuu yli 20\u00a0000 Nato-maiden sotilasta.<\/p>\n<p><img decoding=\"async\" class=\"image image-show image-preview\" src=\"https:\/\/www.europesays.com\/fi\/wp-content\/uploads\/2026\/01\/d63396908be5921e712509637c5571ff6940cd023f2ca4b084bfad794ccc5423.jpg\" alt=\"\"\/><img decoding=\"async\" class=\"image image-show\" src=\"https:\/\/www.europesays.com\/fi\/wp-content\/uploads\/2026\/01\/1767799388_42_d63396908be5921e712509637c5571ff6940cd023f2ca4b084bfad794ccc5423.jpg\" alt=\"\"\/><\/p>\n<p>Isossa Nato-harjoituksessa joukot liikkuvat p\u00e4\u00e4asiassa Norjan ja Suomen tunturialueilla. Norjan puolustusvoimat<\/p>\n<p class=\"paragraph\">Puolustusvoimista osallistuu joukkoja ja kalustoa sek\u00e4 Maa- ett\u00e4 Ilmavoimista maaliskuussa j\u00e4rjestett\u00e4v\u00e4\u00e4n j \u00e4ttim\u00e4iseen Naton arktiseen Cold Response -harjoitukseen. Suomen, Norjan ja Ruotsin pohjoisosissa pidett\u00e4v\u00e4 monikansallinen sotaharjoitus tuo yhteen tuhansia maa-, meri- ja ilmavoimien sek\u00e4 erikoisjoukkojen sotilaita eri liittolaismaista. Harjoitusta johtava Norjan puolustusvoimat kertoo, ett\u00e4 mukaan odotetaan 20\u00a0000\u201325\u00a0000 sotilasta 10\u201315 eri sotilasliitto Naton j\u00e4senmaasta.<\/p>\n<p class=\"paragraph\">Varsinainen sotaharjoitus j\u00e4rjestet\u00e4\u00e4n 9.\u201319. maaliskuuta. Norjan puolustusvoimien mukaan harjoitusta edelt\u00e4vin\u00e4 viikkoina ja my\u00f6s sen j\u00e4lkeen joukkoja liikkuu runsaasti pohjoisessa niiden saapuessa ryhmitysalueilleen ja l\u00e4htiess\u00e4 pois tapahtumasta.<\/p>\n<p class=\"paragraph\">Harjoitus tapahtuu p\u00e4\u00e4osin Pohjois-Norjassa ja Pohjois-Suomessa sek\u00e4 Norjan rannikon edustalla sijaitsevilla merialueilla.<\/p>\n<p>Yhteisty\u00f6n testaamista<\/p>\n<p>Edellinen iso Nato-harjoitus j\u00e4rjestettiin Suomen, Norjan ja Ruotsin pohjoisosissa talvella 2024. Kuvassa suomalaisjoukkoja Norjassa. PUOLUSTUSVOIMAT<\/p>\n<p class=\"paragraph\">Suomen Puolustusvoimien mukaan Cold Response-26 -harjoituksen keski\u00f6ss\u00e4 on puolustuskyvyn ja logistiikan testaaminen arktisissa olosuhteissa yhteisty\u00f6ss\u00e4 liittolaisten kanssa. T\u00e4rke\u00e4 osa harjoitusta on my\u00f6s liittolaisjoukkojen vastaanotto ja toiminnan k\u00e4ynnist\u00e4minen Suomessa.<\/p>\n<p class=\"paragraph\">\u2013 Tavoitteena on parantaa monikansallista yhteisty\u00f6t\u00e4 ja kehitt\u00e4\u00e4 valmiuksia reagoida erilaisiin uhkiin ja kriisitilanteisiin, Puolustusvoimien tiedotteessa kerrotaan.<\/p>\n<p class=\"paragraph\">Norjan johtama iso arktinen sotaharjoitus j\u00e4rjestet\u00e4\u00e4n joka toinen vuosi. Edellinen pidettiin nimell\u00e4 Nordic Response maaliskuussa 2024 ja se kokosi yhteen noin 20\u00a0000 sotilasta kolmestatoista eri maasta. Suomesta oli t\u00e4ll\u00f6in mukana noin 4\u00a0100 sotilasta ja noin 700 ajoneuvoa.<\/p>\n","protected":false},"excerpt":{"rendered":"Norjan johtamaan Cold Response -sotaharjoitukseen osallistuu yli 20\u00a0000 Nato-maiden sotilasta. Isossa Nato-harjoituksessa joukot liikkuvat p\u00e4\u00e4asiassa Norjan ja Suomen&hellip;\n","protected":false},"author":2,"featured_media":135967,"comment_status":"","ping_status":"","sticky":false,"template":"","format":"standard","meta":{"footnotes":""},"categories":[12],"tags":[35,802,22,23,26,27,33,31,30,17,24,25,803,28,29,15,18,21,878,2535,32,19,20,2534,16],"class_list":{"0":"post-135966","1":"post","2":"type-post","3":"status-publish","4":"format-standard","5":"has-post-thumbnail","7":"category-suomi","8":"tag-24h","9":"tag-armeijat-ja-aseelliset-joukot","10":"tag-breaking-news","11":"tag-breakingnews","12":"tag-featured-news","13":"tag-featurednews","14":"tag-fi","15":"tag-finland","16":"tag-finnish","17":"tag-headlines","18":"tag-latest-news","19":"tag-latestnews","20":"tag-levottomuudet-ja-sodat","21":"tag-main-news","22":"tag-mainnews","23":"tag-news","24":"tag-otsikot","25":"tag-paauutiset","26":"tag-puolustus-ja-rajavalvonta-maanpuolustus","27":"tag-puolustuspolitiikka","28":"tag-suomi","29":"tag-top-stories","30":"tag-topstories","31":"tag-turvallisuuspolitiikka","32":"tag-uutiset"},"share_on_mastodon":{"url":"https:\/\/pubeurope.com\/@fi\/115854508428593062","error":""},"_links":{"self":[{"href":"https:\/\/www.europesays.com\/fi\/wp-json\/wp\/v2\/posts\/135966","targetHints":{"allow":["GET"]}}],"collection":[{"href":"https:\/\/www.europesays.com\/fi\/wp-json\/wp\/v2\/posts"}],"about":[{"href":"https:\/\/www.europesays.com\/fi\/wp-json\/wp\/v2\/types\/post"}],"author":[{"embeddable":true,"href":"https:\/\/www.europesays.com\/fi\/wp-json\/wp\/v2\/users\/2"}],"replies":[{"embeddable":true,"href":"https:\/\/www.europesays.com\/fi\/wp-json\/wp\/v2\/comments?post=135966"}],"version-history":[{"count":0,"href":"https:\/\/www.europesays.com\/fi\/wp-json\/wp\/v2\/posts\/135966\/revisions"}],"wp:featuredmedia":[{"embeddable":true,"href":"https:\/\/www.europesays.com\/fi\/wp-json\/wp\/v2\/media\/135967"}],"wp:attachment":[{"href":"https:\/\/www.europesays.com\/fi\/wp-json\/wp\/v2\/media?parent=135966"}],"wp:term":[{"taxonomy":"category","embeddable":true,"href":"https:\/\/www.europesays.com\/fi\/wp-json\/wp\/v2\/categories?post=135966"},{"taxonomy":"post_tag","embeddable":true,"href":"https:\/\/www.europesays.com\/fi\/wp-json\/wp\/v2\/tags?post=135966"}],"curies":[{"name":"wp","href":"https:\/\/api.w.org\/{rel}","templated":true}]}}