{"id":135968,"date":"2026-01-07T15:24:08","date_gmt":"2026-01-07T15:24:08","guid":{"rendered":"https:\/\/www.europesays.com\/fi\/135968\/"},"modified":"2026-01-07T15:24:08","modified_gmt":"2026-01-07T15:24:08","slug":"teemu-keskisarjan-vaestonvaihtoluennon-jarjestamiselle-ei-ole-esteita-lahdessa-keskisarja-epailin-pilaksi-paijat-hame","status":"publish","type":"post","link":"https:\/\/www.europesays.com\/fi\/135968\/","title":{"rendered":"Teemu Keskisarjan v\u00e4est\u00f6n\u00advaihtoluennon j\u00e4rjest\u00e4miselle ei ole esteit\u00e4 Lahdessa \u2013 Keskisarja: \u201dEp\u00e4ilin pilaksi\u201d | P\u00e4ij\u00e4t-H\u00e4me"},"content":{"rendered":"<p class=\"aw-1gybjub aw-5vja16 kEtdKx kmuxyA yle__article__paragraph\">Lahden p\u00e4\u00e4kirjasto halusi varmistua, ett\u00e4 luento sopii kirjastoon. Kansanedustaja Teemu Keskisarjan mielest\u00e4 v\u00e4est\u00f6nvaihto-salaliitto on median keksint\u00f6\u00e4.<\/p>\n<p><img decoding=\"async\" alt=\"Teemu Keskisarja.\" src=\"https:\/\/www.europesays.com\/fi\/wp-content\/uploads\/2026\/01\/39-1481534684ed5f2d6983.jpeg\" class=\"aw-1l9m598 hKVVvP\"\/><\/p>\n<p>Avaa kuvien katselu<\/p>\n<p>Teemu Keskisarja valittiin Perussuomalaisten 1. varapuheenjohtajaksi viime kes\u00e4n\u00e4. Arkistokuva. Kuva: Silja Viitala \/ Yle<\/p>\n<p class=\"aw-1gybjub aw-1p7kakr kEtdKx cEmitX yle__article__paragraph\">Kansanedustaja ja 1. varapuheenjohtaja <strong class=\"aw-ak79eh KyCXm yle__article__strong\">Teemu Keskisarja<\/strong> (ps.) voi luennoida v\u00e4est\u00f6nvaihdon historiasta Lahden p\u00e4\u00e4kirjastossa.<\/p>\n<p class=\"aw-1gybjub aw-1p7kakr kEtdKx cEmitX yle__article__paragraph\">Lahden kirjastopalvelujohtaja <strong class=\"aw-ak79eh KyCXm yle__article__strong\">Salla Tammi<\/strong> kertoi keskiviikkoiltap\u00e4iv\u00e4n\u00e4 Ylelle saaneensa tapahtumaj\u00e4rjest\u00e4j\u00e4 Lahden perussuomalaisilta kuittauksen kirjaston auditorion s\u00e4\u00e4nt\u00f6jen noudattamisesta.<\/p>\n<p class=\"aw-1gybjub aw-1p7kakr kEtdKx cEmitX yle__article__paragraph\">\u2013 Tilaisuuden j\u00e4rjest\u00e4miselle ei ole esteit\u00e4, viestitt\u00e4\u00e4 Tammi.<\/p>\n<p class=\"aw-1gybjub aw-1p7kakr kEtdKx cEmitX yle__article__paragraph\"><a class=\"aw-iao6s4 iHOxEa yle__article__link\" href=\"https:\/\/www.iltalehti.fi\/politiikka\/a\/c712e54f-28f6-4815-a21a-89637b73b017\" role=\"link\" rel=\"nofollow noopener\" target=\"_blank\">Iltalehti <\/a>ja <a class=\"aw-iao6s4 iHOxEa yle__article__link\" href=\"https:\/\/www.ess.fi\/paikalliset\/9118407\" role=\"link\" rel=\"nofollow noopener\" target=\"_blank\">Etel\u00e4-Suomen Sanomat<\/a> kertoivat aiemmin, ett\u00e4 Lahden p\u00e4\u00e4kirjasto haluaa lis\u00e4tietoja luennon sis\u00e4ll\u00f6st\u00e4. Kirjastolle on ilmoitettu luennon otsikoksi \u201dV\u00e4est\u00f6vaihtojen historiaa 8 000 eKr. \u2013 2025 jKr\u201d.<\/p>\n<p class=\"aw-1gybjub aw-1p7kakr kEtdKx cEmitX yle__article__paragraph\">Keskisarjaa pyydettiin selvent\u00e4m\u00e4\u00e4n luentonsa sis\u00e4lt\u00f6\u00e4.<\/p>\n<p class=\"aw-1gybjub aw-1p7kakr kEtdKx cEmitX yle__article__paragraph\">\u2013 Sain s\u00e4hk\u00f6postiini kopion kirjaston l\u00e4hett\u00e4m\u00e4st\u00e4 kys\u00e4isyst\u00e4. Ep\u00e4ilin sit\u00e4 pilaksi. Jos luentoni otsikossa on vuosiluku 8000 ennen Kristusta, on kai jokaiselle t\u00e4ysij\u00e4rkiselle selv\u00e4\u00e4, ett\u00e4 se viittaa historiaan.<\/p>\n<p class=\"aw-1gybjub aw-1p7kakr kEtdKx cEmitX yle__article__paragraph\">Keskisarja sanoo, ett\u00e4 luento koskee historiaa eik\u00e4 h\u00e4n koskaan luennoi p\u00e4iv\u00e4npolitiikasta, sill\u00e4 se ei kiinnosta ket\u00e4\u00e4n.<\/p>\n<p class=\"aw-1gybjub aw-1p7kakr kEtdKx cEmitX yle__article__paragraph\">\u2013 Olisikohan mahdollista, ett\u00e4 tuossa on pieni pilke silm\u00e4kulmassa v-sanassa. En usko, ett\u00e4 lahtelaisia tai h\u00e4m\u00e4l\u00e4isi\u00e4 voisi v\u00e4hemp\u00e4\u00e4 kiinnostaa historioitsija Teemu Keskisarjan luento jostakin poliittisesta aiheesta.<\/p>\n<p class=\"aw-1gybjub aw-1p7kakr kEtdKx cEmitX yle__article__paragraph\">V\u00e4est\u00f6nvaihto on poliittisesti tulenarka termi ja se liitet\u00e4\u00e4n yleisesti salaliittoteorioihin, etnonationalismiin ja \u00e4\u00e4rioikeistoon.<\/p>\n<p><img decoding=\"async\" alt=\"Riikka Purra keltaisessa paidassa.\" src=\"https:\/\/www.europesays.com\/fi\/wp-content\/uploads\/2026\/01\/39-151244868ad9bb65c903.jpeg\" class=\"aw-1l9m598 hKVVvP\"\/><\/p>\n<p class=\"aw-1gybjub aw-1p7kakr kEtdKx cEmitX yle__article__paragraph\">Keskisarja ei ymm\u00e4rr\u00e4, miksi kirjasto empi luentoa. H\u00e4n <a class=\"aw-iao6s4 iHOxEa yle__article__link\" href=\"https:\/\/yle.fi\/a\/74-20179747\" role=\"link\" rel=\"nofollow noopener\" target=\"_blank\">ei pid\u00e4 v\u00e4est\u00f6nvaihtoa salaliittona, vaan tosiasiana<\/a>.<\/p>\n<p class=\"aw-1gybjub aw-1p7kakr kEtdKx cEmitX yle__article__paragraph\">\u2013 En ole el\u00e4iss\u00e4ni kohdannut yht\u00e4k\u00e4\u00e4n suomalaista ihmist\u00e4, joka uskoisi salaliittoteoriaan. Salaliittoteoria on pelk\u00e4st\u00e4\u00e4n valtamedian eli valemedian oma keksint\u00f6, sanoo Keskisarja.<\/p>\n<p class=\"aw-1gybjub aw-1p7kakr kEtdKx cEmitX yle__article__paragraph\">Keskisarjan mielest\u00e4 on s\u00e4\u00e4litt\u00e4v\u00e4\u00e4, jos kirjasto olisi kielt\u00e4nyt h\u00e4nen luentonsa.<\/p>\n<p class=\"aw-1gybjub aw-1p7kakr kEtdKx cEmitX yle__article__paragraph\">\u2013 En tosin usko tuohon. Tahdon uskoa hyv\u00e4\u00e4 suomalaisesta kirjastolaitoksesta, joka on niin paljon sivist\u00e4nyt t\u00e4t\u00e4 kansaa. Se olisi taas yksi esimerkki aikalaishulluudesta ja \u00e4\u00e4rimm\u00e4isest\u00e4 suvaitsemattomuudesta.<\/p>\n<p class=\"aw-1gybjub aw-1p7kakr kEtdKx cEmitX yle__article__paragraph\">Kirjastopalvelujohtaja Salla Tammen mukaan kirjastoa alkoi huolettaa otsikon termi v\u00e4est\u00f6nvaihto, joka on usein kytketty rasistisiin asiayhteyksiin.<\/p>\n<p class=\"aw-1gybjub aw-1p7kakr kEtdKx cEmitX yle__article__paragraph\">Tammi kertoo, ett\u00e4 kirjasto sai otsikosta ulkopuolista palautetta. Sen j\u00e4lkeen kirjaston piti varmistaa, ett\u00e4 tilaisuus sen varausehtojen mukainen.<\/p>\n<p><strong class=\"aw-1bgq5a3 bSmpIc\">Kansanedustaja Teemu Keskisarja haluaisi luennoida Lahdessa v\u00e4est\u00f6nvaihdosta<\/strong><\/p>\n<p>N\u00e4in kansanedustaja Teemu Keskisarjan kommentoi kirjaston empimist\u00e4 ennen tilaisuuden varmistumista.<\/p>\n<p class=\"aw-1gybjub aw-1p7kakr kEtdKx cEmitX yle__article__paragraph\">\u2013 Meid\u00e4n ehdoissa on, ettei saa olla syrjiv\u00e4\u00e4 tai rasistista toimintaa auditoriossa. Siksi olemme kysyneet tarkennuksia tilaisuuden j\u00e4rjest\u00e4j\u00e4lt\u00e4, kertoo Tammi.<\/p>\n<p class=\"aw-1gybjub aw-1p7kakr kEtdKx cEmitX yle__article__paragraph\">Tammen mukaan uutisoinnin j\u00e4lkeen kirjasto on saanut paljon palautetta.<\/p>\n<p class=\"aw-1gybjub aw-1p7kakr kEtdKx cEmitX yle__article__paragraph\">\u2013 Palautetta on tullut paljon. Sek\u00e4 siin\u00e4 toivossa ett\u00e4 tilaisuus perutaan ja ett\u00e4 se j\u00e4rjestet\u00e4\u00e4n. T\u00e4m\u00e4 her\u00e4tt\u00e4\u00e4 tunteita.<\/p>\n<p class=\"aw-1gybjub aw-1p7kakr kEtdKx cEmitX yle__article__paragraph\">Kriitikot ovat syytt\u00e4neet kirjastoa ennakkosensuurista. Tammi kiist\u00e4\u00e4.<\/p>\n<p class=\"aw-1gybjub aw-1p7kakr kEtdKx cEmitX yle__article__paragraph\">\u2013 Meill\u00e4 on velvollisuus kysy\u00e4 lis\u00e4tietoja t\u00e4llaisesta tapahtumasta.<\/p>\n","protected":false},"excerpt":{"rendered":"Lahden p\u00e4\u00e4kirjasto halusi varmistua, ett\u00e4 luento sopii kirjastoon. Kansanedustaja Teemu Keskisarjan mielest\u00e4 v\u00e4est\u00f6nvaihto-salaliitto on median keksint\u00f6\u00e4. Avaa kuvien&hellip;\n","protected":false},"author":2,"featured_media":135969,"comment_status":"","ping_status":"","sticky":false,"template":"","format":"standard","meta":{"footnotes":""},"categories":[5],"tags":[22,23,26,27,33,31,30,17,2471,71,24,25,28,29,15,18,21,1268,12207,32,7063,19,20,16,6701,796],"class_list":{"0":"post-135968","1":"post","2":"type-post","3":"status-publish","4":"format-standard","5":"has-post-thumbnail","7":"category-otsikot","8":"tag-breaking-news","9":"tag-breakingnews","10":"tag-featured-news","11":"tag-featurednews","12":"tag-fi","13":"tag-finland","14":"tag-finnish","15":"tag-headlines","16":"tag-kirjastot","17":"tag-kotimaa","18":"tag-latest-news","19":"tag-latestnews","20":"tag-main-news","21":"tag-mainnews","22":"tag-news","23":"tag-otsikot","24":"tag-paauutiset","25":"tag-paijat-hame","26":"tag-salaliittoteoriat","27":"tag-suomi","28":"tag-teemu-keskisarja","29":"tag-top-stories","30":"tag-topstories","31":"tag-uutiset","32":"tag-vaestonvaihto","33":"tag-yhteiskunta"},"share_on_mastodon":{"url":"https:\/\/pubeurope.com\/@fi\/115854512222312895","error":""},"_links":{"self":[{"href":"https:\/\/www.europesays.com\/fi\/wp-json\/wp\/v2\/posts\/135968","targetHints":{"allow":["GET"]}}],"collection":[{"href":"https:\/\/www.europesays.com\/fi\/wp-json\/wp\/v2\/posts"}],"about":[{"href":"https:\/\/www.europesays.com\/fi\/wp-json\/wp\/v2\/types\/post"}],"author":[{"embeddable":true,"href":"https:\/\/www.europesays.com\/fi\/wp-json\/wp\/v2\/users\/2"}],"replies":[{"embeddable":true,"href":"https:\/\/www.europesays.com\/fi\/wp-json\/wp\/v2\/comments?post=135968"}],"version-history":[{"count":0,"href":"https:\/\/www.europesays.com\/fi\/wp-json\/wp\/v2\/posts\/135968\/revisions"}],"wp:featuredmedia":[{"embeddable":true,"href":"https:\/\/www.europesays.com\/fi\/wp-json\/wp\/v2\/media\/135969"}],"wp:attachment":[{"href":"https:\/\/www.europesays.com\/fi\/wp-json\/wp\/v2\/media?parent=135968"}],"wp:term":[{"taxonomy":"category","embeddable":true,"href":"https:\/\/www.europesays.com\/fi\/wp-json\/wp\/v2\/categories?post=135968"},{"taxonomy":"post_tag","embeddable":true,"href":"https:\/\/www.europesays.com\/fi\/wp-json\/wp\/v2\/tags?post=135968"}],"curies":[{"name":"wp","href":"https:\/\/api.w.org\/{rel}","templated":true}]}}