{"id":135988,"date":"2026-01-07T15:50:07","date_gmt":"2026-01-07T15:50:07","guid":{"rendered":"https:\/\/www.europesays.com\/fi\/135988\/"},"modified":"2026-01-07T15:50:07","modified_gmt":"2026-01-07T15:50:07","slug":"mika-pelasti-norpan-jaalta-varkaudessa","status":"publish","type":"post","link":"https:\/\/www.europesays.com\/fi\/135988\/","title":{"rendered":"Mika pelasti norpan j\u00e4\u00e4lt\u00e4 Varkaudessa"},"content":{"rendered":"<p>Mikan pilkkireissu muuttui liikuttavaksi pelastusoperaatioksi Varkaudessa. El\u00e4in tuli aivan viereen odottamaan, kun Mika raivasi sille kulkureitin.<\/p>\n<p>Videon kuvannut Beatrice Gustafsson-Itkonen kertoi liikuttuneensa Mikan sankarillisesta toiminnasta. Tutkija Mervi Kunnasranta muistuttaa, ett\u00e4 vastaavista tilanteista on hyv\u00e4 ilmoittaa Mets\u00e4hallitukseen.Video: Lukijan video<\/p>\n","protected":false},"excerpt":{"rendered":"Mikan pilkkireissu muuttui liikuttavaksi pelastusoperaatioksi Varkaudessa. El\u00e4in tuli aivan viereen odottamaan, kun Mika raivasi sille kulkureitin. Videon kuvannut&hellip;\n","protected":false},"author":2,"featured_media":135989,"comment_status":"","ping_status":"","sticky":false,"template":"","format":"standard","meta":{"footnotes":""},"categories":[5],"tags":[22,23,26,27,33,31,30,17,34,24,25,28,29,15,18,21,32,19,20,16],"class_list":{"0":"post-135988","1":"post","2":"type-post","3":"status-publish","4":"format-standard","5":"has-post-thumbnail","7":"category-otsikot","8":"tag-breaking-news","9":"tag-breakingnews","10":"tag-featured-news","11":"tag-featurednews","12":"tag-fi","13":"tag-finland","14":"tag-finnish","15":"tag-headlines","16":"tag-ilta-sanomat","17":"tag-latest-news","18":"tag-latestnews","19":"tag-main-news","20":"tag-mainnews","21":"tag-news","22":"tag-otsikot","23":"tag-paauutiset","24":"tag-suomi","25":"tag-top-stories","26":"tag-topstories","27":"tag-uutiset"},"share_on_mastodon":{"url":"https:\/\/pubeurope.com\/@fi\/115854614342558237","error":""},"_links":{"self":[{"href":"https:\/\/www.europesays.com\/fi\/wp-json\/wp\/v2\/posts\/135988","targetHints":{"allow":["GET"]}}],"collection":[{"href":"https:\/\/www.europesays.com\/fi\/wp-json\/wp\/v2\/posts"}],"about":[{"href":"https:\/\/www.europesays.com\/fi\/wp-json\/wp\/v2\/types\/post"}],"author":[{"embeddable":true,"href":"https:\/\/www.europesays.com\/fi\/wp-json\/wp\/v2\/users\/2"}],"replies":[{"embeddable":true,"href":"https:\/\/www.europesays.com\/fi\/wp-json\/wp\/v2\/comments?post=135988"}],"version-history":[{"count":0,"href":"https:\/\/www.europesays.com\/fi\/wp-json\/wp\/v2\/posts\/135988\/revisions"}],"wp:featuredmedia":[{"embeddable":true,"href":"https:\/\/www.europesays.com\/fi\/wp-json\/wp\/v2\/media\/135989"}],"wp:attachment":[{"href":"https:\/\/www.europesays.com\/fi\/wp-json\/wp\/v2\/media?parent=135988"}],"wp:term":[{"taxonomy":"category","embeddable":true,"href":"https:\/\/www.europesays.com\/fi\/wp-json\/wp\/v2\/categories?post=135988"},{"taxonomy":"post_tag","embeddable":true,"href":"https:\/\/www.europesays.com\/fi\/wp-json\/wp\/v2\/tags?post=135988"}],"curies":[{"name":"wp","href":"https:\/\/api.w.org\/{rel}","templated":true}]}}