{"id":135996,"date":"2026-01-07T16:10:10","date_gmt":"2026-01-07T16:10:10","guid":{"rendered":"https:\/\/www.europesays.com\/fi\/135996\/"},"modified":"2026-01-07T16:10:10","modified_gmt":"2026-01-07T16:10:10","slug":"poliisilta-uutta-tietoa-pepe-willbergin-kolarin-tutkinnasta","status":"publish","type":"post","link":"https:\/\/www.europesays.com\/fi\/135996\/","title":{"rendered":"Poliisilta uutta tietoa Pepe Willbergin kolarin tutkinnasta"},"content":{"rendered":"<p>Poliisi kuulustelee Pepe Willbergin perjantaina. <\/p>\n<p><img decoding=\"async\" class=\"image image-show image-preview\" src=\"https:\/\/www.europesays.com\/fi\/wp-content\/uploads\/2025\/12\/d0fc3f8e41652de5ee026e7c255a86f5f4d4a570c7ab5a506764de3fde77c605.jpg\" alt=\"\"\/><img decoding=\"async\" class=\"image image-show\" src=\"https:\/\/www.europesays.com\/fi\/wp-content\/uploads\/2025\/12\/1765629668_523_d0fc3f8e41652de5ee026e7c255a86f5f4d4a570c7ab5a506764de3fde77c605.jpg\" alt=\"\"\/><\/p>\n<p>Pepe Willbergin kuulustelu liittyy 12. joulukuuta Helsingiss\u00e4 tapahtuneeseen liikenneonnettomuuteen.  IL<\/p>\n<p class=\"paragraph\">Helsingin poliisi kuulustelee laulaja <a href=\"https:\/\/www.iltalehti.fi\/henkilot\/Pepe Willberg\" class=\"article-link-person-page\" rel=\"nofollow noopener\" target=\"_blank\">Pertti \u201dPepe\u201d Willbergi\u00e4<\/a> t\u00e4ll\u00e4 viikolla, kertoo <a href=\"https:\/\/www.is.fi\/viihde\/art-2000011733938.html\" target=\"_blank\" rel=\"noopener nofollow\">Ilta-Sanomat<\/a>.<\/p>\n<p class=\"paragraph\">Kuulustelu liittyy 12. joulukuuta Helsingiss\u00e4 tapahtuneeseen liikenneonnettomuuteen. Willbergin ep\u00e4ill\u00e4\u00e4n t\u00f6rm\u00e4nneen autolla py\u00f6r\u00e4ilij\u00e4\u00e4n.<\/p>\n<p class=\"paragraph\">Rikoskomisario <strong>Lasse Manninen<\/strong> kertoo Ilta-Sanomille, ett\u00e4 Willbergi\u00e4 kuullaan perjantaina.<\/p>\n<p class=\"paragraph\">\u2013 Esitutkinnan pit\u00e4isi valmistua ensi viikolla ja siirty\u00e4 syytt\u00e4j\u00e4lle, Manninen kertoo IS:lle.<\/p>\n<p class=\"paragraph\">Poliisi tutkii tapausta t\u00f6rke\u00e4n\u00e4 liikenneturvallisuuden vaarantamisena ja vammantuottamuksena.<\/p>\n<p class=\"paragraph\">Tutkintanimikkeeksi lis\u00e4ttiin vammantuottamus, sill\u00e4 katsottiin, ett\u00e4 asianomistajalle aiheutui tapauksessa \u201dv\u00e4h\u00e4ist\u00e4 suuremmat vammat\u201d.<\/p>\n<p class=\"paragraph\">Willberg on kiist\u00e4nyt v\u00e4itteen yliajosta. H\u00e4nen vaimonsa <strong>Pauliina Willberg<\/strong> on kertonut <a href=\"https:\/\/www.iltalehti.fi\/viihdeuutiset\/ec1da25d-6813-409d-a438-a6ec81333a11\" rel=\"nofollow noopener\" target=\"_blank\">Iltalehdelle<\/a>, ett\u00e4 Willberg on ajanut hiljaisella nopeudella risteykseen, eik\u00e4 pari tied\u00e4 viel\u00e4 kunnolla, mit\u00e4 on tapahtunut. Siksi he odottavatkin poliisitutkinnan valmistumista.<\/p>\n","protected":false},"excerpt":{"rendered":"Poliisi kuulustelee Pepe Willbergin perjantaina. Pepe Willbergin kuulustelu liittyy 12. joulukuuta Helsingiss\u00e4 tapahtuneeseen liikenneonnettomuuteen. IL Helsingin poliisi kuulustelee&hellip;\n","protected":false},"author":2,"featured_media":120473,"comment_status":"","ping_status":"","sticky":false,"template":"","format":"standard","meta":{"footnotes":""},"categories":[130],"tags":[35,137,33,31,30,55,121,122,54,52,32,109],"class_list":{"0":"post-135996","1":"post","2":"type-post","3":"status-publish","4":"format-standard","5":"has-post-thumbnail","7":"category-viihde","8":"tag-24h","9":"tag-entertainment","10":"tag-fi","11":"tag-finland","12":"tag-finnish","13":"tag-lainvalvonta","14":"tag-liikenne-ja-kuljetus","15":"tag-pelastaminen","16":"tag-pelastuspalvelut","17":"tag-poliisi","18":"tag-suomi","19":"tag-viihde"},"share_on_mastodon":{"url":"https:\/\/pubeurope.com\/@fi\/115854693001434790","error":""},"_links":{"self":[{"href":"https:\/\/www.europesays.com\/fi\/wp-json\/wp\/v2\/posts\/135996","targetHints":{"allow":["GET"]}}],"collection":[{"href":"https:\/\/www.europesays.com\/fi\/wp-json\/wp\/v2\/posts"}],"about":[{"href":"https:\/\/www.europesays.com\/fi\/wp-json\/wp\/v2\/types\/post"}],"author":[{"embeddable":true,"href":"https:\/\/www.europesays.com\/fi\/wp-json\/wp\/v2\/users\/2"}],"replies":[{"embeddable":true,"href":"https:\/\/www.europesays.com\/fi\/wp-json\/wp\/v2\/comments?post=135996"}],"version-history":[{"count":0,"href":"https:\/\/www.europesays.com\/fi\/wp-json\/wp\/v2\/posts\/135996\/revisions"}],"wp:featuredmedia":[{"embeddable":true,"href":"https:\/\/www.europesays.com\/fi\/wp-json\/wp\/v2\/media\/120473"}],"wp:attachment":[{"href":"https:\/\/www.europesays.com\/fi\/wp-json\/wp\/v2\/media?parent=135996"}],"wp:term":[{"taxonomy":"category","embeddable":true,"href":"https:\/\/www.europesays.com\/fi\/wp-json\/wp\/v2\/categories?post=135996"},{"taxonomy":"post_tag","embeddable":true,"href":"https:\/\/www.europesays.com\/fi\/wp-json\/wp\/v2\/tags?post=135996"}],"curies":[{"name":"wp","href":"https:\/\/api.w.org\/{rel}","templated":true}]}}