{"id":135999,"date":"2026-01-07T16:14:06","date_gmt":"2026-01-07T16:14:06","guid":{"rendered":"https:\/\/www.europesays.com\/fi\/135999\/"},"modified":"2026-01-07T16:14:06","modified_gmt":"2026-01-07T16:14:06","slug":"australia-kehottaa-kansalaisiaan-poistumaan-iranista-uutisia-lyhyesti","status":"publish","type":"post","link":"https:\/\/www.europesays.com\/fi\/135999\/","title":{"rendered":"Australia kehottaa kansalaisiaan poistumaan Iranista | Uutisia lyhyesti"},"content":{"rendered":"<p class=\"aw-1gybjub aw-1p7kakr kEtdKx cEmitX yle__article__paragraph\">Australian hallitus kehotti keskiviikkona kansalaisiaan l\u00e4htem\u00e4\u00e4n Iranista \u201dmahdollisimman pian\u201d v\u00e4kivaltaisten protestien vuoksi.<\/p>\n<p class=\"aw-1gybjub aw-1p7kakr kEtdKx cEmitX yle__article__paragraph\">\u2013 Jos olet Iranissa, sinun tulisi poistua mahdollisimman pian, todettiin t\u00e4n\u00e4\u00e4n p\u00e4ivitetyss\u00e4 Australian hallinnon matkustusohjeessa.<\/p>\n<p class=\"aw-1gybjub aw-1p7kakr kEtdKx cEmitX yle__article__paragraph\">\u2013 Iranissa on k\u00e4ynniss\u00e4 v\u00e4kivaltaisia, koko maan kattavia protesteja, jotka saattavat k\u00e4rjisty\u00e4 yll\u00e4tt\u00e4en. Turvallisuustilanne on ep\u00e4vakaa, ohjeessa lis\u00e4ttiin.<\/p>\n<p class=\"aw-1gybjub aw-1p7kakr kEtdKx cEmitX yle__article__paragraph\">L\u00e4hde: AFP<\/p>\n","protected":false},"excerpt":{"rendered":"Australian hallitus kehotti keskiviikkona kansalaisiaan l\u00e4htem\u00e4\u00e4n Iranista \u201dmahdollisimman pian\u201d v\u00e4kivaltaisten protestien vuoksi. \u2013 Jos olet Iranissa, sinun tulisi&hellip;\n","protected":false},"author":2,"featured_media":136000,"comment_status":"","ping_status":"","sticky":false,"template":"","format":"standard","meta":{"footnotes":""},"categories":[14],"tags":[3751,22,23,26,27,33,31,30,17,3648,24,25,28,29,2571,15,18,21,32,19,20,546,56,16,40,59,60,61],"class_list":{"0":"post-135999","1":"post","2":"type-post","3":"status-publish","4":"format-standard","5":"has-post-thumbnail","7":"category-ulkomaat","8":"tag-australia","9":"tag-breaking-news","10":"tag-breakingnews","11":"tag-featured-news","12":"tag-featurednews","13":"tag-fi","14":"tag-finland","15":"tag-finnish","16":"tag-headlines","17":"tag-iran","18":"tag-latest-news","19":"tag-latestnews","20":"tag-main-news","21":"tag-mainnews","22":"tag-mielenosoitukset","23":"tag-news","24":"tag-otsikot","25":"tag-paauutiset","26":"tag-suomi","27":"tag-top-stories","28":"tag-topstories","29":"tag-turvallisuus","30":"tag-ulkomaat","31":"tag-uutiset","32":"tag-vakivalta","33":"tag-world","34":"tag-world-news","35":"tag-worldnews"},"share_on_mastodon":{"url":"https:\/\/pubeurope.com\/@fi\/115854708843687880","error":""},"_links":{"self":[{"href":"https:\/\/www.europesays.com\/fi\/wp-json\/wp\/v2\/posts\/135999","targetHints":{"allow":["GET"]}}],"collection":[{"href":"https:\/\/www.europesays.com\/fi\/wp-json\/wp\/v2\/posts"}],"about":[{"href":"https:\/\/www.europesays.com\/fi\/wp-json\/wp\/v2\/types\/post"}],"author":[{"embeddable":true,"href":"https:\/\/www.europesays.com\/fi\/wp-json\/wp\/v2\/users\/2"}],"replies":[{"embeddable":true,"href":"https:\/\/www.europesays.com\/fi\/wp-json\/wp\/v2\/comments?post=135999"}],"version-history":[{"count":0,"href":"https:\/\/www.europesays.com\/fi\/wp-json\/wp\/v2\/posts\/135999\/revisions"}],"wp:featuredmedia":[{"embeddable":true,"href":"https:\/\/www.europesays.com\/fi\/wp-json\/wp\/v2\/media\/136000"}],"wp:attachment":[{"href":"https:\/\/www.europesays.com\/fi\/wp-json\/wp\/v2\/media?parent=135999"}],"wp:term":[{"taxonomy":"category","embeddable":true,"href":"https:\/\/www.europesays.com\/fi\/wp-json\/wp\/v2\/categories?post=135999"},{"taxonomy":"post_tag","embeddable":true,"href":"https:\/\/www.europesays.com\/fi\/wp-json\/wp\/v2\/tags?post=135999"}],"curies":[{"name":"wp","href":"https:\/\/api.w.org\/{rel}","templated":true}]}}