{"id":136001,"date":"2026-01-07T16:15:07","date_gmt":"2026-01-07T16:15:07","guid":{"rendered":"https:\/\/www.europesays.com\/fi\/136001\/"},"modified":"2026-01-07T16:15:07","modified_gmt":"2026-01-07T16:15:07","slug":"keskisarja-saa-pitaa-luennon-vaestonvaihtojen-historiasta-lahden-paakirjastossa","status":"publish","type":"post","link":"https:\/\/www.europesays.com\/fi\/136001\/","title":{"rendered":"Keskisarja saa pit\u00e4\u00e4 luennon \u201dv\u00e4est\u00f6nvaihtojen historiasta\u201d Lahden p\u00e4\u00e4kirjastossa"},"content":{"rendered":"<p>Perussuomalaiset|Lahden kirjastopalvelu\u00adjohtajan mukaan ei ole perusteita kielt\u00e4\u00e4 luennon pit\u00e4mist\u00e4.<\/p>\n<p>Lue tiivistelm\u00e4<\/p>\n<p class=\"article-body mb-nof-24 px-nof-16 sndp-summary-bullet-point-font\">Kansanedustaja ja perussuomalaisten ensimm\u00e4inen varapuheenjohtaja Teemu Keskisarja saa pit\u00e4\u00e4 luennon v\u00e4est\u00f6nvaihdon historiasta Lahden p\u00e4\u00e4kirjastossa 12. tammikuuta.<\/p>\n<p class=\"article-body mb-nof-24 px-nof-16 sndp-summary-bullet-point-font\">Lahden kirjastopalvelujohtaja Salla Tammi kertoo, ett\u00e4 j\u00e4rjest\u00e4j\u00e4 on sitoutunut noudattamaan auditorion k\u00e4ytt\u00f6ehtoja, jotka kielt\u00e4v\u00e4t rasistiset ja ihmisarvoa alentavat teemat.<\/p>\n<p class=\"article-body mb-nof-24 px-nof-16 sndp-summary-bullet-point-font\">V\u00e4est\u00f6nvaihto on \u00e4\u00e4rioikeistolaiseen salaliittoteoriaan liittyv\u00e4 k\u00e4site, jonka mukaan valkoinen v\u00e4est\u00f6 pyrit\u00e4\u00e4n tarkoituksellisesti korvaamaan l\u00e4nsimaissa.<\/p>\n<p class=\"article-body mb-nof-24 px-nof-16\">Kansanedustaja ja perussuomalaisten ensimm\u00e4inen varapuheenjohtaja <a class=\"font-bold underline-offset-[0.12em] [text-decoration:var(--person-link-text-decoration)] ![text-decoration-color:var(--person-link-text-decoration-color)]\" href=\"https:\/\/www.hs.fi\/haku\/?query=Teemu%20Keskisarja\" rel=\"nofollow noopener\" target=\"_blank\">Teemu Keskisarja<\/a> saa pit\u00e4\u00e4 luennon otsikolla \u201dV\u00e4est\u00f6vaihtojen historiaa 8\u202f000 eKr.\u00a0\u2013\u00a02025 jKr\u201d Lahden p\u00e4\u00e4kirjastossa.<\/p>\n<p class=\"article-body mb-nof-24 px-nof-16\">Iltalehti <a class=\"underline underline-offset-[0.12em] [text-decoration-thickness:var(--generic-link-underline-thickness)] [text-decoration-color:var(--generic-link-underline-color)] [text-decoration-skip-ink:var(--generic-link-underline-skip-ink)] break-words\" href=\"https:\/\/www.iltalehti.fi\/politiikka\/a\/c712e54f-28f6-4815-a21a-89637b73b017\" rel=\"nofollow noopener\" target=\"_blank\">uutisoi <\/a>maanantaina, ett\u00e4 Keskisarja mainostaa <a class=\"underline underline-offset-[0.12em] [text-decoration-thickness:var(--generic-link-underline-thickness)] [text-decoration-color:var(--generic-link-underline-color)] [text-decoration-skip-ink:var(--generic-link-underline-skip-ink)] break-words\" href=\"https:\/\/www.facebook.com\/p\/Teemu-Keskisarja-kansanedustaja-100090869707271\/\" rel=\"nofollow noopener\" target=\"_blank\">Facebook-sivuillaan<\/a> luentoa, joka j\u00e4rjestet\u00e4\u00e4n 12. tammikuuta. Tuolloin Lahden kirjastopalvelujohtaja <a class=\"font-bold underline-offset-[0.12em] [text-decoration:var(--person-link-text-decoration)] ![text-decoration-color:var(--person-link-text-decoration-color)]\" href=\"https:\/\/www.hs.fi\/haku\/?query=Salla%20Tammi\" rel=\"nofollow noopener\" target=\"_blank\">Salla Tammi<\/a> kertoi, ett\u00e4 h\u00e4n ei ollut tietoinen luennon otsikosta.<\/p>\n<p class=\"article-body mb-nof-24 px-nof-16\">\u201dEmme harjoita t\u00e4\u00e4ll\u00e4 ennakkosensuuria, mutta tietenk\u00e4\u00e4n kirjaston tiloissa emme voi sallia laitonta tai kenenk\u00e4\u00e4n ihmisarvoa loukkaavaa toimintaa\u201d, Tammi sanoi Iltalehdelle.<\/p>\n<p class=\"article-body mb-nof-24 px-nof-16\">Tammi kertoi pyyt\u00e4neens\u00e4 tarkennusta luennosta Lahden perussuomalaisilta, joka j\u00e4rjest\u00e4\u00e4 tilaisuuden.<\/p>\n<p class=\"article-body mb-nof-24 px-nof-16\">Nyt Tammi kertoo HS:lle, ett\u00e4 vastaus on saatu ja ett\u00e4 luennon saa j\u00e4rjest\u00e4\u00e4.<\/p>\n<p class=\"article-body mb-nof-24 px-nof-16\">\u201cKun n\u00e4imme otsikon, halusimme varmistaa j\u00e4rjest\u00e4jilt\u00e4, ett\u00e4 he sitoutuvat meid\u00e4n auditoriomme tilanvarausehtoihin. Nyt olemme saaneet heilt\u00e4 vastauksen, ett\u00e4 n\u00e4in on. Tilaisuus j\u00e4rjestet\u00e4\u00e4n. Meill\u00e4 ei ole perusteita kielt\u00e4\u00e4 sit\u00e4.\u201d<\/p>\n<p class=\"article-body mb-nof-24 px-nof-16\">Tammen mukaan kysymyksi\u00e4 her\u00e4si termist\u00e4 \u201dv\u00e4est\u00f6nvaihto\u201d, jota k\u00e4ytet\u00e4\u00e4n h\u00e4nen mukaansa yleisesti rasistisissa asiayhteyksiss\u00e4. Tammen mukaan j\u00e4rjest\u00e4j\u00e4 kuitenkin vastasi, ett\u00e4 luento vastaa auditorion k\u00e4ytt\u00f6ehtoja.<\/p>\n<p class=\"article-body mb-nof-24 px-nof-16\">\u201dHe ovat luvanneet noudattaa meid\u00e4n s\u00e4\u00e4nt\u00f6j\u00e4mme, joissa kiellet\u00e4\u00e4n rasistiset tai ihmisarvoa alentavat teemat.\u201d<\/p>\n<p class=\"article-body mb-nof-24 px-nof-16\">Tammen mukaan pelkk\u00e4 v\u00e4est\u00f6nvaihto-sanan k\u00e4ytt\u00f6 ei ole juridisesti riitt\u00e4v\u00e4 peruste perua luentoa, vaan se, mit\u00e4 luennolla puhutaan.<\/p>\n<p class=\"article-body mb-nof-24 px-nof-16\">\u201cLuennoitsija on luvannut noudattaa n\u00e4it\u00e4 [kirjaston] ehtoja. Meid\u00e4n on siihen luotettava.\u201d<\/p>\n<p class=\"article-body mb-nof-24 px-nof-16\">HS ei tavoittanut keskiviikkona Lahden perussuomalaisia tai Keskisarjan avustajaa kommentoimaan luennon sis\u00e4lt\u00f6\u00e4.<\/p>\n<p class=\"article-body mb-nof-24 px-nof-16\">V\u00e4est\u00f6nvaihto on \u00e4\u00e4rioikeistolaiseen salaliittoteoriaan liitetty k\u00e4site. Teorian mukaan valkoinen v\u00e4est\u00f6 pyrit\u00e4\u00e4n tarkoituksellisesti alistamaan v\u00e4hemmist\u00f6ksi ja v\u00e4hitellen korvaamaan l\u00e4nsimaissa.<\/p>\n","protected":false},"excerpt":{"rendered":"Perussuomalaiset|Lahden kirjastopalvelu\u00adjohtajan mukaan ei ole perusteita kielt\u00e4\u00e4 luennon pit\u00e4mist\u00e4. Lue tiivistelm\u00e4 Kansanedustaja ja perussuomalaisten ensimm\u00e4inen varapuheenjohtaja Teemu Keskisarja&hellip;\n","protected":false},"author":2,"featured_media":136002,"comment_status":"","ping_status":"","sticky":false,"template":"","format":"standard","meta":{"footnotes":""},"categories":[12],"tags":[22,23,26,27,33,31,30,17,46,24,25,28,29,15,18,21,32,19,20,16],"class_list":{"0":"post-136001","1":"post","2":"type-post","3":"status-publish","4":"format-standard","5":"has-post-thumbnail","7":"category-suomi","8":"tag-breaking-news","9":"tag-breakingnews","10":"tag-featured-news","11":"tag-featurednews","12":"tag-fi","13":"tag-finland","14":"tag-finnish","15":"tag-headlines","16":"tag-helsingin-sanomat","17":"tag-latest-news","18":"tag-latestnews","19":"tag-main-news","20":"tag-mainnews","21":"tag-news","22":"tag-otsikot","23":"tag-paauutiset","24":"tag-suomi","25":"tag-top-stories","26":"tag-topstories","27":"tag-uutiset"},"share_on_mastodon":{"url":"https:\/\/pubeurope.com\/@fi\/115854712837059326","error":""},"_links":{"self":[{"href":"https:\/\/www.europesays.com\/fi\/wp-json\/wp\/v2\/posts\/136001","targetHints":{"allow":["GET"]}}],"collection":[{"href":"https:\/\/www.europesays.com\/fi\/wp-json\/wp\/v2\/posts"}],"about":[{"href":"https:\/\/www.europesays.com\/fi\/wp-json\/wp\/v2\/types\/post"}],"author":[{"embeddable":true,"href":"https:\/\/www.europesays.com\/fi\/wp-json\/wp\/v2\/users\/2"}],"replies":[{"embeddable":true,"href":"https:\/\/www.europesays.com\/fi\/wp-json\/wp\/v2\/comments?post=136001"}],"version-history":[{"count":0,"href":"https:\/\/www.europesays.com\/fi\/wp-json\/wp\/v2\/posts\/136001\/revisions"}],"wp:featuredmedia":[{"embeddable":true,"href":"https:\/\/www.europesays.com\/fi\/wp-json\/wp\/v2\/media\/136002"}],"wp:attachment":[{"href":"https:\/\/www.europesays.com\/fi\/wp-json\/wp\/v2\/media?parent=136001"}],"wp:term":[{"taxonomy":"category","embeddable":true,"href":"https:\/\/www.europesays.com\/fi\/wp-json\/wp\/v2\/categories?post=136001"},{"taxonomy":"post_tag","embeddable":true,"href":"https:\/\/www.europesays.com\/fi\/wp-json\/wp\/v2\/tags?post=136001"}],"curies":[{"name":"wp","href":"https:\/\/api.w.org\/{rel}","templated":true}]}}