{"id":136020,"date":"2026-01-07T16:42:08","date_gmt":"2026-01-07T16:42:08","guid":{"rendered":"https:\/\/www.europesays.com\/fi\/136020\/"},"modified":"2026-01-07T16:42:08","modified_gmt":"2026-01-07T16:42:08","slug":"meteorologi-tallaiselta-nayttaa-lopputalven-ja-alkukevaan-saa","status":"publish","type":"post","link":"https:\/\/www.europesays.com\/fi\/136020\/","title":{"rendered":"Meteorologi: T\u00e4llaiselta n\u00e4ytt\u00e4\u00e4 lopputalven ja alkukev\u00e4\u00e4n s\u00e4\u00e4"},"content":{"rendered":"<p>Tuore s\u00e4\u00e4ennuste vihjailee, ett\u00e4 Norjasta vy\u00f6ryisi Suomeen l\u00e4mp\u00f6tiloja nostattavia tuulia.<\/p>\n<p>Alkuvuodesta Suomessa on viel\u00e4 piisannut pakkasta ja lumisateita. <\/p>\n<p>Lue tiivistelm\u00e4<\/p>\n<p class=\"article-body mb-nof-24 px-nof-16 sndp-summary-bullet-point-font\">Euroopan keskipitkien s\u00e4\u00e4ennusteiden keskus ECMWF:n mukaan helmi\u2013huhtikuun ajanjakso voi olla Suomessa 1\u20132 astetta tavanomaista l\u00e4mpim\u00e4mpi\u00e4.<\/p>\n<p class=\"article-body mb-nof-24 px-nof-16 sndp-summary-bullet-point-font\">Meteorologi Joanna Rinne Forecasta kertoo, ett\u00e4 kev\u00e4t voi edet\u00e4 etuajassa ja ensimm\u00e4iset yli 10 asteen l\u00e4mp\u00f6tilat saattavat tulla tavanomaista aikaisemmin.<\/p>\n<p class=\"article-body mb-nof-24 px-nof-16 sndp-summary-bullet-point-font\">Ennuste perustuu tavanomaista useampiin f\u00f6hn-tuulitilanteisiin, jotka tuovat Norjan vuoriston yli lauhaa ja kuivaa s\u00e4\u00e4t\u00e4 Suomeen.<\/p>\n<p class=\"article-body mb-nof-24 px-nof-16 sndp-summary-bullet-point-font\">Meteorologi kuitenkin muistuttaa, ett\u00e4 ennusteeseen liittyy merkitt\u00e4v\u00e4\u00e4 ep\u00e4varmuutta. Polaaripy\u00f6rteen hajoaminen voi aiheuttaa kylmi\u00e4 jaksoja, jotka pys\u00e4ytt\u00e4v\u00e4t kev\u00e4\u00e4n etenemisen hetkellisesti.<\/p>\n<p class=\"article-body mb-nof-24 px-nof-16\">Tuoreen kolmen kuukauden ennusteen mukaan helmi\u2013huhtikuun keskil\u00e4mp\u00f6tila voi olla Suomessa tavanomaista l\u00e4mpim\u00e4mpi. Kev\u00e4t voi edet\u00e4 etuajassa, ja ensimm\u00e4iset l\u00e4mp\u00f6piikit saattavat ylitt\u00e4\u00e4 10 astetta tavanomaista aikaisemmin.<\/p>\n<p class=\"article-body mb-nof-24 px-nof-16\">Foreca <a class=\"underline underline-offset-[0.12em] [text-decoration-thickness:var(--generic-link-underline-thickness)] [text-decoration-color:var(--generic-link-underline-color)] [text-decoration-skip-ink:var(--generic-link-underline-skip-ink)] break-words\" href=\"https:\/\/www.foreca.fi\/meteorologilta\/fdyumbz0\" rel=\"nofollow noopener\" target=\"_blank\">kertoo<\/a>, ett\u00e4 Euroopan keskipitkien s\u00e4\u00e4ennusteiden keskus ECMWF:n ennuste n\u00e4ytt\u00e4\u00e4 koko Suomeen 1\u20132 astetta keskim\u00e4\u00e4r\u00e4ist\u00e4 l\u00e4mpim\u00e4mp\u00e4\u00e4 jaksoa.<\/p>\n<p class=\"article-body mb-nof-24 px-nof-16\">\u2013 Ennusteen mukaan voisi olla ehk\u00e4 mahdollista, ett\u00e4 kev\u00e4t etenisi tavanomaiseen aikatauluun n\u00e4hden etuajassa, toteaa meteorologi <a class=\"font-bold underline-offset-[0.12em] [text-decoration:var(--person-link-text-decoration)] ![text-decoration-color:var(--person-link-text-decoration-color)]\" href=\"https:\/\/www.is.fi\/haku\/?query=Joanna%20Rinne\" rel=\"nofollow noopener\" target=\"_blank\">Joanna Rinne <\/a>Forecan s\u00e4\u00e4blogissa.<\/p>\n<p class=\"article-body mb-nof-24 px-nof-16\">Kev\u00e4t, vuoden\u00adajoistamme lyhyin, kest\u00e4\u00e4 vain kuudesta yhdeks\u00e4\u00e4n viikkoa. Termisen kev\u00e4\u00e4n katsotaan alkaneen, kun vuorokauden keskil\u00e4mp\u00f6tila pysyttelee nollan ja 10 asteen v\u00e4lill\u00e4.<\/p>\n<p class=\"article-body mb-nof-24 px-nof-16\">S\u00e4\u00e4tilastojen mukaan terminen talvi vaihtuu Suomessa termiseksi kev\u00e4\u00e4ksi maan etel\u00e4osassa keskim\u00e4\u00e4rin maaliskuun lopussa ja maan keskiosassa maaliskuun lopun ja huhtikuun alun v\u00e4lill\u00e4.<\/p>\n<p class=\"article-body mb-nof-24 px-nof-16\">Rinne huomauttaa, ett\u00e4 kuukausien sis\u00e4iset vaihtelut voivat ajoittain pys\u00e4ytt\u00e4\u00e4 kev\u00e4\u00e4n etenemisen, vaikka ennuste olisi t\u00e4ysin oikeassa kolmen kuukauden keskiarvojen poikkeamien suhteen.<\/p>\n<p><img decoding=\"async\" src=\"https:\/\/www.europesays.com\/fi\/wp-content\/uploads\/2026\/01\/1767804128_194_468.jpg\" alt=\"Toistuvat f\u00f6hn-tuulet voisi aiheuttaa meteorologin mukaan my\u00f6s tavanomaista aurinkoisempia kev\u00e4ttalven kuukausia\" class=\"_Img_1rerz_1\" style=\"aspect-ratio:1.5\" loading=\"eager\"\/><\/p>\n<p class=\"article-picture-caption\">Toistuvat f\u00f6hn-tuulet voisi aiheuttaa meteorologin mukaan my\u00f6s tavanomaista aurinkoisempia kev\u00e4ttalven kuukausia Kuva:\u00a0Paula Kaskimaa \/ IS<\/p>\n<p class=\"article-body mb-nof-24 px-nof-16\">Helmi\u2013huhtikuulle ennustetaan tavanomaista useammin f\u00f6hn-tuulia, jotka tuovat Suomeen kuivaa ja lauhaa s\u00e4\u00e4t\u00e4 Norjan vuoriston yli. Norjasta virtaava ilma l\u00e4mpenee laskeutuessaan vuoriston rinnett\u00e4 alas Suomeen.<\/p>\n<p class=\"article-body mb-nof-24 px-nof-16\">\u2013 Kev\u00e4isin ensimm\u00e4iset l\u00e4mp\u00f6piikit, esimerkiksi ensimm\u00e4iset yli 10 plusasteen l\u00e4mp\u00f6tilat havaitaan yleens\u00e4 f\u00f6hn-tuulitilanteissa, Rinne kertoo.<\/p>\n<p class=\"article-body mb-nof-24 px-nof-16\">\u2013 Mik\u00e4li f\u00f6hn-tuulta olisi meill\u00e4 tavanomaista useammin, se merkitsisi lauhan ja l\u00e4mpenev\u00e4n s\u00e4\u00e4n s\u00e4vytt\u00e4mi\u00e4, ehk\u00e4 my\u00f6s tavanomaista aurinkoisempia kev\u00e4ttalven kuukausia.<\/p>\n<p class=\"article-body mb-nof-24 px-nof-16\">F\u00f6hn-tuulitilanteita ennustetaan erityisesti Lappiin ja lounaiseen Suomeen. Sadem\u00e4\u00e4r\u00e4t j\u00e4\u00e4v\u00e4t ennusteen mukaan keskim\u00e4\u00e4r\u00e4isiksi tai niit\u00e4 pienemmiksi.<\/p>\n<p class=\"article-body mb-nof-24 px-nof-16\">Meteorologi kuitenkin muistuttaa, ett\u00e4 ennusteeseen liittyy merkitt\u00e4v\u00e4\u00e4 ep\u00e4varmuutta \u2013 erityisesti Suomessa, jossa s\u00e4\u00e4 vaihtelee runsaasti viikkojen ja kuukausien sis\u00e4ll\u00e4.<\/p>\n<p class=\"article-body mb-nof-24 px-nof-16\">Polaaripy\u00f6rteen hajoaminen voi aiheuttaa kylmi\u00e4 jaksoja, jotka pys\u00e4ytt\u00e4v\u00e4t kev\u00e4\u00e4n etenemisen hetkellisesti.<\/p>\n","protected":false},"excerpt":{"rendered":"Tuore s\u00e4\u00e4ennuste vihjailee, ett\u00e4 Norjasta vy\u00f6ryisi Suomeen l\u00e4mp\u00f6tiloja nostattavia tuulia. Alkuvuodesta Suomessa on viel\u00e4 piisannut pakkasta ja lumisateita.&hellip;\n","protected":false},"author":2,"featured_media":136021,"comment_status":"","ping_status":"","sticky":false,"template":"","format":"standard","meta":{"footnotes":""},"categories":[5],"tags":[22,23,26,27,33,31,30,17,34,24,25,28,29,15,18,21,32,19,20,16],"class_list":{"0":"post-136020","1":"post","2":"type-post","3":"status-publish","4":"format-standard","5":"has-post-thumbnail","7":"category-otsikot","8":"tag-breaking-news","9":"tag-breakingnews","10":"tag-featured-news","11":"tag-featurednews","12":"tag-fi","13":"tag-finland","14":"tag-finnish","15":"tag-headlines","16":"tag-ilta-sanomat","17":"tag-latest-news","18":"tag-latestnews","19":"tag-main-news","20":"tag-mainnews","21":"tag-news","22":"tag-otsikot","23":"tag-paauutiset","24":"tag-suomi","25":"tag-top-stories","26":"tag-topstories","27":"tag-uutiset"},"share_on_mastodon":{"url":"https:\/\/pubeurope.com\/@fi\/115854818870986501","error":""},"_links":{"self":[{"href":"https:\/\/www.europesays.com\/fi\/wp-json\/wp\/v2\/posts\/136020","targetHints":{"allow":["GET"]}}],"collection":[{"href":"https:\/\/www.europesays.com\/fi\/wp-json\/wp\/v2\/posts"}],"about":[{"href":"https:\/\/www.europesays.com\/fi\/wp-json\/wp\/v2\/types\/post"}],"author":[{"embeddable":true,"href":"https:\/\/www.europesays.com\/fi\/wp-json\/wp\/v2\/users\/2"}],"replies":[{"embeddable":true,"href":"https:\/\/www.europesays.com\/fi\/wp-json\/wp\/v2\/comments?post=136020"}],"version-history":[{"count":0,"href":"https:\/\/www.europesays.com\/fi\/wp-json\/wp\/v2\/posts\/136020\/revisions"}],"wp:featuredmedia":[{"embeddable":true,"href":"https:\/\/www.europesays.com\/fi\/wp-json\/wp\/v2\/media\/136021"}],"wp:attachment":[{"href":"https:\/\/www.europesays.com\/fi\/wp-json\/wp\/v2\/media?parent=136020"}],"wp:term":[{"taxonomy":"category","embeddable":true,"href":"https:\/\/www.europesays.com\/fi\/wp-json\/wp\/v2\/categories?post=136020"},{"taxonomy":"post_tag","embeddable":true,"href":"https:\/\/www.europesays.com\/fi\/wp-json\/wp\/v2\/tags?post=136020"}],"curies":[{"name":"wp","href":"https:\/\/api.w.org\/{rel}","templated":true}]}}