{"id":136024,"date":"2026-01-07T16:57:09","date_gmt":"2026-01-07T16:57:09","guid":{"rendered":"https:\/\/www.europesays.com\/fi\/136024\/"},"modified":"2026-01-07T16:57:09","modified_gmt":"2026-01-07T16:57:09","slug":"yokylassa-maria-veitola-uusi-kausi-nama-julkkikset-haluavat-paastaa-tv-kamerat-kotiinsa","status":"publish","type":"post","link":"https:\/\/www.europesays.com\/fi\/136024\/","title":{"rendered":"Y\u00f6kyl\u00e4ss\u00e4 Maria Veitola uusi kausi &#8211; N\u00e4m\u00e4 julkkikset haluavat p\u00e4\u00e4st\u00e4\u00e4 tv-kamerat kotiinsa!"},"content":{"rendered":"<p><a href=\"https:\/\/www.suomi24.fi\/viihde\/l\/695bcb4441c78-5558.webp\" rel=\"nofollow noopener\" target=\"_blank\"><img decoding=\"async\" src=\"https:\/\/www.europesays.com\/fi\/wp-content\/uploads\/2026\/01\/695bcb4441c78-5558.webp.webp\" alt=\"Y\u00f6kyl\u00e4ss\u00e4 Maria Veitola\" loading=\"lazy\"\/><\/a>Y\u00f6kyl\u00e4ss\u00e4 sarjan vie Maria Veitolan y\u00f6kyl\u00e4\u00e4n Suomeen ja ulkomaille. Kuva MTV3<\/p>\n<p>Kultainen Venla -palkittu <strong>Y\u00f6kyl\u00e4ss\u00e4 Maria Veitola <\/strong>juhlii t\u00e4n\u00e4 vuonna<strong> <\/strong>kymmenett\u00e4 juhlakauttaan. <strong>Maria Veitola <\/strong>on y\u00f6pynyt yli sadan tunnetun suomalaisen kodissa.<\/p>\n<p>Y\u00f6kyl\u00e4ilyt ovat kuljettaneet Veitolaa ihmisten luo Suomesta ja ulkomailla. Sarjassa on n\u00e4hty legendaarisia hetki\u00e4 mm. <strong>Dannyn <\/strong>ja <strong>Erika Vikmanin, Anu Saagimin <\/strong>ja <strong>Andy McCoyn<\/strong> hoteissa.<\/p>\n<p>Maria Veitola avaa y\u00f6kyl\u00e4ilyhistoriaansa tiedotteessa:<\/p>\n<p>-Siit\u00e4 on jo yli kymmenen vuotta, kun soitin ensimm\u00e4isen y\u00f6kyl\u00e4paikan ovikelloa. En tosin osannut odottaa, millainen reissujen reissu t\u00e4st\u00e4 oli tulossa. Olen y\u00f6kyl\u00e4illyt t\u00e4h\u00e4n menness\u00e4 105:ss\u00e4 kohteessa, ja uskoisin olevani Suomen kovin y\u00f6kyl\u00e4ilij\u00e4, toimittaja pohtii.<\/p>\n<p><a href=\"https:\/\/www.suomi24.fi\/viihde\/l\/695bcb395816c-5558.webp\" rel=\"nofollow noopener\" target=\"_blank\"><img decoding=\"async\" src=\"https:\/\/www.europesays.com\/fi\/wp-content\/uploads\/2026\/01\/695bcb395816c-5558.webp.webp\" alt=\"Y\u00f6kyl\u00e4ss\u00e4 Maria Veitola\" loading=\"lazy\"\/><\/a>Y\u00f6kyl\u00e4ss\u00e4 sarjan uuden kauden ekassa jaksossa Arja Saijonmaa kutsuu Marian y\u00f6kyl\u00e4\u00e4n Tukholman kotiinsa. Kuva MTV3<\/p>\n<p>Uusissa Y\u00f6kyl\u00e4ss\u00e4-jaksoissa ollaan kotimaassa ja ulkomailla. Mukana ovat <strong>Arja Saijonmaa, Niko Saarinen, Hjallis Harkimo <\/strong>ja <strong>Jasmine Pajari, Christel ja Jori Roosberg, Satu R\u00e4m\u00f6, Benjamin Peltonen, Martti Suosalo, Sofia Virta, Anna-Leena H\u00e4rk\u00f6nen <\/strong>sek\u00e4 <strong>Osmo <\/strong>ja <strong>Peltsi Peltola.<\/strong><\/p>\n<p>Y\u00f6kyl\u00e4ss\u00e4 Maria Veitola alkaa MTV Katsomossa ja MTV3-kanavalla ma 23.2. klo 21.<\/p>\n<p>MTV Katsomo+ -tilauksella ensimm\u00e4isell\u00e4 viikolla kolme jaksoa, jonka j\u00e4lkeen jakso viikossa.<\/p>\n<p><a href=\"https:\/\/www.telsu.fi\/?ref=s24_article\" rel=\"noopener noreferrer nofollow\" target=\"_blank\">Katso tv-ohjelma-ajat Telsu.fi<\/a><\/p>\n","protected":false},"excerpt":{"rendered":"Y\u00f6kyl\u00e4ss\u00e4 sarjan vie Maria Veitolan y\u00f6kyl\u00e4\u00e4n Suomeen ja ulkomaille. Kuva MTV3 Kultainen Venla -palkittu Y\u00f6kyl\u00e4ss\u00e4 Maria Veitola juhlii&hellip;\n","protected":false},"author":2,"featured_media":136025,"comment_status":"","ping_status":"","sticky":false,"template":"","format":"standard","meta":{"footnotes":""},"categories":[133],"tags":[137,33,31,30,32,206,156,109],"class_list":{"0":"post-136024","1":"post","2":"type-post","3":"status-publish","4":"format-standard","5":"has-post-thumbnail","7":"category-televisiot","8":"tag-entertainment","9":"tag-fi","10":"tag-finland","11":"tag-finnish","12":"tag-suomi","13":"tag-televisiot","14":"tag-tv","15":"tag-viihde"},"share_on_mastodon":{"url":"https:\/\/pubeurope.com\/@fi\/115854877829573743","error":""},"_links":{"self":[{"href":"https:\/\/www.europesays.com\/fi\/wp-json\/wp\/v2\/posts\/136024","targetHints":{"allow":["GET"]}}],"collection":[{"href":"https:\/\/www.europesays.com\/fi\/wp-json\/wp\/v2\/posts"}],"about":[{"href":"https:\/\/www.europesays.com\/fi\/wp-json\/wp\/v2\/types\/post"}],"author":[{"embeddable":true,"href":"https:\/\/www.europesays.com\/fi\/wp-json\/wp\/v2\/users\/2"}],"replies":[{"embeddable":true,"href":"https:\/\/www.europesays.com\/fi\/wp-json\/wp\/v2\/comments?post=136024"}],"version-history":[{"count":0,"href":"https:\/\/www.europesays.com\/fi\/wp-json\/wp\/v2\/posts\/136024\/revisions"}],"wp:featuredmedia":[{"embeddable":true,"href":"https:\/\/www.europesays.com\/fi\/wp-json\/wp\/v2\/media\/136025"}],"wp:attachment":[{"href":"https:\/\/www.europesays.com\/fi\/wp-json\/wp\/v2\/media?parent=136024"}],"wp:term":[{"taxonomy":"category","embeddable":true,"href":"https:\/\/www.europesays.com\/fi\/wp-json\/wp\/v2\/categories?post=136024"},{"taxonomy":"post_tag","embeddable":true,"href":"https:\/\/www.europesays.com\/fi\/wp-json\/wp\/v2\/tags?post=136024"}],"curies":[{"name":"wp","href":"https:\/\/api.w.org\/{rel}","templated":true}]}}