{"id":136026,"date":"2026-01-07T16:59:07","date_gmt":"2026-01-07T16:59:07","guid":{"rendered":"https:\/\/www.europesays.com\/fi\/136026\/"},"modified":"2026-01-07T16:59:07","modified_gmt":"2026-01-07T16:59:07","slug":"marvel-fanien-suosikkinayttelija-neuvottelee-roolista-the-batman-2ssa","status":"publish","type":"post","link":"https:\/\/www.europesays.com\/fi\/136026\/","title":{"rendered":"Marvel-fanien suosikkin\u00e4yttelij\u00e4 neuvottelee roolista The Batman 2:ssa"},"content":{"rendered":"<p>Sebastian Stan saattaa siirty\u00e4 Marvelilta DC:lle.<\/p>\n<p>Scarlett Johansson ei v\u00e4ltt\u00e4m\u00e4tt\u00e4 ole ainoa Marvel-t\u00e4hti, joka n\u00e4hd\u00e4\u00e4n DC Studiosin tulevassa <a href=\"https:\/\/muropaketti.com\/avainsana\/the-batman-2\/\" rel=\"nofollow noopener\" target=\"_blank\">The Batman 2:ssa<\/a>. Marvel-seikkailuissa Bucky Barnesia eli The Winter Soldieria jo 15 vuoden ajan esitt\u00e4neen <a href=\"https:\/\/muropaketti.com\/avainsana\/sebastian-stan\/\" rel=\"nofollow noopener\" target=\"_blank\">Sebastian Stanin<\/a> nimitt\u00e4in kerrotaan neuvottelevan roolista Robert Pattinsonin t\u00e4hditt\u00e4m\u00e4ss\u00e4 jatko-osassa, uutisoi <a href=\"https:\/\/www.hollywoodreporter.com\/movies\/movie-news\/the-batman-part-ii-eyes-sebastian-stan-1236465730\/\" target=\"_blank\" rel=\"noreferrer noopener nofollow\">The Hollywood Reporter<\/a>.<\/p>\n<p>DC Studios ei ole kommentoinut asiaa, eik\u00e4 tietoa ole siit\u00e4, mihin rooliin Stania elokuvassa oltaisiin kaavailemassa.<\/p>\n<p>The Batman -elokuvan jatko-osaa on saatu odotella jo tovi, mutta nyt sen kuvausten on m\u00e4\u00e4r\u00e4 vihdoin alkaa t\u00e4m\u00e4n vuoden toukokuussa. Matt Reeves palaa The Batman 2:n ohjaajaksi ja vastaa my\u00f6s jatko-osan k\u00e4sikirjoituksesta yhdess\u00e4 Mattson Tomlinin kanssa.<\/p>\n<p>P\u00e4\u00e4osaa esitt\u00e4v\u00e4n Pattinsonin lis\u00e4ksi elokuvaan on jo vahvistettu palaavan ainakin ensimm\u00e4isest\u00e4 elokuvasta tutut Jeffrey Wright, Colin Farrell ja Andy Serkis. Uutena mukaan liittyy Johansson, mutta h\u00e4nen esitt\u00e4m\u00e4\u00e4ns\u00e4 roolia ei ole viel\u00e4 paljastettu. <\/p>\n<p>N\u00e4ill\u00e4 n\u00e4kymin The Batman 2:ta voidaan odotella elokuvateattereihin syksyll\u00e4 2027.<\/p>\n","protected":false},"excerpt":{"rendered":"Sebastian Stan saattaa siirty\u00e4 Marvelilta DC:lle. Scarlett Johansson ei v\u00e4ltt\u00e4m\u00e4tt\u00e4 ole ainoa Marvel-t\u00e4hti, joka n\u00e4hd\u00e4\u00e4n DC Studiosin tulevassa&hellip;\n","protected":false},"author":2,"featured_media":18494,"comment_status":"","ping_status":"","sticky":false,"template":"","format":"standard","meta":{"footnotes":""},"categories":[131],"tags":[5185,155,137,33,173,31,30,2813,172,6563,32,1022,109],"class_list":{"0":"post-136026","1":"post","2":"type-post","3":"status-publish","4":"format-standard","5":"has-post-thumbnail","7":"category-elokuvat","8":"tag-dc-studios","9":"tag-elokuvat","10":"tag-entertainment","11":"tag-fi","12":"tag-film","13":"tag-finland","14":"tag-finnish","15":"tag-marvel-studios","16":"tag-movies","17":"tag-sebastian-stan","18":"tag-suomi","19":"tag-the-batman-2","20":"tag-viihde"},"share_on_mastodon":{"url":"https:\/\/pubeurope.com\/@fi\/115854885880125837","error":""},"_links":{"self":[{"href":"https:\/\/www.europesays.com\/fi\/wp-json\/wp\/v2\/posts\/136026","targetHints":{"allow":["GET"]}}],"collection":[{"href":"https:\/\/www.europesays.com\/fi\/wp-json\/wp\/v2\/posts"}],"about":[{"href":"https:\/\/www.europesays.com\/fi\/wp-json\/wp\/v2\/types\/post"}],"author":[{"embeddable":true,"href":"https:\/\/www.europesays.com\/fi\/wp-json\/wp\/v2\/users\/2"}],"replies":[{"embeddable":true,"href":"https:\/\/www.europesays.com\/fi\/wp-json\/wp\/v2\/comments?post=136026"}],"version-history":[{"count":0,"href":"https:\/\/www.europesays.com\/fi\/wp-json\/wp\/v2\/posts\/136026\/revisions"}],"wp:featuredmedia":[{"embeddable":true,"href":"https:\/\/www.europesays.com\/fi\/wp-json\/wp\/v2\/media\/18494"}],"wp:attachment":[{"href":"https:\/\/www.europesays.com\/fi\/wp-json\/wp\/v2\/media?parent=136026"}],"wp:term":[{"taxonomy":"category","embeddable":true,"href":"https:\/\/www.europesays.com\/fi\/wp-json\/wp\/v2\/categories?post=136026"},{"taxonomy":"post_tag","embeddable":true,"href":"https:\/\/www.europesays.com\/fi\/wp-json\/wp\/v2\/tags?post=136026"}],"curies":[{"name":"wp","href":"https:\/\/api.w.org\/{rel}","templated":true}]}}