{"id":136031,"date":"2026-01-07T17:05:16","date_gmt":"2026-01-07T17:05:16","guid":{"rendered":"https:\/\/www.europesays.com\/fi\/136031\/"},"modified":"2026-01-07T17:05:16","modified_gmt":"2026-01-07T17:05:16","slug":"halpa-halli-aloittaa-ensimmaiset-koko-yhtiota-koskevat-muutosneuvottelut-syyna-muutokset-kulutuskayttaytymisessa-keski-pohjanmaa","status":"publish","type":"post","link":"https:\/\/www.europesays.com\/fi\/136031\/","title":{"rendered":"Halpa-Halli aloittaa ensimm\u00e4iset koko yhti\u00f6t\u00e4 koskevat muutosneuvottelut \u2013 syyn\u00e4 muutokset kulutusk\u00e4ytt\u00e4ytymisess\u00e4 | Keski-Pohjanmaa"},"content":{"rendered":"<p class=\"aw-1gybjub aw-5vja16 kEtdKx kmuxyA yle__article__paragraph\">Toimitusjohtajan mukaan kaikki toiminnot k\u00e4yd\u00e4\u00e4n l\u00e4pi. Mahdolliset irtisanomiset ja osa-aikaistamiset voisivat koskea enint\u00e4\u00e4n 30:t\u00e4 henkil\u00f6\u00e4. <\/p>\n<p><img decoding=\"async\" alt=\"Asiakas saapuu kauppaan ja sis\u00e4\u00e4ntuloportit avautuvat.\" src=\"https:\/\/www.europesays.com\/fi\/wp-content\/uploads\/2026\/01\/39-153503368e630df94fff.jpeg\" class=\"aw-1l9m598 hKVVvP\"\/><\/p>\n<p>Avaa kuvien katselu<\/p>\n<p>Halpa-Halli ty\u00f6llist\u00e4\u00e4 Suomessa noin 1 200 henkil\u00f6\u00e4. Yhti\u00f6n p\u00e4\u00e4konttori ja logistiikkakeskus ovat Kokkolassa. Kuvituskuva. Kuva: Petri Kuikka \/ Yle<\/p>\n<p>16:00\u2022P\u00e4ivitetty 16:20<\/p>\n<p class=\"aw-1gybjub aw-1p7kakr kEtdKx cEmitX yle__article__paragraph\">Halpa-Halli k\u00e4ynnist\u00e4\u00e4 koko organisaatiota koskevat muutosneuvottelut.<\/p>\n<p class=\"aw-1gybjub aw-1p7kakr kEtdKx cEmitX yle__article__paragraph\">Yhti\u00f6ss\u00e4 on tehty paljon uudistuksia viime vuosina, mutta tammikuun puoliv\u00e4liss\u00e4 alkavat neuvottelut ovat t\u00e4ss\u00e4 laajuudessa ensimm\u00e4iset.<\/p>\n<p class=\"aw-1gybjub aw-1p7kakr kEtdKx cEmitX yle__article__paragraph\">Mahdolliset henkil\u00f6st\u00f6vaikutukset voivat sis\u00e4lt\u00e4\u00e4 ty\u00f6teht\u00e4vien ja vastuiden muutoksia, lomautuksia, osa-aikaistamisia tai irtisanomisia.<\/p>\n<p class=\"aw-1gybjub aw-1p7kakr kEtdKx cEmitX yle__article__paragraph\">Irtisanomiset ja osa-aikaistamiset voisivat koskea enint\u00e4\u00e4n 30:t\u00e4 henkil\u00f6\u00e4 koko yhti\u00f6ss\u00e4. Vaikutukset tarkentuvat neuvottelujen aikana.<\/p>\n<p class=\"aw-1gybjub aw-1p7kakr kEtdKx cEmitX yle__article__paragraph\">Toimitusjohtaja <strong class=\"aw-ak79eh KyCXm yle__article__strong\">Janne Ylinen<\/strong> sanoo, ett\u00e4 neuvottelujen aikana tarkastellaan eri vaihtoehtoja, joilla toimintaa voidaan kehitt\u00e4\u00e4 ja kustannusrakennetta sopeuttaa.<\/p>\n<p class=\"aw-1gybjub aw-1p7kakr kEtdKx cEmitX yle__article__paragraph\">Muutosneuvottelujen aikana k\u00e4yd\u00e4\u00e4n l\u00e4pi yhti\u00f6n rakenne, organisointi ja toimintamallit. Tehostamista voi synty\u00e4 esimerkiksi ty\u00f6teht\u00e4vi\u00e4 yhdist\u00e4m\u00e4ll\u00e4, mutta tarkastelussa on paljon muutakin kuin henkil\u00f6st\u00f6vaikutukset, sanoo Ylinen.<\/p>\n<p class=\"aw-1gybjub aw-1p7kakr kEtdKx cEmitX yle__article__paragraph\">Myym\u00e4l\u00e4verkoston mahdolliseen supistamiseen h\u00e4n ei ota kantaa.<\/p>\n<p class=\"aw-1gybjub aw-1p7kakr kEtdKx cEmitX yle__article__paragraph\">Halpa-Hallin tilannetta vaikeuttaa yleinen kulutusk\u00e4ytt\u00e4ytyminen<\/p>\n<p class=\"aw-1gybjub aw-1p7kakr kEtdKx cEmitX yle__article__paragraph\">\u2013 On tosiasia, ett\u00e4 ihmiset ovat varovaisia ja tiettyjen tuoteryhmien kauppa ei k\u00e4y. Lis\u00e4ksi pieni\u00e4 paketteja tilataan toiselta puolelta maailmaa, sanoo Ylinen.<\/p>\n<p class=\"aw-1gybjub aw-1p7kakr kEtdKx cEmitX yle__article__paragraph\">Varovaisuus n\u00e4kyy h\u00e4nen mukaansa laajasti k\u00e4ytt\u00f6tavarakaupassa, kuten pukeutumisessa.<\/p>\n<p class=\"aw-1gybjub aw-1p7kakr kEtdKx cEmitX yle__article__paragraph\">Ylinen sanoo, ett\u00e4 Halpa-Halli on toisaalta maaseudulla usein johtava kivijalkakauppa, jossa on oltava laaja valikoima. Siksi kokonaisuuden arviointi on tarpeen.<\/p>\n<p class=\"aw-1gybjub aw-1p7kakr kEtdKx cEmitX yle__article__paragraph\">Halpa-Halli ty\u00f6llist\u00e4\u00e4 Suomessa noin 1 200 henkil\u00f6\u00e4 ja sill\u00e4 on 35 myym\u00e4l\u00e4\u00e4 eri puolilla Suomea. Yhti\u00f6n p\u00e4\u00e4konttori ja logistiikkakeskus ovat Kokkolassa.<\/p>\n","protected":false},"excerpt":{"rendered":"Toimitusjohtajan mukaan kaikki toiminnot k\u00e4yd\u00e4\u00e4n l\u00e4pi. Mahdolliset irtisanomiset ja osa-aikaistamiset voisivat koskea enint\u00e4\u00e4n 30:t\u00e4 henkil\u00f6\u00e4. Avaa kuvien katselu&hellip;\n","protected":false},"author":2,"featured_media":136032,"comment_status":"","ping_status":"","sticky":false,"template":"","format":"standard","meta":{"footnotes":""},"categories":[76],"tags":[79,77,1377,33,31,30,18111,451,991,71,3514,449,32,78,1356],"class_list":{"0":"post-136031","1":"post","2":"type-post","3":"status-publish","4":"format-standard","5":"has-post-thumbnail","7":"category-talous","8":"tag-business","9":"tag-economy","10":"tag-etela-pohjanmaa","11":"tag-fi","12":"tag-finland","13":"tag-finnish","14":"tag-halpahalli","15":"tag-keski-pohjanmaa","16":"tag-kokkola","17":"tag-kotimaa","18":"tag-muutosneuvottelut","19":"tag-pohjanmaa","20":"tag-suomi","21":"tag-talous","22":"tag-yritykset"},"share_on_mastodon":{"url":"https:\/\/pubeurope.com\/@fi\/115854909421863480","error":""},"_links":{"self":[{"href":"https:\/\/www.europesays.com\/fi\/wp-json\/wp\/v2\/posts\/136031","targetHints":{"allow":["GET"]}}],"collection":[{"href":"https:\/\/www.europesays.com\/fi\/wp-json\/wp\/v2\/posts"}],"about":[{"href":"https:\/\/www.europesays.com\/fi\/wp-json\/wp\/v2\/types\/post"}],"author":[{"embeddable":true,"href":"https:\/\/www.europesays.com\/fi\/wp-json\/wp\/v2\/users\/2"}],"replies":[{"embeddable":true,"href":"https:\/\/www.europesays.com\/fi\/wp-json\/wp\/v2\/comments?post=136031"}],"version-history":[{"count":0,"href":"https:\/\/www.europesays.com\/fi\/wp-json\/wp\/v2\/posts\/136031\/revisions"}],"wp:featuredmedia":[{"embeddable":true,"href":"https:\/\/www.europesays.com\/fi\/wp-json\/wp\/v2\/media\/136032"}],"wp:attachment":[{"href":"https:\/\/www.europesays.com\/fi\/wp-json\/wp\/v2\/media?parent=136031"}],"wp:term":[{"taxonomy":"category","embeddable":true,"href":"https:\/\/www.europesays.com\/fi\/wp-json\/wp\/v2\/categories?post=136031"},{"taxonomy":"post_tag","embeddable":true,"href":"https:\/\/www.europesays.com\/fi\/wp-json\/wp\/v2\/tags?post=136031"}],"curies":[{"name":"wp","href":"https:\/\/api.w.org\/{rel}","templated":true}]}}