{"id":136037,"date":"2026-01-07T17:08:08","date_gmt":"2026-01-07T17:08:08","guid":{"rendered":"https:\/\/www.europesays.com\/fi\/136037\/"},"modified":"2026-01-07T17:08:08","modified_gmt":"2026-01-07T17:08:08","slug":"ristolainen-kulki-viiden-vuoden-ajan-loukkaantumisesta-toiseen-siita-lahti-se-helvetin-kierre-urheilu","status":"publish","type":"post","link":"https:\/\/www.europesays.com\/fi\/136037\/","title":{"rendered":"Ristolainen kulki viiden vuoden ajan loukkaantumisesta toiseen: \u201dSiit\u00e4 l\u00e4hti se helvetin kierre\u201d | Urheilu"},"content":{"rendered":"<p class=\"aw-1gybjub aw-1p7kakr kEtdKx cEmitX yle__article__paragraph\"><strong class=\"aw-ak79eh KyCXm yle__article__strong\">Rasmus Ristolaisen<\/strong>, 31, taival veljellisen rakkauden kaupungissa Philadelphiassa ei ole ollut kevyt kulkea. Buffalosta Philadelphiaan viisi vuotta sitten vaihtanut turkulaispuolustaja on ajautunut viime vuosien aikana vammakierteeseen, joka on sekoittanut kuvioita urakalla.<\/p>\n<p class=\"aw-1gybjub aw-1p7kakr kEtdKx cEmitX yle__article__paragraph\">Ristolainen on menett\u00e4nyt viiden edelliskauden aikana per\u00e4ti 125 ottelua. Kolmelta edelliskaudelta pelattuja otteluita on kasassa 104.<\/p>\n<p class=\"aw-1gybjub aw-1p7kakr kEtdKx cEmitX yle__article__paragraph\">Kuluvan kaudenkin isokokoinen peruspuolustaja p\u00e4\u00e4si aloittamaan vasta joulun alla ojentajaj\u00e4nteeseen tehdyn leikkauksen vuoksi. K\u00e4sitt\u00e4m\u00e4t\u00f6n yhteensattuma on, ett\u00e4 Ristolaisen saman k\u00e4den sama ojentajaj\u00e4nne pamahti kahdella per\u00e4kk\u00e4isell\u00e4 kaudella ja on nyt siis operoitu jo kahdesti.<\/p>\n<p class=\"aw-1gybjub aw-1p7kakr kEtdKx cEmitX yle__article__paragraph\">\u2013 Se on ihan sama, mit\u00e4 olisin tehnyt. En voinut sille mit\u00e4\u00e4n, ett\u00e4 kyyn\u00e4rp\u00e4\u00e4 osuu j\u00e4\u00e4h\u00e4n, aukeaa ja haava tulehtuu. Siit\u00e4 l\u00e4hti se helvetin kierre liikkeelle, Ristolainen muistelee parin vuoden taakse.<\/p>\n<p class=\"aw-1gybjub aw-1p7kakr kEtdKx cEmitX yle__article__paragraph\">Vaikka Ristolainen on joutunut seuraamaan pelej\u00e4 paljon katsomosta, mielens\u00e4 t\u00e4m\u00e4 on pyrkinyt pit\u00e4m\u00e4\u00e4n kirkkaana.<\/p>\n<p><img decoding=\"async\" alt=\"Puolustaja Rasmus Ristolainen kuului Philadelphian tehopelaajiin 6-3-voitossa Edmontonista.\" src=\"https:\/\/www.europesays.com\/fi\/wp-content\/uploads\/2026\/01\/39-142601767ba44513d404.jpeg\" loading=\"lazy\" class=\"aw-1l9m598 hKVVvP\"\/><\/p>\n<p>Avaa kuvien katselu<\/p>\n<p>Ristolainen on pelannut jo kolmetoista kautta NHL:ss\u00e4. Kuva: Kyle Ross-Imagn Images<\/p>\n<p class=\"aw-1gybjub aw-1p7kakr kEtdKx cEmitX yle__article__paragraph\">\u2013 Onhan kuntoutuminen ollut taas pitk\u00e4 prosessi. Paljon on tullut oltua pois ja missattua pelej\u00e4. Ei se helppo tie ole, mutta olen sellainen ihminen, ett\u00e4 otan t\u00e4llaiset haasteena. Ilolla on menty ja pidetty katse tulevassa. Olen ajatellut, ett\u00e4 pitk\u00e4ll\u00e4 uralla n\u00e4it\u00e4 tulee kaikille. Toivottavasti t\u00e4m\u00e4 oli se minun vaihe, miss\u00e4 niit\u00e4 tuli paljon.<\/p>\n<p class=\"aw-1gybjub aw-1p7kakr kEtdKx cEmitX yle__article__paragraph\">L\u00f6ytyy sadepilvest\u00e4 kuitenkin my\u00f6s hopeareunus. Ristolainen on esimerkiksi onnistunut viem\u00e4\u00e4n viime vuosina luisteluaan merkitt\u00e4v\u00e4sti eteenp\u00e4in. Kovista taklauksistaan tunnetun pelaajan liikkuminen on nyt selke\u00e4sti sulavampaa kuin takavuosina.<\/p>\n<p class=\"aw-1gybjub aw-1p7kakr kEtdKx cEmitX yle__article__paragraph\">\u2013 Kun ik\u00e4\u00e4 tulee, aina sit\u00e4 harjoittelua hieman muuttaa. Kaikkea on kokeiltu. K\u00e4den takia tilanne oli se, ettei pystynyt paljoa tekem\u00e4\u00e4n, mutta j\u00e4\u00e4ll\u00e4 olen nyt ollut paljon enemm\u00e4n kuin viime vuosina, Ristolainen sanoo.<\/p>\n<p>Joko pudotuspeleihin?<\/p>\n<p class=\"aw-1gybjub aw-1p7kakr kEtdKx cEmitX yle__article__paragraph\">Ristolainen on todella poikkeuksellinen NHL-pelaaja sen suhteen, ett\u00e4 786 runkosarjaottelun kokemuksesta huolimatta tililt\u00e4 ei l\u00f6ydy viel\u00e4 yht\u00e4k\u00e4\u00e4n pudotuspeliottelua. Kahdeksan ensimm\u00e4ist\u00e4 vuotta Buffalossa olivat vaikeuksia pullollaan eik\u00e4 Philadelphiakaan ole viime vuosina kuulunut taalaj\u00e4iden dynaamisimpiin organisaatioihin.<\/p>\n<p class=\"aw-1gybjub aw-1p7kakr kEtdKx cEmitX yle__article__paragraph\">T\u00e4m\u00e4n seurauksena putkaa siivottiinkin taas menneen\u00e4 kes\u00e4n\u00e4.<\/p>\n<p class=\"aw-1gybjub aw-1p7kakr kEtdKx cEmitX yle__article__paragraph\">Flyers toi sis\u00e4\u00e4n p\u00e4\u00e4valmentajaksi jo pelaajaurallaan seuraikoniksi kaupungissa nousseen <strong class=\"aw-ak79eh KyCXm yle__article__strong\">Rick Tocchetin<\/strong>. Koko valmennusjohto laitettiin lopulta uusiksi. Alku on lupaava, sill\u00e4 loppiaisena joukkue oli divisioonassaan kolmantena ja n\u00e4in ollen suorassa pudotuspelipaikassa kiinni.<\/p>\n<p class=\"aw-1gybjub aw-1p7kakr kEtdKx cEmitX yle__article__paragraph\">\u2013 On todella innostunut fiilis, kun joukkue pelaa hyvin ja voittojakin on tullut. On kiva pelata, kun jokaisella pelill\u00e4 on merkityst\u00e4. It\u00e4inen konferenssi on kyll\u00e4 niin tiukka, ett\u00e4 montaa peli\u00e4 ei voi putkeen h\u00e4vit\u00e4.<\/p>\n<p class=\"aw-1gybjub aw-1p7kakr kEtdKx cEmitX yle__article__paragraph\">Aiemmin mainittua dynaamisuutta seuraan tuonut ainakin Anaheimista hankittu uuden sukupolven t\u00e4htipelaaja <strong class=\"aw-ak79eh KyCXm yle__article__strong\">Trevor Zegras<\/strong>, joka viimeksi keskiviikkoaamuna rankaisi vanhaa seuraansa kahdella maalilla.<\/p>\n<p class=\"aw-1gybjub aw-1p7kakr kEtdKx cEmitX yle__article__paragraph\">Vain Carolina on p\u00e4\u00e4st\u00e4nyt id\u00e4ss\u00e4 Philadelphiaa v\u00e4hemm\u00e4n maaleja. T\u00e4m\u00e4 on h\u00e4vi\u00e4viss\u00e4 organisaatioissa l\u00e4pi uransa pelanneelle Ristolaiselle NHL-maailmassa k\u00e4yt\u00e4nn\u00f6ss\u00e4 t\u00e4ysin uusi tilanne. Ristolainen itse on saanut kaudelle hyv\u00e4n alun. Liikkuminen on hyv\u00e4\u00e4, peruspelaaminen luotettavaa ja on tarjolla ollut tavaramerkiksi tulleita kovia taklauksiakin.<\/p>\n<p><img decoding=\"async\" alt=\"Rasmus Ristolainen taklaa Alexandre Texieri\u00e4.\" src=\"https:\/\/www.europesays.com\/fi\/wp-content\/uploads\/2026\/01\/39-157102069423ec788dfa.jpeg\" loading=\"lazy\" class=\"aw-1l9m598 hKVVvP\"\/><\/p>\n<p>Avaa kuvien katselu<\/p>\n<p>Ristolainen tunnetaan taklauksistaan. Kuva: NHLI \/ Getty Images<\/p>\n<p class=\"aw-1gybjub aw-1p7kakr kEtdKx cEmitX yle__article__paragraph\">\u2013 Uudet pelaajat Zegras, <strong class=\"aw-ak79eh KyCXm yle__article__strong\">(Christian) Dvorak<\/strong> sek\u00e4 maalivahti (<strong class=\"aw-ak79eh KyCXm yle__article__strong\">Dan) Vladar<\/strong> ovat olleet todella hyvi\u00e4. Vladar on ottanut pelaamissaan otteluissa l\u00e4hes kaiken kiinni. Se helpottaa. Muutenkin joukkue on sis\u00e4ist\u00e4nyt uuden valmentajan jutut tosi hyvin, Ristolainen kehuu.<\/p>\n<p class=\"aw-1gybjub aw-1p7kakr kEtdKx cEmitX yle__article__paragraph\">Ristolainen on sanonut kes\u00e4ll\u00e4 kenk\u00e4\u00e4 saanutta John Tortorellaa uransa parhaaksi valmentajaksi, mutta kehuu estoitta my\u00f6s Tocchetia. Kahta edell\u00e4 mainittua valmentajaa yhdist\u00e4\u00e4 ainakin armoton vaatimustaso.<\/p>\n<p class=\"aw-1gybjub aw-1p7kakr kEtdKx cEmitX yle__article__paragraph\">\u2013 T\u00e4m\u00e4 valmennustiimi on todella hyv\u00e4 opettamaan. Paljon on katsottu videoita ja k\u00e4yty tosi yksityiskohtaisesti l\u00e4pi pieni\u00e4kin asioita. On hyv\u00e4 valmennus.<\/p>\n<p>\u201dL\u00e4hdet\u00e4\u00e4n hakemaan kulta kotiin \u201d<\/p>\n<p class=\"aw-1gybjub aw-1p7kakr kEtdKx cEmitX yle__article__paragraph\">Ristolainen valittiin odotetusti Leijonien olympiajoukkueen takalinjoille. Oikealta laukovalle yleispuolustajalle ollaan <strong class=\"aw-ak79eh KyCXm yle__article__strong\">Antti Pennasen<\/strong> valmennusryhm\u00e4ss\u00e4 varmasti kaavailtu merkitt\u00e4v\u00e4\u00e4 is\u00e4nn\u00e4n roolia Juuse Saroksen eteen. Viel\u00e4 valmennus ei Ristolaisen mukaan ole pelaajia kuitenkaan pelitavan tai roolien osalta l\u00e4hestynyt.<\/p>\n<p class=\"aw-1gybjub aw-1p7kakr kEtdKx cEmitX yle__article__paragraph\">\u2013 K\u00e4sitt\u00e4\u00e4kseni jokaisella on viel\u00e4 henkil\u00f6kohtainen palaveri valmennuksen kanssa. Kauheasti ei muuten olla kes\u00e4n j\u00e4lkeen juteltu. Ehk\u00e4 palaverissa tai viimeist\u00e4\u00e4n kisapaikalla selvi\u00e4\u00e4 lis\u00e4\u00e4, Ristolainen py\u00f6rittelee.<\/p>\n<p><img decoding=\"async\" alt=\"Rasmus Ristolainen avg\u00f6r finalen 2014.\" src=\"https:\/\/www.europesays.com\/fi\/wp-content\/uploads\/2026\/01\/39-1402343677909d9dcc7f.jpeg\" loading=\"lazy\" class=\"aw-1l9m598 hKVVvP\"\/><\/p>\n<p>Avaa kuvien katselu<\/p>\n<p>Ristolainen ratkaisemassa Leijonille nuorten MM-kultaa talvella 2014. Kuva: EPA<\/p>\n<p class=\"aw-1gybjub aw-1p7kakr kEtdKx cEmitX yle__article__paragraph\">Ristolainen on my\u00f6s maajoukkueessa er\u00e4\u00e4nlainen poikkeus, sill\u00e4 maajoukkue-edustuksia on TPS-kasvatille kertynyt vuosien saatossa hyvin rajallisesti. Ainoa miesten arvokisaedustus l\u00f6ytyy syksyn 2016 World Cupista.<\/p>\n<p class=\"aw-1gybjub aw-1p7kakr kEtdKx cEmitX yle__article__paragraph\"><strong class=\"aw-ak79eh KyCXm yle__article__strong\">Jukka Jalosen<\/strong> vuosina Ristolaisen roolista maajoukkueessa syntyi jopa pient\u00e4 kohua, kun t\u00e4t\u00e4 ei kutsuttu MM-kisakutsusta kielt\u00e4ytymisen j\u00e4lkeen kes\u00e4n 2021 leijonatapaamiseen. Nyt turkulainen on innoissaan.<\/p>\n<p class=\"aw-1gybjub aw-1p7kakr kEtdKx cEmitX yle__article__paragraph\">\u2013 Intoa t\u00e4ynn\u00e4 l\u00e4hdet\u00e4\u00e4n hakemaan kulta kotiin, Ristolainen linjaa.<\/p>\n<p class=\"aw-1gybjub aw-1p7kakr kEtdKx cEmitX yle__article__paragraph\">Italiasta <a class=\"aw-iao6s4 iHOxEa yle__article__link\" href=\"https:\/\/yle.fi\/a\/74-20198037\" role=\"link\" rel=\"nofollow noopener\" target=\"_blank\">kantautuneista<\/a> uutisiin liittyen j\u00e4rjesteltyihin tai vaikkapa hieman NHL-mittoja pienemp\u00e4\u00e4n kaukaloon, Ristolainen ei jaksa suhtautua huolestuen.<\/p>\n<p class=\"aw-1gybjub aw-1p7kakr kEtdKx cEmitX yle__article__paragraph\">\u2013 El\u00e4n hetkess\u00e4. En ole alkanut mietti\u00e4 kaukalon kokoa. Minulle on ihan sama, mink\u00e4 kokoinen se on. Olkoon vaikka tulitikkuaski tai lentokentt\u00e4, niin se on kaikille sama.<\/p>\n","protected":false},"excerpt":{"rendered":"Rasmus Ristolaisen, 31, taival veljellisen rakkauden kaupungissa Philadelphiassa ei ole ollut kevyt kulkea. Buffalosta Philadelphiaan viisi vuotta sitten&hellip;\n","protected":false},"author":2,"featured_media":136038,"comment_status":"","ping_status":"","sticky":false,"template":"","format":"standard","meta":{"footnotes":""},"categories":[5],"tags":[17576,22,23,26,27,33,31,30,17,1143,24,25,2780,28,29,15,1697,18,21,21809,17462,23772,32,19,20,662,160,16],"class_list":{"0":"post-136037","1":"post","2":"type-post","3":"status-publish","4":"format-standard","5":"has-post-thumbnail","7":"category-otsikot","8":"tag-antti-pennanen","9":"tag-breaking-news","10":"tag-breakingnews","11":"tag-featured-news","12":"tag-featurednews","13":"tag-fi","14":"tag-finland","15":"tag-finnish","16":"tag-headlines","17":"tag-jaakiekko","18":"tag-latest-news","19":"tag-latestnews","20":"tag-leijonat","21":"tag-main-news","22":"tag-mainnews","23":"tag-news","24":"tag-nhl","25":"tag-otsikot","26":"tag-paauutiset","27":"tag-philadelphia-flyers","28":"tag-rasmus-ristolainen","29":"tag-rick-tocchet","30":"tag-suomi","31":"tag-top-stories","32":"tag-topstories","33":"tag-turku","34":"tag-urheilu","35":"tag-uutiset"},"share_on_mastodon":{"url":"https:\/\/pubeurope.com\/@fi\/115854921097034276","error":""},"_links":{"self":[{"href":"https:\/\/www.europesays.com\/fi\/wp-json\/wp\/v2\/posts\/136037","targetHints":{"allow":["GET"]}}],"collection":[{"href":"https:\/\/www.europesays.com\/fi\/wp-json\/wp\/v2\/posts"}],"about":[{"href":"https:\/\/www.europesays.com\/fi\/wp-json\/wp\/v2\/types\/post"}],"author":[{"embeddable":true,"href":"https:\/\/www.europesays.com\/fi\/wp-json\/wp\/v2\/users\/2"}],"replies":[{"embeddable":true,"href":"https:\/\/www.europesays.com\/fi\/wp-json\/wp\/v2\/comments?post=136037"}],"version-history":[{"count":0,"href":"https:\/\/www.europesays.com\/fi\/wp-json\/wp\/v2\/posts\/136037\/revisions"}],"wp:featuredmedia":[{"embeddable":true,"href":"https:\/\/www.europesays.com\/fi\/wp-json\/wp\/v2\/media\/136038"}],"wp:attachment":[{"href":"https:\/\/www.europesays.com\/fi\/wp-json\/wp\/v2\/media?parent=136037"}],"wp:term":[{"taxonomy":"category","embeddable":true,"href":"https:\/\/www.europesays.com\/fi\/wp-json\/wp\/v2\/categories?post=136037"},{"taxonomy":"post_tag","embeddable":true,"href":"https:\/\/www.europesays.com\/fi\/wp-json\/wp\/v2\/tags?post=136037"}],"curies":[{"name":"wp","href":"https:\/\/api.w.org\/{rel}","templated":true}]}}