{"id":136039,"date":"2026-01-07T17:20:08","date_gmt":"2026-01-07T17:20:08","guid":{"rendered":"https:\/\/www.europesays.com\/fi\/136039\/"},"modified":"2026-01-07T17:20:08","modified_gmt":"2026-01-07T17:20:08","slug":"nipa-neumannin-poika-misha-aloitti-varusmiespalveluksen-katso-harvinainen-kuva","status":"publish","type":"post","link":"https:\/\/www.europesays.com\/fi\/136039\/","title":{"rendered":"Nipa Neumannin poika Misha aloitti varusmiespalveluksen \u2013 katso harvinainen kuva"},"content":{"rendered":"<p>            ATTE KAJOVA\n        <\/p>\n<p class=\"subtitle \">Dingo-t\u00e4hden nuorin poika on nyt armeijaik\u00e4inen.<\/p>\n<p class=\"article-content article-content-width !bg-background\">Rock-yhtye Dingon nokkamiehen\u00e4 tunnetun , 66, kahdesta pojasta nuorempi on nyt armeijaik\u00e4inen.<\/p>\n<p class=\"font-weight-bold m-font-weight-bold article-content article-content-width !bg-background\">Katso my\u00f6s! Nipa Neumann kertoo fiiliksi\u00e4\u00e4n Levoton tuhkimo -elokuvasta:<\/p>\n<p class=\"article-content article-content-width !bg-background\">Nuori mies asteli varusmiespalvelukseen saapumiser\u00e4ss\u00e4 1\/26 tammikuun 5. p\u00e4iv\u00e4n\u00e4<\/p>\n<p>T\u00e4lt\u00e4 h\u00e4n n\u00e4ytt\u00e4\u00e4<\/p>\n<p class=\"article-content article-content-width !bg-background\">Nipan kaksi poikaa,  ja , ovat syntyneet vain noin vuoden ik\u00e4erolla toisistaan. Pojista vanhempi, Noel kotiutui omasta varusmiespalveluksestaan viime kes\u00e4n\u00e4, ja nyt on kaksikosta nuoremman aika kantaa kortensa kekoon. Nipa saattoi kuopuksensa kohti t\u00e4rke\u00e4\u00e4 merkkipaalua, ja julkaisi tilanteesta omalle <a href=\"https:\/\/www.instagram.com\/p\/DTIfPBnlXlk\/?utm_source=ig_web_copy_link&amp;igsh=MzRlODBiNWFlZA==\" target=\"_blank\" rel=\"nofollow noopener\">Instagram-tililleen <\/a>liikuttavan kuvan.<\/p>\n<p class=\"article-content article-content-width !bg-background\">Otoksessa is\u00e4 ja poika poseeraavat talvisissa maisemissa Upinniemen rannikkoprikaatin rakennuksen edustalla. Is\u00e4\u00e4ns\u00e4 hitusen pidempi Misha poseeraa hymyss\u00e4 suin retkikassi olallaan. Yll\u00e4\u00e4n h\u00e4nell\u00e4 on nuorisolle tutut trendivaatteet, ja p\u00e4\u00e4ss\u00e4 komeilee h\u00e4nen is\u00e4ns\u00e4kin tyylist\u00e4 tutut silm\u00e4lasit.<\/p>\n<p class=\"article-content article-content-width !bg-background\"> \u2013 Niin l\u00e4hti nuorimmainenkin intin leipiin, Nipa kirjoittaa julkaisussaan.<\/p>\n<p>        <a itemprop=\"url\" href=\"https:\/\/www.seiska.fi\/kotimaa\/nain-paljon-nipa-neumannilla-on-velkaa-suurimmat-merkinnat-puistattavat\/1387330\" rel=\"nofollow noopener\" target=\"_blank\"><\/p>\n<p class=\"section-date\">\n        <strong class=\"article-section\" data-section=\"kotimaa\"><br \/>\n            kotimaa<br \/>\n        <\/strong><br \/>\n        20.6.2024 19:00\n    <\/p>\n<p>N\u00e4in paljon Nipa Neumannilla on velkaa \u2013 suurimmat merkinn\u00e4t puistattavat\n    <\/p>\n<p itemprop=\"description\" class=\"subtitle \">\n    Muusikon raha-asiat ovat retuper\u00e4ll\u00e4.\n<\/p>\n<p>        <\/a><\/p>\n<p class=\"article-content article-content-width !bg-background\">Nipa on julkaissut my\u00f6s vastaavanlaisen yhteiskuvan viime vuoden helmikuussa, mutta puolestaan juuri sotilasvalansa suorittaneen esikoispoikansa Noelin kanssa.<\/p>\n<p>Ehtik\u00f6 Nipa k\u00e4ym\u00e4\u00e4n armeijaa?<\/p>\n<p class=\"article-content article-content-width !bg-background\">Edell\u00e4 mainitun julkaisun kommentti-osiossa kyseltiin, mahtoiko itse Nipa ehti\u00e4 k\u00e4ym\u00e4\u00e4n armeijaa 80-luvulla kiireisten b\u00e4ndivuosien ohella.<\/p>\n<p class=\"article-content article-content-width !bg-background\"> \u2013 In the Navy, Nipa vastasi viitaten k\u00e4yneens\u00e4 aikanaan oman asepalveluksensa merivoimissa.<\/p>\n<p>                <img decoding=\"async\" src=\"https:\/\/www.europesays.com\/fi\/wp-content\/uploads\/2026\/01\/2039156.webp.jpeg\" width=\"576\" height=\"720\" alt=\"80-luvulla Autiotalo-kappaleella suomalaiset rakastuttanut Dingo-yhtye muodostui vuosien varrella musiikkilegendaksi. Vuonna 2024 b\u00e4ndin kasvutarinasta tehtiin elokuvallinen tulkinta, Levoton tuhkimo.\" loading=\"lazy\" \/>            <\/p>\n<p>\n            80-luvulla Autiotalo-kappaleella suomalaiset rakastuttanut Dingo-yhtye muodostui vuosien varrella musiikkilegendaksi. Vuonna 2024 b\u00e4ndin kasvutarinasta tehtiin elokuvallinen tulkinta, Levoton tuhkimo.<br \/>\n            ATTE KAJOVA\n        <\/p>\n<p>        <a itemprop=\"url\" href=\"https:\/\/www.seiska.fi\/vain-seiskassa\/nipa-neumannin-ulosottosotkussa-yllattava-kaanne\/1562786\" rel=\"nofollow noopener\" target=\"_blank\"><\/p>\n<p class=\"section-date\">\n        <strong class=\"article-section\" data-section=\"vain seiskassa\"><br \/>\n            vain seiskassa<br \/>\n        <\/strong><br \/>\n        27.12.2024 06:00\n    <\/p>\n<p>Nipa Neumannin ulosottosotkussa yll\u00e4tt\u00e4v\u00e4 k\u00e4\u00e4nne\n    <\/p>\n<p itemprop=\"description\" class=\"subtitle \">\n    Dingo-laulajan taloudellinen tilanne on muuttunut.\n<\/p>\n<p>        <\/a><\/p>\n<p>Satumainen rakkaustarina<\/p>\n<p class=\"article-content article-content-width !bg-background\">Nipan pojat ovat per\u00e4isin h\u00e4nen ja h\u00e4nen ex-vaimonsa  (ent. Neumann) avioliitosta. <a href=\"https:\/\/www.mtvuutiset.fi\/artikkeli\/neumann-erosta-viihdeuutisille-pitkan-harkinnan-tulos\/2860248\" target=\"_blank\" rel=\"nofollow noopener\">MTV:n Viihdeuutisten<\/a> mukaan rakkaustarina sai alkunsa, kun 80-luvun hittib\u00e4ndi Dingoa fanittanut Diana meni odottelemaan idoliaan t\u00e4m\u00e4n treenik\u00e4mp\u00e4n ulkopuolelle, ja Nipa tarjosi kylm\u00e4ss\u00e4 seisoskelleelle fanilleen kuumaa juomaa.<\/p>\n<p>                <img decoding=\"async\" src=\"https:\/\/www.europesays.com\/fi\/wp-content\/uploads\/2026\/01\/2039150.webp.jpeg\" width=\"576\" height=\"274\" alt=\"Nipa ja Diana muutaman viikon ik\u00e4isen esikoispoikansa kanssa vuonna 2005.\" loading=\"lazy\" \/>            <\/p>\n<p>\n            Nipa ja Diana muutaman viikon ik\u00e4isen esikoispoikansa kanssa vuonna 2005.<br \/>\n            Matti Matikainen\n        <\/p>\n<p class=\"article-content article-content-width !bg-background\">90-luvulla kaksikko t\u00f6rm\u00e4si toisiinsa uudestaan, ja rakkaus roihahti. H\u00e4it\u00e4 tanssittiin vuonna 2000, ja lapset Noel ja Misha syntyiv\u00e4t vuosina 2005 ja 2006.\u00a0Kaksikko ilmoitti erostaan vuonna 2010, kertoen sen olleen pitk\u00e4n harkinnan tulos.<\/p>\n<p><script async src=\"\/\/www.instagram.com\/embed.js\"><\/script><\/p>\n","protected":false},"excerpt":{"rendered":"ATTE KAJOVA Dingo-t\u00e4hden nuorin poika on nyt armeijaik\u00e4inen. Rock-yhtye Dingon nokkamiehen\u00e4 tunnetun , 66, kahdesta pojasta nuorempi on&hellip;\n","protected":false},"author":2,"featured_media":136040,"comment_status":"","ping_status":"","sticky":false,"template":"","format":"standard","meta":{"footnotes":""},"categories":[136],"tags":[9423,407,14272,137,33,31,30,408,212,23775,23774,23773,32,109],"class_list":{"0":"post-136039","1":"post","2":"type-post","3":"status-publish","4":"format-standard","5":"has-post-thumbnail","7":"category-julkkikset","8":"tag-armeija","9":"tag-celebrities","10":"tag-dingo","11":"tag-entertainment","12":"tag-fi","13":"tag-finland","14":"tag-finnish","15":"tag-julkkikset","16":"tag-lifestyle","17":"tag-misha-neumann","18":"tag-noel-neumann","19":"tag-pertti-neumann","20":"tag-suomi","21":"tag-viihde"},"share_on_mastodon":{"url":"https:\/\/pubeurope.com\/@fi\/115854968296618203","error":""},"_links":{"self":[{"href":"https:\/\/www.europesays.com\/fi\/wp-json\/wp\/v2\/posts\/136039","targetHints":{"allow":["GET"]}}],"collection":[{"href":"https:\/\/www.europesays.com\/fi\/wp-json\/wp\/v2\/posts"}],"about":[{"href":"https:\/\/www.europesays.com\/fi\/wp-json\/wp\/v2\/types\/post"}],"author":[{"embeddable":true,"href":"https:\/\/www.europesays.com\/fi\/wp-json\/wp\/v2\/users\/2"}],"replies":[{"embeddable":true,"href":"https:\/\/www.europesays.com\/fi\/wp-json\/wp\/v2\/comments?post=136039"}],"version-history":[{"count":0,"href":"https:\/\/www.europesays.com\/fi\/wp-json\/wp\/v2\/posts\/136039\/revisions"}],"wp:featuredmedia":[{"embeddable":true,"href":"https:\/\/www.europesays.com\/fi\/wp-json\/wp\/v2\/media\/136040"}],"wp:attachment":[{"href":"https:\/\/www.europesays.com\/fi\/wp-json\/wp\/v2\/media?parent=136039"}],"wp:term":[{"taxonomy":"category","embeddable":true,"href":"https:\/\/www.europesays.com\/fi\/wp-json\/wp\/v2\/categories?post=136039"},{"taxonomy":"post_tag","embeddable":true,"href":"https:\/\/www.europesays.com\/fi\/wp-json\/wp\/v2\/tags?post=136039"}],"curies":[{"name":"wp","href":"https:\/\/api.w.org\/{rel}","templated":true}]}}