{"id":136043,"date":"2026-01-07T17:24:07","date_gmt":"2026-01-07T17:24:07","guid":{"rendered":"https:\/\/www.europesays.com\/fi\/136043\/"},"modified":"2026-01-07T17:24:07","modified_gmt":"2026-01-07T17:24:07","slug":"sm-liiga-thomas-caron-palasi-yllattaen-hpkhon","status":"publish","type":"post","link":"https:\/\/www.europesays.com\/fi\/136043\/","title":{"rendered":"SM-liiga: Thomas Caron palasi yll\u00e4tt\u00e4en HPK:hon"},"content":{"rendered":"<p>SM-liiga|Thomas Caronin ja HPK:n sopimus purettiin kes\u00e4ll\u00e4 pelaajan omasta aloitteesta. Nyt h\u00e4n palaa H\u00e4meenlinnaan.<\/p>\n<p class=\"article-body mb-nof-24 px-nof-16\">H\u00e4meenlinnan Pallokerho vahvistaa rivej\u00e4\u00e4n j\u00e4\u00e4kiekon SM-liigassa. Seura kertoo asiasta <a class=\"underline underline-offset-[0.12em] [text-decoration-thickness:var(--generic-link-underline-thickness)] [text-decoration-color:var(--generic-link-underline-color)] [text-decoration-skip-ink:var(--generic-link-underline-skip-ink)] break-words\" href=\"https:\/\/hpk.fi\/thomas-caron-palaa-oranssiin\/\" rel=\"nofollow noopener\" target=\"_blank\">tiedotteessaan<\/a>.<\/p>\n<p class=\"article-body mb-nof-24 px-nof-16\">HPK hankki riveihins\u00e4 tutun laitahy\u00f6kk\u00e4\u00e4j\u00e4n <a class=\"font-bold underline-offset-[0.12em] [text-decoration:var(--person-link-text-decoration)] ![text-decoration-color:var(--person-link-text-decoration-color)]\" href=\"https:\/\/www.hs.fi\/haku\/?query=Thomas%20Caronin\" rel=\"nofollow noopener\" target=\"_blank\">Thomas Caronin<\/a>. Kanadalaisen sopimus sopimus kattaa loppukauden sek\u00e4 kauden 2026\u201327. Alkukauden Caron on pelannut ECHL:ss\u00e4 Allen Americansin joukkueessa.<\/p>\n<p class=\"article-body mb-nof-24 px-nof-16\">Caron siirtyi my\u00f6s viime kaudella kesken kauden ECHL:st\u00e4 HPK:hon. Tuolloin h\u00e4n edusti Kerhoa 15 ottelussa tehoin 5+2=7.<\/p>\n<p class=\"article-body mb-nof-24 px-nof-16\">Caronin edellisen HPK-sopimuksen oli m\u00e4\u00e4r\u00e4 kattaa my\u00f6s t\u00e4m\u00e4 kausi, mutta sopimus purettiin kes\u00e4ll\u00e4 pelaajan aloitteesta. Tilanne on erikoinen.<\/p>\n<p class=\"article-body mb-nof-24 px-nof-16\">\u201dEl\u00e4m\u00e4ss\u00e4 on muutakin kuin j\u00e4\u00e4kiekko. Ymm\u00e4rr\u00e4mme nyt viimeisimpien keskustelujen j\u00e4lkeen Tomin syyt sopimuksen purun taustalla ja tietysti toivon, ett\u00e4 olisimme saaneet selvemm\u00e4n kuvan tilanteesta jo aiemmin. Tied\u00e4mme, ett\u00e4 Tom on taitava j\u00e4\u00e4kiekkoilija, joka auttaa varmasti joukkuetta tavoitteessamme playoffs-paikan suhteen. Olen tyytyv\u00e4inen, ett\u00e4 h\u00e4n liittyy joukkueeseen\u201d, HPK:n toimitusjohtaja <a class=\"font-bold underline-offset-[0.12em] [text-decoration:var(--person-link-text-decoration)] ![text-decoration-color:var(--person-link-text-decoration-color)]\" href=\"https:\/\/www.hs.fi\/haku\/?query=Kaj%20K%C3%A4llarsson\" rel=\"nofollow noopener\" target=\"_blank\">Kaj K\u00e4llarsson<\/a> sanoo tiedotteessa.<\/p>\n<p class=\"article-body mb-nof-24 px-nof-16\">Caron ei ole viel\u00e4 Suomessa, mutta tiedotteen mukaan maahantuloprosessi on k\u00e4ynniss\u00e4.<\/p>\n<p class=\"article-body mb-nof-24 px-nof-16\">HPK on SM-liigan sarjataulukossa sijalla 15. Viimeiseen pudotuspelipaikkaan on matkaa kolme pistett\u00e4.<\/p>\n","protected":false},"excerpt":{"rendered":"SM-liiga|Thomas Caronin ja HPK:n sopimus purettiin kes\u00e4ll\u00e4 pelaajan omasta aloitteesta. Nyt h\u00e4n palaa H\u00e4meenlinnaan. H\u00e4meenlinnan Pallokerho vahvistaa rivej\u00e4\u00e4n&hellip;\n","protected":false},"author":2,"featured_media":136044,"comment_status":"","ping_status":"","sticky":false,"template":"","format":"standard","meta":{"footnotes":""},"categories":[132],"tags":[137,33,31,30,46,195,47,32,109],"class_list":{"0":"post-136043","1":"post","2":"type-post","3":"status-publish","4":"format-standard","5":"has-post-thumbnail","7":"category-musiikki","8":"tag-entertainment","9":"tag-fi","10":"tag-finland","11":"tag-finnish","12":"tag-helsingin-sanomat","13":"tag-music","14":"tag-musiikki","15":"tag-suomi","16":"tag-viihde"},"share_on_mastodon":{"url":"https:\/\/pubeurope.com\/@fi\/115854984023232723","error":""},"_links":{"self":[{"href":"https:\/\/www.europesays.com\/fi\/wp-json\/wp\/v2\/posts\/136043","targetHints":{"allow":["GET"]}}],"collection":[{"href":"https:\/\/www.europesays.com\/fi\/wp-json\/wp\/v2\/posts"}],"about":[{"href":"https:\/\/www.europesays.com\/fi\/wp-json\/wp\/v2\/types\/post"}],"author":[{"embeddable":true,"href":"https:\/\/www.europesays.com\/fi\/wp-json\/wp\/v2\/users\/2"}],"replies":[{"embeddable":true,"href":"https:\/\/www.europesays.com\/fi\/wp-json\/wp\/v2\/comments?post=136043"}],"version-history":[{"count":0,"href":"https:\/\/www.europesays.com\/fi\/wp-json\/wp\/v2\/posts\/136043\/revisions"}],"wp:featuredmedia":[{"embeddable":true,"href":"https:\/\/www.europesays.com\/fi\/wp-json\/wp\/v2\/media\/136044"}],"wp:attachment":[{"href":"https:\/\/www.europesays.com\/fi\/wp-json\/wp\/v2\/media?parent=136043"}],"wp:term":[{"taxonomy":"category","embeddable":true,"href":"https:\/\/www.europesays.com\/fi\/wp-json\/wp\/v2\/categories?post=136043"},{"taxonomy":"post_tag","embeddable":true,"href":"https:\/\/www.europesays.com\/fi\/wp-json\/wp\/v2\/tags?post=136043"}],"curies":[{"name":"wp","href":"https:\/\/api.w.org\/{rel}","templated":true}]}}