{"id":136051,"date":"2026-01-07T17:32:07","date_gmt":"2026-01-07T17:32:07","guid":{"rendered":"https:\/\/www.europesays.com\/fi\/136051\/"},"modified":"2026-01-07T17:32:07","modified_gmt":"2026-01-07T17:32:07","slug":"suomessa-on-julkaistu-ensimmainen-latinan-kielen-historia","status":"publish","type":"post","link":"https:\/\/www.europesays.com\/fi\/136051\/","title":{"rendered":"Suomessa on julkaistu ensimm\u00e4inen latinan kielen historia"},"content":{"rendered":"<p>Kirja-arvio|Tuore latinan kielen historia avaa n\u00e4kym\u00e4n Euroopan kulttuuriin, yhteiskuntiin ja kirjallisuuteen 2500 vuoden ajalta.<\/p>\n<p class=\"article-body mb-nof-24 px-nof-16\">Tietokirja<\/p>\n<p class=\"article-body mb-nof-24 px-nof-16\">Martti Leiwo &amp; Minna Sepp\u00e4nen (toim.): Latinan kielen historia. Gaudeamus. 480 s.<\/p>\n<p class=\"article-body mb-nof-24 px-nof-16\">Latinaa on sanottu Euroopan \u00e4idinkieleksi. Vaikka se ei todellisuudessa yli tuhanteen vuoteen ole ollut kenenk\u00e4\u00e4n \u00e4idinkieli, se on kuitenkin ollut ainoa Eurooppaa aidosti yhdist\u00e4nyt kulttuuriside ja kiistatta yksi maailman t\u00e4rkeimmist\u00e4 kielist\u00e4.<\/p>\n","protected":false},"excerpt":{"rendered":"Kirja-arvio|Tuore latinan kielen historia avaa n\u00e4kym\u00e4n Euroopan kulttuuriin, yhteiskuntiin ja kirjallisuuteen 2500 vuoden ajalta. Tietokirja Martti Leiwo &amp;&hellip;\n","protected":false},"author":2,"featured_media":136052,"comment_status":"","ping_status":"","sticky":false,"template":"","format":"standard","meta":{"footnotes":""},"categories":[14],"tags":[22,23,26,27,33,31,30,17,46,24,25,28,29,15,18,21,32,19,20,56,16,59,60,61],"class_list":{"0":"post-136051","1":"post","2":"type-post","3":"status-publish","4":"format-standard","5":"has-post-thumbnail","7":"category-ulkomaat","8":"tag-breaking-news","9":"tag-breakingnews","10":"tag-featured-news","11":"tag-featurednews","12":"tag-fi","13":"tag-finland","14":"tag-finnish","15":"tag-headlines","16":"tag-helsingin-sanomat","17":"tag-latest-news","18":"tag-latestnews","19":"tag-main-news","20":"tag-mainnews","21":"tag-news","22":"tag-otsikot","23":"tag-paauutiset","24":"tag-suomi","25":"tag-top-stories","26":"tag-topstories","27":"tag-ulkomaat","28":"tag-uutiset","29":"tag-world","30":"tag-world-news","31":"tag-worldnews"},"share_on_mastodon":{"url":"https:\/\/pubeurope.com\/@fi\/115855015508206492","error":""},"_links":{"self":[{"href":"https:\/\/www.europesays.com\/fi\/wp-json\/wp\/v2\/posts\/136051","targetHints":{"allow":["GET"]}}],"collection":[{"href":"https:\/\/www.europesays.com\/fi\/wp-json\/wp\/v2\/posts"}],"about":[{"href":"https:\/\/www.europesays.com\/fi\/wp-json\/wp\/v2\/types\/post"}],"author":[{"embeddable":true,"href":"https:\/\/www.europesays.com\/fi\/wp-json\/wp\/v2\/users\/2"}],"replies":[{"embeddable":true,"href":"https:\/\/www.europesays.com\/fi\/wp-json\/wp\/v2\/comments?post=136051"}],"version-history":[{"count":0,"href":"https:\/\/www.europesays.com\/fi\/wp-json\/wp\/v2\/posts\/136051\/revisions"}],"wp:featuredmedia":[{"embeddable":true,"href":"https:\/\/www.europesays.com\/fi\/wp-json\/wp\/v2\/media\/136052"}],"wp:attachment":[{"href":"https:\/\/www.europesays.com\/fi\/wp-json\/wp\/v2\/media?parent=136051"}],"wp:term":[{"taxonomy":"category","embeddable":true,"href":"https:\/\/www.europesays.com\/fi\/wp-json\/wp\/v2\/categories?post=136051"},{"taxonomy":"post_tag","embeddable":true,"href":"https:\/\/www.europesays.com\/fi\/wp-json\/wp\/v2\/tags?post=136051"}],"curies":[{"name":"wp","href":"https:\/\/api.w.org\/{rel}","templated":true}]}}