{"id":136055,"date":"2026-01-07T17:34:08","date_gmt":"2026-01-07T17:34:08","guid":{"rendered":"https:\/\/www.europesays.com\/fi\/136055\/"},"modified":"2026-01-07T17:34:08","modified_gmt":"2026-01-07T17:34:08","slug":"kuusi-bussia-lahes-yhdessa-lajassa-fintraffic-lupaa-ettei-keskiviikkoaamun-liikennesumppu-toistu","status":"publish","type":"post","link":"https:\/\/www.europesays.com\/fi\/136055\/","title":{"rendered":"Kuusi bussia l\u00e4hes yhdess\u00e4 l\u00e4j\u00e4ss\u00e4 \u2013 Fintraffic lupaa, ettei keskiviikkoaamun liikennesumppu toistu"},"content":{"rendered":"<p>Vuosaaren liikennekaaos|Helsinki on nostanut Vuosaaren tunnelin kiertotien kunnossapitoluokkaa kaupungin korkeimmaksi, mutta keskiviikkona liikenne mateli ja seisoi.<\/p>\n<p>Lue tiivistelm\u00e4<\/p>\n<p class=\"article-body mb-nof-24 px-nof-16 sndp-summary-bullet-point-font\">Kuusi linjaa 560 ajavaa bussia jumittui keskiviikkoaamuna Vuosaaren sataman kierottiell\u00e4. Rekka j\u00e4i kiinni yl\u00e4m\u00e4keen.<\/p>\n<p class=\"article-body mb-nof-24 px-nof-16 sndp-summary-bullet-point-font\">Viiv\u00e4stykset johtuivat huonoista keliolosuhteista ja Vuosaaren sataman tunnelin korjauksen vuoksi muuttuneista liikennej\u00e4rjestelyist\u00e4.<\/p>\n<p class=\"article-body mb-nof-24 px-nof-16 sndp-summary-bullet-point-font\">Liikenteenohjausyhti\u00f6 Fintraffic ja Helsinki lupaaivat, ett\u00e4 tilanne paranee torstaina parempien keliennusteiden ja tehostetun kunnossapidon ansiosta.<\/p>\n<p class=\"article-body mb-nof-24 px-nof-16\">Kuusi kappaletta linjan 560 busseja m\u00f6nki keskiviikko\u00adaamuna eteenp\u00e4in l\u00e4hes yhdess\u00e4 l\u00e4j\u00e4ss\u00e4.<\/p>\n<p class=\"article-body mb-nof-24 px-nof-16\">Tieto k\u00e4y ilmi Bussitutkasta, jossa voi seurata linja-autojen etenemist\u00e4 l\u00e4hes reaaliajassa. Linja-autot jumittivat Kallvikintien, Mellunm\u00e4entien ja It\u00e4v\u00e4yl\u00e4n risteyskohdassa. Keliolosuhteet ja Vuosaaren muuttuneet liikennej\u00e4rjestelyt ruuhkauttivat katuja pahasti.<\/p>\n<p class=\"article-body mb-nof-24 px-nof-16\">Bussitutkan mukaan linjan 560 bussit my\u00f6h\u00e4styiv\u00e4t aamuseitsem\u00e4n ja -yhdeks\u00e4n v\u00e4lill\u00e4 paristakymmenest\u00e4 minuutista puoleen tuntiin, vaikka osa olikin aivan ajoissa.<\/p>\n<p class=\"article-body mb-nof-24 px-nof-16\">Onko samalaista kaaosta luvassa kokonainen vuosi, kun Vuosaaren satamaan viev\u00e4\u00e4 tunnelia korjataan ja autot ohjataan kiertoreitille?<\/p>\n<p class=\"article-body mb-nof-24 px-nof-16\">Tilanne paranee jo torstaina, ennustavat sek\u00e4 HSL, Helsingin kaupunki ett\u00e4 liikenteenohjausyhti\u00f6 Fintraffic.<\/p>\n<p class=\"article-body mb-nof-24 px-nof-16\">\u201dKiertoreitill\u00e4 oli rekka jumissa, ja sen takia kuusi bussia oli jumissa\u201d, kuvailee HSL:n viestinn\u00e4n asiantuntija <a class=\"font-bold underline-offset-[0.12em] [text-decoration:var(--person-link-text-decoration)] ![text-decoration-color:var(--person-link-text-decoration-color)]\" href=\"https:\/\/www.hs.fi\/haku\/?query=Tuija%20Ruoho\" rel=\"nofollow noopener\" target=\"_blank\">Tuija Ruoho<\/a>.<\/p>\n<p class=\"article-body mb-nof-24 px-nof-16\">H\u00e4nen mukaansa teiden kunnossapito ei ollut riitt\u00e4v\u00e4\u00e4.<\/p>\n<p class=\"article-body mb-nof-24 px-nof-16\">\u201dOlimme yhteydess\u00e4 kaupunkiin ja torstaina tilanteen tulisi olla parempi, koska ei ole luvattu lumisateita\u201d, h\u00e4n arvelee.<\/p>\n<p class=\"article-body mb-nof-24 px-nof-16\">Helsinki on nostanut Vuosaaren tunnelin kiertotien kunnossapitoluokkaa. Se on nyt korkein mahdollinen, eli kadut aurataan ja liukkautta torjutaan tehokkaammin ja nopeammin kuin muiden kunnossapitoluokkien kaduilla.<\/p>\n<p class=\"article-body mb-nof-24 px-nof-16\">Alueelle on my\u00f6s hankittu lis\u00e4\u00e4 kunnossapitokalustoa.<\/p>\n<p class=\"article-body mb-nof-24 px-nof-16\">Silti rekka j\u00e4i keskiviikkoaamuna Kallvikintiell\u00e4 kiinni yl\u00e4m\u00e4keen ja aiheutti suman.<\/p>\n<p class=\"article-body mb-nof-24 px-nof-16\">\u201dAina kun on yl\u00e4m\u00e4ke\u00e4, se aiheuttaa raskaalle kalustolle hankaluuksia\u201d, sanoo Fintrafficin viestint\u00e4p\u00e4\u00e4llikk\u00f6<a class=\"font-bold underline-offset-[0.12em] [text-decoration:var(--person-link-text-decoration)] ![text-decoration-color:var(--person-link-text-decoration-color)]\" href=\"https:\/\/www.hs.fi\/haku\/?query=%20Outi%20Huhtala\" rel=\"nofollow noopener\" target=\"_blank\"> Outi Huhtala<\/a>. H\u00e4n huomauttaa, ett\u00e4 keskiviikkoaamuna keli oli hankala koko Uudellamaalla.<\/p>\n<p class=\"article-body mb-nof-24 px-nof-16\">Tunnelin kiertotiet\u00e4 ajaa nyt my\u00f6s paljon satamaan pyrkiv\u00e4\u00e4 raskasta kalustoa, jonka kuljettajilla ei v\u00e4ltt\u00e4m\u00e4tt\u00e4 ole kokemusta Suomen talvikeleist\u00e4, eik\u00e4 aina edes riitt\u00e4vi\u00e4 varusteita suomalaiseen talviajoon.<\/p>\n<p class=\"article-body mb-nof-24 px-nof-16\">\u201dKohotetulla talvikunnossapidolla pyrit\u00e4\u00e4n siihen, ett\u00e4 raskas liikenne sujuisi mahdollisimman hyvin. Yl\u00e4m\u00e4et hiekoitetaan mahdollisimman nopeasti ja muutoinkin kelitilanne pyrit\u00e4\u00e4n ennakoimaan\u201d, Huhtala sanoo.<\/p>\n<p class=\"article-body mb-nof-24 px-nof-16\">Tunnelin sulkemisesta johtuvia poikkeusj\u00e4rjestelyj\u00e4 testattiin kahdesti viime vuonna. Kes\u00e4n kokeilussa<a class=\"underline underline-offset-[0.12em] [text-decoration-thickness:var(--generic-link-underline-thickness)] [text-decoration-color:var(--generic-link-underline-color)] [text-decoration-skip-ink:var(--generic-link-underline-skip-ink)] break-words\" href=\"https:\/\/www.hs.fi\/helsinki\/art-2000011728828.html\" rel=\"nofollow noopener\" target=\"_blank\"> It\u00e4v\u00e4yl\u00e4 ruuhkautui v\u00e4lill\u00e4 pahasti<\/a>.<\/p>\n<p class=\"article-body mb-nof-24 px-nof-16\">Mik\u00e4 on torstaiaamuna siis toisin?<\/p>\n<p class=\"article-body mb-nof-24 px-nof-16\">Huhtalan mukaan kaaoksen ei pit\u00e4isi toistua, koska keli on ennusteiden mukaan parempi ja ihmiset osaavat sek\u00e4 varata matkaan enemm\u00e4n aikaa.<\/p>\n<p class=\"article-body mb-nof-24 px-nof-16\">\u201dLiikennett\u00e4 on runsaasti, se on hyv\u00e4 ottaa huomioon etenkin aamun- ja iltap\u00e4iv\u00e4n liikennehuipuissa. Ajan lis\u00e4ksi liikenteess\u00e4 t\u00e4rke\u00e4\u00e4 on nyt rauhallinen ja toiset huomioiva ajotapa\u201d, Huhtala sanoo<\/p>\n<p class=\"article-body mb-nof-24 px-nof-16\">Huhtala kehottaa matkaajia tarkistamaan <a class=\"underline underline-offset-[0.12em] [text-decoration-thickness:var(--generic-link-underline-thickness)] [text-decoration-color:var(--generic-link-underline-color)] [text-decoration-skip-ink:var(--generic-link-underline-skip-ink)] break-words\" href=\"https:\/\/liikennetilanne.fintraffic.fi\/koontinakymat\/?iframe=false&amp;checked=5,10,1,4,2&amp;cam=C01952,C01954,C01953,C01555,C01539,C01556,C01650,C01582,C01581&amp;rws=1071,1072,1073&amp;lam=196,195,11,182,119,179&amp;roadWorkSeverity=r,y&amp;extent=2770479.003176175,8435922.916404398,2811942.432597908,8464398.960740438&amp;type=ROAD_LANDSCAPE&amp;lang=fi\" rel=\"nofollow noopener\" target=\"_blank\">kiertotien keliolosuhteet ja ruuhkatilanteen<\/a> Fintrafficin mobiilisovelluksesta tai <a class=\"underline underline-offset-[0.12em] [text-decoration-thickness:var(--generic-link-underline-thickness)] [text-decoration-color:var(--generic-link-underline-color)] [text-decoration-skip-ink:var(--generic-link-underline-skip-ink)] break-words\" href=\"https:\/\/www.fintraffic.fi\/fi\/digitaalisetpalvelut\/digitaaliset-palvelut-kuluttajille\/liikennetilanne-palvelu\" rel=\"nofollow noopener\" target=\"_blank\">liikennetilannepalvelusta<\/a>.<\/p>\n<p><img decoding=\"async\" src=\"https:\/\/www.europesays.com\/fi\/wp-content\/uploads\/2026\/01\/1767807248_478_468.jpg\" alt=\"Ajoneuvo j\u00e4i jumiin Kallvikintiell\u00e4 Vuosaaressa keskiviikkona.\" class=\"_Img_1rerz_1\" style=\"aspect-ratio:0.6666666666666666\" loading=\"eager\"\/><\/p>\n<p class=\"article-picture-caption\">Ajoneuvo j\u00e4i jumiin Kallvikintiell\u00e4 Vuosaaressa keskiviikkona. Kuva:\u00a0Outi Pyh\u00e4ranta \/ HS<\/p>\n","protected":false},"excerpt":{"rendered":"Vuosaaren liikennekaaos|Helsinki on nostanut Vuosaaren tunnelin kiertotien kunnossapitoluokkaa kaupungin korkeimmaksi, mutta keskiviikkona liikenne mateli ja seisoi. Lue tiivistelm\u00e4&hellip;\n","protected":false},"author":2,"featured_media":136056,"comment_status":"","ping_status":"","sticky":false,"template":"","format":"standard","meta":{"footnotes":""},"categories":[5],"tags":[22,23,26,27,33,31,30,17,46,24,25,28,29,15,18,21,32,19,20,16],"class_list":{"0":"post-136055","1":"post","2":"type-post","3":"status-publish","4":"format-standard","5":"has-post-thumbnail","7":"category-otsikot","8":"tag-breaking-news","9":"tag-breakingnews","10":"tag-featured-news","11":"tag-featurednews","12":"tag-fi","13":"tag-finland","14":"tag-finnish","15":"tag-headlines","16":"tag-helsingin-sanomat","17":"tag-latest-news","18":"tag-latestnews","19":"tag-main-news","20":"tag-mainnews","21":"tag-news","22":"tag-otsikot","23":"tag-paauutiset","24":"tag-suomi","25":"tag-top-stories","26":"tag-topstories","27":"tag-uutiset"},"share_on_mastodon":{"url":"https:\/\/pubeurope.com\/@fi\/115855023364197568","error":""},"_links":{"self":[{"href":"https:\/\/www.europesays.com\/fi\/wp-json\/wp\/v2\/posts\/136055","targetHints":{"allow":["GET"]}}],"collection":[{"href":"https:\/\/www.europesays.com\/fi\/wp-json\/wp\/v2\/posts"}],"about":[{"href":"https:\/\/www.europesays.com\/fi\/wp-json\/wp\/v2\/types\/post"}],"author":[{"embeddable":true,"href":"https:\/\/www.europesays.com\/fi\/wp-json\/wp\/v2\/users\/2"}],"replies":[{"embeddable":true,"href":"https:\/\/www.europesays.com\/fi\/wp-json\/wp\/v2\/comments?post=136055"}],"version-history":[{"count":0,"href":"https:\/\/www.europesays.com\/fi\/wp-json\/wp\/v2\/posts\/136055\/revisions"}],"wp:featuredmedia":[{"embeddable":true,"href":"https:\/\/www.europesays.com\/fi\/wp-json\/wp\/v2\/media\/136056"}],"wp:attachment":[{"href":"https:\/\/www.europesays.com\/fi\/wp-json\/wp\/v2\/media?parent=136055"}],"wp:term":[{"taxonomy":"category","embeddable":true,"href":"https:\/\/www.europesays.com\/fi\/wp-json\/wp\/v2\/categories?post=136055"},{"taxonomy":"post_tag","embeddable":true,"href":"https:\/\/www.europesays.com\/fi\/wp-json\/wp\/v2\/tags?post=136055"}],"curies":[{"name":"wp","href":"https:\/\/api.w.org\/{rel}","templated":true}]}}