{"id":136057,"date":"2026-01-07T17:46:09","date_gmt":"2026-01-07T17:46:09","guid":{"rendered":"https:\/\/www.europesays.com\/fi\/136057\/"},"modified":"2026-01-07T17:46:09","modified_gmt":"2026-01-07T17:46:09","slug":"senni-salmisen-lapsi-syntyi","status":"publish","type":"post","link":"https:\/\/www.europesays.com\/fi\/136057\/","title":{"rendered":"Senni Salmisen lapsi syntyi"},"content":{"rendered":"<p>H\u00e4n on t\u00e4\u00e4ll\u00e4, Salminen kirjoitti.<\/p>\n<p><img decoding=\"async\" class=\"image image-show image-preview\" src=\"https:\/\/www.europesays.com\/fi\/wp-content\/uploads\/2025\/09\/279f9b4cd99849aca3fdee2c90d960a0ad127fea01d0f85fd2aaab37951cd111.jpg\" alt=\"\"\/><img decoding=\"async\" class=\"image image-show\" src=\"https:\/\/www.europesays.com\/fi\/wp-content\/uploads\/2025\/09\/1758027008_542_279f9b4cd99849aca3fdee2c90d960a0ad127fea01d0f85fd2aaab37951cd111.jpg\" alt=\"\"\/><\/p>\n<p>Senni Salminen ja Stella Wickstr\u00f6m n\u00e4htiin Urheilugaalan punaisella matolla tammikuussa 2025. Mikko Huisko<\/p>\n<p class=\"paragraph\">Kolmiloikkaaja <strong>Senni Salmisen<\/strong> ja h\u00e4nen puolisonsa <strong>Stella Wickstr\u00f6min<\/strong> esikoislapsi on syntynyt.<\/p>\n<p class=\"paragraph\">\u2013\u2009H\u00e4n on t\u00e4\u00e4ll\u00e4, Salminen kirjoitti Instagram-julkaisussaan.<\/p>\n<p class=\"paragraph\">Julkaisu ker\u00e4si heti valtavasti onnitteluviestej\u00e4.<\/p>\n<p class=\"paragraph\">\u2013\u2009Onneksi olkoon ja nauttikaa vauvakuplasta, ex-seitsenottelija <strong>Maria Huntington<\/strong> kirjoitti.<\/p>\n<p class=\"paragraph\">Salminen, 29, yll\u00e4tti urheilukansan viime syyskuussa, kun h\u00e4n kertoi MM-kisojen kolmiloikkakarsinnan j\u00e4lkeen Ylen haastattelussa, ett\u00e4 pariskunta odotti perheenlis\u00e4yst\u00e4.<\/p>\n<p class=\"paragraph\">\u2013\u2009Alan nyt keskitty\u00e4 siihen [lapseen]. Olen siit\u00e4 hyvin onnellinen, Salminen kommentoi el\u00e4m\u00e4nmuutosta Ylelle MM-Tokiossa.<\/p>\n<p class=\"paragraph\">Salminen ja muusikko Wickstr\u00f6m ovat olleet yhdess\u00e4 noin kolmen vuoden ajan.<\/p>\n","protected":false},"excerpt":{"rendered":"H\u00e4n on t\u00e4\u00e4ll\u00e4, Salminen kirjoitti. Senni Salminen ja Stella Wickstr\u00f6m n\u00e4htiin Urheilugaalan punaisella matolla tammikuussa 2025. Mikko Huisko&hellip;\n","protected":false},"author":2,"featured_media":36599,"comment_status":"","ping_status":"","sticky":false,"template":"","format":"standard","meta":{"footnotes":""},"categories":[136],"tags":[35,407,137,33,31,30,101,408,99,41,98,32,109,162],"class_list":{"0":"post-136057","1":"post","2":"type-post","3":"status-publish","4":"format-standard","5":"has-post-thumbnail","7":"category-julkkikset","8":"tag-24h","9":"tag-celebrities","10":"tag-entertainment","11":"tag-fi","12":"tag-finland","13":"tag-finnish","14":"tag-ihmissuhteet","15":"tag-julkkikset","16":"tag-lapset","17":"tag-liikunta-ja-urheilu","18":"tag-perhe","19":"tag-suomi","20":"tag-viihde","21":"tag-yleisurheilu"},"share_on_mastodon":{"url":"https:\/\/pubeurope.com\/@fi\/115855070492410923","error":""},"_links":{"self":[{"href":"https:\/\/www.europesays.com\/fi\/wp-json\/wp\/v2\/posts\/136057","targetHints":{"allow":["GET"]}}],"collection":[{"href":"https:\/\/www.europesays.com\/fi\/wp-json\/wp\/v2\/posts"}],"about":[{"href":"https:\/\/www.europesays.com\/fi\/wp-json\/wp\/v2\/types\/post"}],"author":[{"embeddable":true,"href":"https:\/\/www.europesays.com\/fi\/wp-json\/wp\/v2\/users\/2"}],"replies":[{"embeddable":true,"href":"https:\/\/www.europesays.com\/fi\/wp-json\/wp\/v2\/comments?post=136057"}],"version-history":[{"count":0,"href":"https:\/\/www.europesays.com\/fi\/wp-json\/wp\/v2\/posts\/136057\/revisions"}],"wp:featuredmedia":[{"embeddable":true,"href":"https:\/\/www.europesays.com\/fi\/wp-json\/wp\/v2\/media\/36599"}],"wp:attachment":[{"href":"https:\/\/www.europesays.com\/fi\/wp-json\/wp\/v2\/media?parent=136057"}],"wp:term":[{"taxonomy":"category","embeddable":true,"href":"https:\/\/www.europesays.com\/fi\/wp-json\/wp\/v2\/categories?post=136057"},{"taxonomy":"post_tag","embeddable":true,"href":"https:\/\/www.europesays.com\/fi\/wp-json\/wp\/v2\/tags?post=136057"}],"curies":[{"name":"wp","href":"https:\/\/api.w.org\/{rel}","templated":true}]}}