{"id":136058,"date":"2026-01-07T17:49:10","date_gmt":"2026-01-07T17:49:10","guid":{"rendered":"https:\/\/www.europesays.com\/fi\/136058\/"},"modified":"2026-01-07T17:49:10","modified_gmt":"2026-01-07T17:49:10","slug":"sara-ja-artturi-sieppi-joutuivat-sairaalaan-amacing-race-tehtavan-takia","status":"publish","type":"post","link":"https:\/\/www.europesays.com\/fi\/136058\/","title":{"rendered":"Sara ja Artturi Sieppi joutuivat sairaalaan Amacing Race -teht\u00e4v\u00e4n takia"},"content":{"rendered":"<p>Sara ja Artturi Sieppi joutuivat sairaalaan Amacing Race -teht\u00e4v\u00e4n takia | MTV Uutiset<a class=\"sr-only bg-component-bg-color focus:not-sr-only focus:absolute focus:left-0 focus:right-auto focus:top-0 focus:p-200\" href=\"#main\" data-sentry-component=\"SkipToContentLink\" data-sentry-source-file=\"SkipToContentLink.tsx\">Hypp\u00e4\u00e4 p\u00e4\u00e4sis\u00e4lt\u00f6\u00f6n<\/a>Sis\u00e4ll\u00f6t<\/p>\n<ul class=\"flex w-full flex-1 flex-wrap gap-800\">\n<li class=\"block flex-1 flex-nowrap xs:flex-initial\" data-testid=\"site-footer-section-item-component\" data-sentry-component=\"SiteFooterSectionItem\" data-sentry-source-file=\"SiteFooterSectionItem.tsx\">Tomi Einonen<br \/>Vastaava p\u00e4\u00e4toimittaja<\/li>\n<li class=\"block flex-1 flex-nowrap xs:flex-initial\" data-testid=\"site-footer-section-item-component\" data-sentry-component=\"SiteFooterSectionItem\" data-sentry-source-file=\"SiteFooterSectionItem.tsx\">Ilkka Ahtiainen<br \/>Uutisp\u00e4\u00e4toimittaja<\/li>\n<li class=\"block flex-1 flex-nowrap xs:flex-initial\" data-testid=\"site-footer-section-item-component\" data-sentry-component=\"SiteFooterSectionItem\" data-sentry-source-file=\"SiteFooterSectionItem.tsx\">Mona Haapsaari<br \/>Julkaisup\u00e4\u00e4llikk\u00f6<\/li>\n<li class=\"block flex-1 flex-nowrap xs:flex-initial\" data-testid=\"site-footer-section-item-component\" data-sentry-component=\"SiteFooterSectionItem\" data-sentry-source-file=\"SiteFooterSectionItem.tsx\">Teemu Niikko<br \/>Toimitusp\u00e4\u00e4llikk\u00f6, urheilu<\/li>\n<\/ul>\n<p>Liiketoiminta ja kehitys<\/p>\n<ul class=\"flex w-full flex-1 flex-wrap gap-800\">\n<li class=\"block flex-1 flex-nowrap xs:flex-initial\" data-testid=\"site-footer-section-item-component\" data-sentry-component=\"SiteFooterSectionItem\" data-sentry-source-file=\"SiteFooterSectionItem.tsx\">Jaakko Hietanen<br \/>Head of Digital Development<\/li>\n<\/ul>\n<p>MTV Uutiset on sitoutunut noudattamaan Journalistin ohjeita<a class=\"cursor-pointer flex flex-col items-center justify-center\" data-testid=\"Etusivu-navigation-bar-item\" role=\"link\" title=\"Etusivu linkki\" data-sentry-element=\"Link\" data-sentry-component=\"InternalLink\" data-sentry-source-file=\"InternalLink.tsx\" href=\"https:\/\/www.mtvuutiset.fi\/\" rel=\"nofollow noopener\" target=\"_blank\">Etusivu<\/a><a class=\"cursor-pointer flex flex-col items-center justify-center\" data-testid=\"Videot-navigation-bar-item\" role=\"link\" title=\"Videot linkki\" data-sentry-element=\"Link\" data-sentry-component=\"InternalLink\" data-sentry-source-file=\"InternalLink.tsx\" href=\"https:\/\/www.mtvuutiset.fi\/videot\" rel=\"nofollow noopener\" target=\"_blank\">Videot<\/a><a class=\"cursor-pointer flex flex-col items-center justify-center\" data-testid=\"Tuoreimmat-navigation-bar-item\" role=\"link\" title=\"Tuoreimmat linkki\" data-sentry-element=\"Link\" data-sentry-component=\"InternalLink\" data-sentry-source-file=\"InternalLink.tsx\" href=\"https:\/\/www.mtvuutiset.fi\/tuoreimmat\" rel=\"nofollow noopener\" target=\"_blank\">Tuoreimmat<\/a><a class=\"cursor-pointer flex flex-col items-center justify-center\" data-testid=\"Luetuimmat-navigation-bar-item\" role=\"link\" title=\"Luetuimmat linkki\" data-sentry-element=\"Link\" data-sentry-component=\"InternalLink\" data-sentry-source-file=\"InternalLink.tsx\" href=\"https:\/\/www.mtvuutiset.fi\/luetuimmat\" rel=\"nofollow noopener\" target=\"_blank\">Luetuimmat<\/a>Odota<img alt=\"Sara Siepin mukaan h\u00e4nen jalkansa ovat edelleen huonossa kunnossa Amacing Race Suomi -teht\u00e4v\u00e4n tiimoilta.\" data-testid=\"header-media-image\" class=\"h-full w-full object-cover transition duration-700 ease-in-out hover:scale-[1.05]\" fetchpriority=\"high\" loading=\"eager\" width=\"1024\" height=\"576\" decoding=\"async\" style=\"color:transparent;background-size:cover;background-position:50% 50%;background-repeat:no-repeat;background-image:url(&quot;data:image\/svg+xml;base64,Cjxzdmcgd2lkdGg9IjEwMjQiIGhlaWdodD0iNTc2IiB2ZXJzaW9uPSIxLjEiIHhtbG5zPSJodHRwOi8vd3d3LnczLm9yZy8yMDAwL3N2ZyIgeG1sbnM6eGxpbms9Imh0dHA6Ly93d3cudzMub3JnLzE5OTkveGxpbmsiPgogIDxkZWZzPgogICAgPGxpbmVhckdyYWRpZW50IGlkPSJnIj4KICAgICAgPHN0b3Agc3RvcC1jb2xvcj0iIzBCMTgyMyIgb2Zmc2V0PSIyMCUiIC8+CiAgICAgIDxzdG9wIHN0b3AtY29sb3I9IiMxQTI3MzIiIG9mZnNldD0iNTAlIiAvPgogICAgICA8c3RvcCBzdG9wLWNvbG9yPSIjMEIxODIzIiBvZmZzZXQ9IjcwJSIgLz4KICAgIDwvbGluZWFyR3JhZGllbnQ+CiAgPC9kZWZzPgogIDxyZWN0IHdpZHRoPSIxMDI0IiBoZWlnaHQ9IjU3NiIgZmlsbD0iIzBCMTgyMyIgLz4KICA8cmVjdCBpZD0iciIgd2lkdGg9IjEwMjQiIGhlaWdodD0iNTc2IiBmaWxsPSJ1cmwoI2cpIiAvPgogIDxhbmltYXRlIHhsaW5rOmhyZWY9IiNyIiBhdHRyaWJ1dGVOYW1lPSJ4IiBmcm9tPSItMTAyNCIgdG89IjEwMjQiIGR1cj0iMXMiIHJlcGVhdENvdW50PSJpbmRlZmluaXRlIiAgLz4KPC9zdmc+&quot;)\" src=\"https:\/\/www.europesays.com\/fi\/wp-content\/uploads\/2026\/01\/1767808149_134_image.jpeg\"\/>Sara Siepin mukaan h\u00e4nen jalkansa ovat edelleen huonossa kunnossa Amacing Race Suomi -teht\u00e4v\u00e4n tiimoilta.Julkaistu 07.01.2026 16:01(P\u00e4ivitetty 07.01.2026 16:06)<img alt=\"Toimittajan kuva\" data-testid=\"author-image\" data-sentry-element=\"Image\" data-sentry-source-file=\"NextImage.tsx\" fetchpriority=\"low\" loading=\"lazy\" decoding=\"async\" data-nimg=\"fill\" class=\"transition duration-700 ease-in-out hover:scale-[1.05] object-cover\" style=\"position:absolute;height:100%;width:100%;left:0;top:0;right:0;bottom:0;color:transparent;background-size:cover;background-position:50% 50%;background-repeat:no-repeat;background-image:url(&quot;data:image\/svg+xml;base64,Cjxzdmcgd2lkdGg9IjcyMCIgaGVpZ2h0PSI0MDUiIHZlcnNpb249IjEuMSIgeG1sbnM9Imh0dHA6Ly93d3cudzMub3JnLzIwMDAvc3ZnIiB4bWxuczp4bGluaz0iaHR0cDovL3d3dy53My5vcmcvMTk5OS94bGluayI+CiAgPGRlZnM+CiAgICA8bGluZWFyR3JhZGllbnQgaWQ9ImciPgogICAgICA8c3RvcCBzdG9wLWNvbG9yPSIjMEIxODIzIiBvZmZzZXQ9IjIwJSIgLz4KICAgICAgPHN0b3Agc3RvcC1jb2xvcj0iIzFBMjczMiIgb2Zmc2V0PSI1MCUiIC8+CiAgICAgIDxzdG9wIHN0b3AtY29sb3I9IiMwQjE4MjMiIG9mZnNldD0iNzAlIiAvPgogICAgPC9saW5lYXJHcmFkaWVudD4KICA8L2RlZnM+CiAgPHJlY3Qgd2lkdGg9IjcyMCIgaGVpZ2h0PSI0MDUiIGZpbGw9IiMwQjE4MjMiIC8+CiAgPHJlY3QgaWQ9InIiIHdpZHRoPSI3MjAiIGhlaWdodD0iNDA1IiBmaWxsPSJ1cmwoI2cpIiAvPgogIDxhbmltYXRlIHhsaW5rOmhyZWY9IiNyIiBhdHRyaWJ1dGVOYW1lPSJ4IiBmcm9tPSItNzIwIiB0bz0iNzIwIiBkdXI9IjFzIiByZXBlYXRDb3VudD0iaW5kZWZpbml0ZSIgIC8+Cjwvc3ZnPg==&quot;)\"   src=\"https:\/\/www.europesays.com\/fi\/wp-content\/uploads\/2026\/01\/1767808149_500_image.jpeg\"\/><\/p>\n<p><strong class=\"typography-bold\">Sara Sieppi kertoo Amazing-podcastissa joutuneensa sairaalaan k\u00e4velty\u00e4\u00e4n tulisilla hiilill\u00e4 Amazing Race Suomi -kuvauksissa.<\/strong><\/p>\n<p>Parhaillaan Nelosella ja Ruudussa k\u00e4ynniss\u00e4 olevan <a class=\"cursor-pointer underline\" data-testid=\"internal-link\" role=\"link\" data-sentry-element=\"Link\" data-sentry-component=\"InternalLink\" data-sentry-source-file=\"InternalLink.tsx\" href=\"https:\/\/www.mtvuutiset.fi\/aihe\/amazing-race-suomi\/8787896\" rel=\"nofollow noopener\" target=\"_blank\">Amazing Race Suomi<\/a> -kauden seitsem\u00e4nness\u00e4 jaksossa kilpailijoilla on sanalla sanoen kuumat paikat, kun he saavat teht\u00e4v\u00e4kseen k\u00e4vell\u00e4 tulisilla hiilill\u00e4.<\/p>\n<p>Nyt jo Ruutu+-palvelussa katsottavissa olevassa jaksossa kilpailijat suorittavat Sri Lankassa kisan seitsem\u00e4tt\u00e4 etappia. Yksi etapin teht\u00e4v\u00e4 vie kilpailijat Gangula Dewalayan temppelille, jossa heid\u00e4n pit\u00e4\u00e4 osallistua tulik\u00e4velyyn.<\/p>\n<p>Yksi toisensa j\u00e4lkeen kilpailijat astelevat tulisille hiilille paljain jaloin. Kilpailuun veljens\u00e4 <strong class=\"typography-bold\">Artturin <\/strong>kanssa osallistuva <a class=\"cursor-pointer underline\" data-testid=\"internal-link\" role=\"link\" data-sentry-element=\"Link\" data-sentry-component=\"InternalLink\" data-sentry-source-file=\"InternalLink.tsx\" href=\"https:\/\/www.mtvuutiset.fi\/aihe\/sara-sieppi\/2839538\" rel=\"nofollow noopener\" target=\"_blank\"><strong class=\"typography-bold\">Sara Sieppi<\/strong><\/a> liikuttuu kyyneliin teht\u00e4v\u00e4n suoritettuaan.<\/p>\n<p>\u2013 Olipa hullua. Kaikki mit\u00e4 t\u00e4ss\u00e4 tapahtui&#8230; Vautsi. T\u00e4m\u00e4 oli tosi puhdistava kokemus, Sieppi sanoo kyyneli\u00e4\u00e4n pyyhkien.<\/p>\n<p><img alt=\"amazing_race_suomi_season_3_jakso_7_sara_sieppi_artturi_sieppi4_valokuvaaja_tharinda_elvitigala\" data-testid=\"crops-image\" class=\"h-full w-full object-cover transition duration-700 ease-in-out hover:scale-[1.05]\" fetchpriority=\"low\" loading=\"lazy\" width=\"1024\" height=\"576\" decoding=\"async\" style=\"color:transparent;background-size:cover;background-position:50% 50%;background-repeat:no-repeat;background-image:url(&quot;data:image\/svg+xml;base64,Cjxzdmcgd2lkdGg9IjEwMjQiIGhlaWdodD0iNTc2IiB2ZXJzaW9uPSIxLjEiIHhtbG5zPSJodHRwOi8vd3d3LnczLm9yZy8yMDAwL3N2ZyIgeG1sbnM6eGxpbms9Imh0dHA6Ly93d3cudzMub3JnLzE5OTkveGxpbmsiPgogIDxkZWZzPgogICAgPGxpbmVhckdyYWRpZW50IGlkPSJnIj4KICAgICAgPHN0b3Agc3RvcC1jb2xvcj0iIzBCMTgyMyIgb2Zmc2V0PSIyMCUiIC8+CiAgICAgIDxzdG9wIHN0b3AtY29sb3I9IiMxQTI3MzIiIG9mZnNldD0iNTAlIiAvPgogICAgICA8c3RvcCBzdG9wLWNvbG9yPSIjMEIxODIzIiBvZmZzZXQ9IjcwJSIgLz4KICAgIDwvbGluZWFyR3JhZGllbnQ+CiAgPC9kZWZzPgogIDxyZWN0IHdpZHRoPSIxMDI0IiBoZWlnaHQ9IjU3NiIgZmlsbD0iIzBCMTgyMyIgLz4KICA8cmVjdCBpZD0iciIgd2lkdGg9IjEwMjQiIGhlaWdodD0iNTc2IiBmaWxsPSJ1cmwoI2cpIiAvPgogIDxhbmltYXRlIHhsaW5rOmhyZWY9IiNyIiBhdHRyaWJ1dGVOYW1lPSJ4IiBmcm9tPSItMTAyNCIgdG89IjEwMjQiIGR1cj0iMXMiIHJlcGVhdENvdW50PSJpbmRlZmluaXRlIiAgLz4KPC9zdmc+&quot;)\" src=\"https:\/\/www.europesays.com\/fi\/wp-content\/uploads\/2026\/01\/1767808150_223_image.jpeg\"\/><\/p>\n<p>Sara Sieppi liikuttui kyyneliin tulik\u00e4velyn j\u00e4lkeen.<\/p>\n<p>My\u00f6s radiojuontajakaksikko <a class=\"cursor-pointer underline\" data-testid=\"internal-link\" role=\"link\" data-sentry-element=\"Link\" data-sentry-component=\"InternalLink\" data-sentry-source-file=\"InternalLink.tsx\" href=\"https:\/\/www.mtvuutiset.fi\/aihe\/karoliina-tuominen\/7157680\" rel=\"nofollow noopener\" target=\"_blank\"><strong class=\"typography-bold\">Karoliina Tuominen<\/strong><\/a> ja <strong class=\"typography-bold\">Mia &#8221;Millu&#8221; Haataja<\/strong> haukkovat henke\u00e4 teht\u00e4v\u00e4n suoritettuaan.<\/p>\n<p>\u2013\u00a0Tuntui kuumalta, mutta tuo oli niin hienoa! Niin makeeta! Herran jumala, Tuominen huudahtaa.<\/p>\n<p>Tuominen ja Haataja kertaavat kokemusta ohjelmaa k\u00e4sittelev\u00e4ss\u00e4 <a class=\"underline\" data-testid=\"external-link\" href=\"https:\/\/www.supla.fi\/podcast\/amazing-podcast\" rel=\"noopener noreferrer nofollow\" target=\"_blank\" data-sentry-component=\"ExternalLink\" data-sentry-source-file=\"ExternalLink.tsx\">Amazing-podcastissaan<\/a>. Kaksikko paljastaa, ett\u00e4 kuumilla hiilill\u00e4 k\u00e4velemisell\u00e4 \u2013\u00a0niin hieno kuin kokemus olikin \u2013\u00a0oli ik\u00e4v\u00e4t seuraukset Tuomiselle.\u00a0<\/p>\n<p>Tuominen kertoo, ett\u00e4 h\u00e4nen jalkapohjissaan tuntui voimakasta polttelua teht\u00e4v\u00e4n suorittamisen j\u00e4lkeen. H\u00e4n kuitenkin ajatteli, ett\u00e4 polttelu kuuluu asiaan ja loppuu varmasti ajallaan, eik\u00e4 h\u00e4n n\u00e4in ollen tarkistanut useampaan tuntiin, milt\u00e4 h\u00e4nen jalkapohjansa n\u00e4yttiv\u00e4t.<\/p>\n<p>Hotellilla totuus iski vasten Tuomisen kasvoja, kun h\u00e4n riisui kenk\u00e4ns\u00e4 pitk\u00e4n kilpailup\u00e4iv\u00e4n j\u00e4lkeen.<\/p>\n<p>\u2013\u00a0Pottuvarpaassani oli koko varpaan kokoinen hiiltynyt reik\u00e4, ja sen ymp\u00e4rill\u00e4 tuhkaa, Tuominen sanoo.<\/p>\n<p>Tuominen kertoo, ett\u00e4 my\u00f6s h\u00e4nen kantap\u00e4\u00e4ns\u00e4 olivat vereslihalla.<\/p>\n<p>Tuomisen mukaan tapahtunutta on k\u00e4yty pitk\u00e4\u00e4n ja perusteellisesti l\u00e4pi ohjelman tuotannon kanssa. Tuominen sanoo, ett\u00e4 v\u00e4hint\u00e4\u00e4n kolme tuotannon ty\u00f6ntekij\u00e4\u00e4 testaa jokaisen teht\u00e4v\u00e4n ennen kilpailijoita.<\/p>\n<p>\u2013\u00a0Mietittiin, onko hiili\u00e4 juuri p\u00f6yhitty siten, ett\u00e4 on k\u00e4ynyt vain huono tuuri ja hiilet ovat olleet todella \u00e4k\u00e4isi\u00e4, tai onko sill\u00e4 ollut v\u00e4li\u00e4, miss\u00e4 kohdassa on k\u00e4vellyt. Jotain on mennyt pieleen eik\u00e4 n\u00e4in olisi pit\u00e4nyt tapahtua.\u00a0<\/p>\n<p>&#8221;T\u00e4m\u00e4n keissin j\u00e4lkeen kisaaminen oli yht\u00e4 tuskaa&#8221;<\/p>\n<p>Hiilill\u00e4 k\u00e4veleminen teki tuhoja my\u00f6s Sara Siepin ja h\u00e4nen veljens\u00e4 Artturi Siepin jalkoihin.<\/p>\n<p>\u2013\u00a0Tied\u00e4tte sen fiiliksen, kun on pieni rakko, joka on todella kipe\u00e4, niin miettik\u00e4\u00e4 se fiilis, kun jalkapohjanne ovat kokonaan auki, Sieppi kertoo Amazing-podcastin jaksossa kuultavassa \u00e4\u00e4niviestiss\u00e4.\u00a0<\/p>\n<p>Sieppi kertoo, ett\u00e4 h\u00e4nen jalkoihinsa tuli m\u00e4rkivi\u00e4 rakkuloita ja paukamia. Artturi-veljen jalat olivat h\u00e4nen mukaansa viel\u00e4 pahemmassa kunnossa. Sisarukset l\u00e4htiv\u00e4t samana y\u00f6n\u00e4 sairaalaan, jossa henkil\u00f6kunta oli kauhuissaan heid\u00e4n jalkansa n\u00e4hdess\u00e4\u00e4n..\u00a0<\/p>\n<p>Sieppi ajatteli, ettei h\u00e4n voi jatkaa kilpailua. H\u00e4n sanoo, ettei ole koskaan tuntenut vastaavaa kipua.<\/p>\n<p>\u2013\u00a0Ihan sellaista vesirakkulaa, k\u00e4veleminen sattui, lent\u00e4minen sattui, koska jalat turpoavat. Ainoastaan makuuasennossa oli ok, ja silloinkin s\u00e4rkee ihan saatanasti. Kipu oli todella kovaa. Voin kertoa, ett\u00e4 t\u00e4m\u00e4n keissin j\u00e4lkeen kisaaminen oli yht\u00e4 tuskaa, h\u00e4n sanoo.<\/p>\n<p>Tieto Siepin tilanteesta oli h\u00e4nen k\u00e4sityksens\u00e4 mukaan kantautunut ohjelman tuotannon korviin, ja n\u00e4m\u00e4 olivat ilmoittaneet teht\u00e4v\u00e4paikalle, ett\u00e4 hiilet ovat liian kuumia k\u00e4velemiseen.\u00a0<\/p>\n<p>\u2013 Ilmeisesti min\u00e4, Artturi ja Karoliina olimme ainoita, joille n\u00e4in k\u00e4vi. Siin\u00e4 on k\u00e4ynyt joku k\u00e4mmi. Olemme k\u00e4velleet ihan tulen p\u00e4\u00e4ll\u00e4, Sieppi sanoo.<\/p>\n<p>Siepin mukaan h\u00e4nen jalkansa ovat edelleen huonossa kunnossa.<\/p>\n<p><img alt=\"Toimittajan kuva\" data-testid=\"author-image\" data-sentry-element=\"Image\" data-sentry-source-file=\"NextImage.tsx\" fetchpriority=\"low\" loading=\"lazy\" decoding=\"async\" data-nimg=\"fill\" class=\"transition duration-700 ease-in-out hover:scale-[1.05] object-cover\" style=\"position:absolute;height:100%;width:100%;left:0;top:0;right:0;bottom:0;color:transparent;background-size:cover;background-position:50% 50%;background-repeat:no-repeat;background-image:url(&quot;data:image\/svg+xml;base64,Cjxzdmcgd2lkdGg9IjcyMCIgaGVpZ2h0PSI0MDUiIHZlcnNpb249IjEuMSIgeG1sbnM9Imh0dHA6Ly93d3cudzMub3JnLzIwMDAvc3ZnIiB4bWxuczp4bGluaz0iaHR0cDovL3d3dy53My5vcmcvMTk5OS94bGluayI+CiAgPGRlZnM+CiAgICA8bGluZWFyR3JhZGllbnQgaWQ9ImciPgogICAgICA8c3RvcCBzdG9wLWNvbG9yPSIjMEIxODIzIiBvZmZzZXQ9IjIwJSIgLz4KICAgICAgPHN0b3Agc3RvcC1jb2xvcj0iIzFBMjczMiIgb2Zmc2V0PSI1MCUiIC8+CiAgICAgIDxzdG9wIHN0b3AtY29sb3I9IiMwQjE4MjMiIG9mZnNldD0iNzAlIiAvPgogICAgPC9saW5lYXJHcmFkaWVudD4KICA8L2RlZnM+CiAgPHJlY3Qgd2lkdGg9IjcyMCIgaGVpZ2h0PSI0MDUiIGZpbGw9IiMwQjE4MjMiIC8+CiAgPHJlY3QgaWQ9InIiIHdpZHRoPSI3MjAiIGhlaWdodD0iNDA1IiBmaWxsPSJ1cmwoI2cpIiAvPgogIDxhbmltYXRlIHhsaW5rOmhyZWY9IiNyIiBhdHRyaWJ1dGVOYW1lPSJ4IiBmcm9tPSItNzIwIiB0bz0iNzIwIiBkdXI9IjFzIiByZXBlYXRDb3VudD0iaW5kZWZpbml0ZSIgIC8+Cjwvc3ZnPg==&quot;)\"   src=\"https:\/\/www.europesays.com\/fi\/wp-content\/uploads\/2026\/01\/1767808149_500_image.jpeg\"\/><\/p>\n<p>Alexia T\u00e4nav ty\u00f6skentelee MTV Uutisissa toimittajana Viihde-osastolla. T\u00e4nav on kiinnostunut erityisesti viihdeuutisista ja -ilmi\u00f6ist\u00e4. T\u00e4nav ottaa mielell\u00e4\u00e4n vastaan juttuvinkkej\u00e4.<\/p>\n<p>Instagram: <a class=\"underline\" data-testid=\"external-link\" href=\"https:\/\/www.instagram.com\/alexiaannica\/\" rel=\"noopener noreferrer nofollow\" target=\"_blank\" data-sentry-component=\"ExternalLink\" data-sentry-source-file=\"ExternalLink.tsx\">@alexiaannica<\/a><\/p>\n<p><script async src=\"\/\/www.instagram.com\/embed.js\"><\/script><\/p>\n","protected":false},"excerpt":{"rendered":"Sara ja Artturi Sieppi joutuivat sairaalaan Amacing Race -teht\u00e4v\u00e4n takia | MTV UutisetHypp\u00e4\u00e4 p\u00e4\u00e4sis\u00e4lt\u00f6\u00f6nSis\u00e4ll\u00f6t Tomi EinonenVastaava p\u00e4\u00e4toimittaja Ilkka&hellip;\n","protected":false},"author":2,"featured_media":136059,"comment_status":"","ping_status":"","sticky":false,"template":"","format":"standard","meta":{"footnotes":""},"categories":[133],"tags":[137,33,31,30,32,206,156,109],"class_list":{"0":"post-136058","1":"post","2":"type-post","3":"status-publish","4":"format-standard","5":"has-post-thumbnail","7":"category-televisiot","8":"tag-entertainment","9":"tag-fi","10":"tag-finland","11":"tag-finnish","12":"tag-suomi","13":"tag-televisiot","14":"tag-tv","15":"tag-viihde"},"share_on_mastodon":{"url":"https:\/\/pubeurope.com\/@fi\/115855082361838698","error":""},"_links":{"self":[{"href":"https:\/\/www.europesays.com\/fi\/wp-json\/wp\/v2\/posts\/136058","targetHints":{"allow":["GET"]}}],"collection":[{"href":"https:\/\/www.europesays.com\/fi\/wp-json\/wp\/v2\/posts"}],"about":[{"href":"https:\/\/www.europesays.com\/fi\/wp-json\/wp\/v2\/types\/post"}],"author":[{"embeddable":true,"href":"https:\/\/www.europesays.com\/fi\/wp-json\/wp\/v2\/users\/2"}],"replies":[{"embeddable":true,"href":"https:\/\/www.europesays.com\/fi\/wp-json\/wp\/v2\/comments?post=136058"}],"version-history":[{"count":0,"href":"https:\/\/www.europesays.com\/fi\/wp-json\/wp\/v2\/posts\/136058\/revisions"}],"wp:featuredmedia":[{"embeddable":true,"href":"https:\/\/www.europesays.com\/fi\/wp-json\/wp\/v2\/media\/136059"}],"wp:attachment":[{"href":"https:\/\/www.europesays.com\/fi\/wp-json\/wp\/v2\/media?parent=136058"}],"wp:term":[{"taxonomy":"category","embeddable":true,"href":"https:\/\/www.europesays.com\/fi\/wp-json\/wp\/v2\/categories?post=136058"},{"taxonomy":"post_tag","embeddable":true,"href":"https:\/\/www.europesays.com\/fi\/wp-json\/wp\/v2\/tags?post=136058"}],"curies":[{"name":"wp","href":"https:\/\/api.w.org\/{rel}","templated":true}]}}