{"id":136062,"date":"2026-01-07T17:54:14","date_gmt":"2026-01-07T17:54:14","guid":{"rendered":"https:\/\/www.europesays.com\/fi\/136062\/"},"modified":"2026-01-07T17:54:14","modified_gmt":"2026-01-07T17:54:14","slug":"hunter-tylo-menetti-lapsensa-hirvealla-tavalla","status":"publish","type":"post","link":"https:\/\/www.europesays.com\/fi\/136062\/","title":{"rendered":"Hunter Tylo menetti lapsensa hirve\u00e4ll\u00e4 tavalla"},"content":{"rendered":"<p>Vanhemman pahin painajainen on oman lapsen kuolema. T\u00e4m\u00e4n valtavan tragedian joutui kokemaan Kauniit ja rohkeat -t\u00e4hti Hunter Tylo, 63.<\/p>\n<p class=\"article-body mb-nof-24 px-nof-16\">Kauniit ja rohkeat -t\u00e4hti <a class=\"font-bold underline-offset-[0.12em] [text-decoration:var(--person-link-text-decoration)] ![text-decoration-color:var(--person-link-text-decoration-color)]\" href=\"https:\/\/www.is.fi\/haku\/?query=Hunter%20Tylo\" rel=\"nofollow noopener\" target=\"_blank\">Hunter Tylo<\/a> istui kahden tytt\u00e4rens\u00e4 kanssa p\u00f6yd\u00e4n \u00e4\u00e4ress\u00e4, kun h\u00e4nen puhelimensa soi. H\u00e4nen vanhin poikansa, <a class=\"font-bold underline-offset-[0.12em] [text-decoration:var(--person-link-text-decoration)] ![text-decoration-color:var(--person-link-text-decoration-color)]\" href=\"https:\/\/www.is.fi\/haku\/?query=Chris\" rel=\"nofollow noopener\" target=\"_blank\">Chris<\/a>, soitti ja lausui sanat, joita kenenk\u00e4\u00e4n vanhemman ei pit\u00e4isi kuulla.<\/p>\n<p class=\"article-body mb-nof-24 px-nof-16\">\u2013\u2009H\u00e4n kysyi: \u201d\u00c4iti, istutko? Asia koskee <a class=\"font-bold underline-offset-[0.12em] [text-decoration:var(--person-link-text-decoration)] ![text-decoration-color:var(--person-link-text-decoration-color)]\" href=\"https:\/\/www.is.fi\/haku\/?query=Mickeyt%C3%A4\" rel=\"nofollow noopener\" target=\"_blank\">Mickeyt\u00e4<\/a>\u201d.<\/p>\n<p class=\"article-body mb-nof-24 px-nof-16\">\u2013 Poikani sanoi l\u00f6yt\u00e4neens\u00e4 Mickeyn altaasta. H\u00e4n on kuollut. Pahin asia, mit\u00e4 olen el\u00e4ess\u00e4ni kuullut, Tylo kertoi kuukausi poikansa kuoleman j\u00e4lkeen Larry King Live -ohjelmassa.<\/p>\n<p class=\"article-body mb-nof-24 px-nof-16\">Elettiin lokakuuta 2007. Mickey, viralliselta nimelt\u00e4\u00e4n Michael Tylo Jr., oli perheen kotona Las Vegasin l\u00e4hell\u00e4. Aamukuuden j\u00e4lkeen h\u00e4n soitti tytt\u00f6yst\u00e4v\u00e4lleen, jonka kanssa oli aikomus menn\u00e4 aamupalalle. Mickey, 19, j\u00e4i odottamaan tytt\u00f6yst\u00e4v\u00e4ns\u00e4 soittoa takaisin.<\/p>\n<p class=\"article-body mb-nof-24 px-nof-16\">\u2013 H\u00e4n seisoi uima-altaan \u00e4\u00e4rell\u00e4 saadakseen paremman kuuluvuuden. Sitten tuli kohtaus ja h\u00e4n kaatui veteen, Hunter kertoi.<\/p>\n<p class=\"article-body mb-nof-24 px-nof-16\">Kuolemansyyntutkijan mukaan kuolinsyy oli hukkuminen kouristuskohtauksen vuoksi, ja se todettiin tapaturmaksi.<\/p>\n<p class=\"article-body mb-nof-24 px-nof-16\">\u2013 Luulin, ett\u00e4 pahinta el\u00e4m\u00e4ss\u00e4 on, kun on sairas lapsi, josta saattaa tulla sokea. Mutta ei ole mit\u00e4\u00e4n yht\u00e4 kivuliasta kuin lapsen menett\u00e4minen, Hunter totesi viitaten tytt\u00e4reens\u00e4, joka sairastui harvinaiseen silm\u00e4sy\u00f6p\u00e4\u00e4n vauvana.<\/p>\n<p class=\"article-body mb-nof-24 px-nof-16\">15-vuotiaana Mickey alkoi saada oireita, joissa h\u00e4n k\u00e4veli, r\u00e4pytteli silmi\u00e4\u00e4n ja tuijotti tyhjyyteen. Lopulta oireet muuttuivat kouristeluksi, jossa h\u00e4n kaatui maahan.<\/p>\n<p class=\"article-body mb-nof-24 px-nof-16\">\u2013 En tiennyt kuin vasta paljon my\u00f6hemmin, mist\u00e4 tarkalleen oli kyse, Hunter sanoi.<\/p>\n<p><img decoding=\"async\" src=\"https:\/\/www.europesays.com\/fi\/wp-content\/uploads\/2026\/01\/1767808454_405_468.jpg\" alt=\"Saippuaoopperat\u00e4hti Hunter Tylon poika Michael Tylo Jr. hukkui 19-vuotiaana perheen uima-altaaseen vuonna 2007.\" class=\"_Img_1rerz_1\" style=\"aspect-ratio:0.6755208333333333\" loading=\"eager\"\/><\/p>\n<p class=\"article-picture-caption\">Saippuaoopperat\u00e4hti Hunter Tylon poika Michael Tylo Jr. hukkui 19-vuotiaana perheen uima-altaaseen vuonna 2007. Kuva:\u00a0Roger Karnbad \/ ZUMA \/ MVPhotos<\/p>\n<p class=\"article-body mb-nof-24 px-nof-16\">Mickey alkoi k\u00e4yd\u00e4 tutun terapeutin vastaanotolla.<\/p>\n<p class=\"article-body mb-nof-24 px-nof-16\">\u2013 Terapeutti kertoi pojalleni, ettei h\u00e4nell\u00e4 oikeastaan ollut kohtauksia, vaan ne johtuivat stressist\u00e4. Jos poikani n\u00e4kee terapeuttia viikoittain ja puhuu h\u00e4nelle, kouristelut loppuvat. Ne eiv\u00e4t loppuneet, ja t\u00e4t\u00e4 kesti 18 kuukautta.<\/p>\n<p class=\"article-body mb-nof-24 px-nof-16\">Vuonna 2006 \u2013 vuosi ennen Mickeyn kuolemaa \u2013 Hunter haastoi sosiaality\u00f6ntekij\u00e4 <a class=\"font-bold underline-offset-[0.12em] [text-decoration:var(--person-link-text-decoration)] ![text-decoration-color:var(--person-link-text-decoration-color)]\" href=\"https:\/\/www.is.fi\/haku\/?query=Shanna%20Downingin\" rel=\"nofollow noopener\" target=\"_blank\">Shanna Downingin<\/a> ja Horizon Family Therapy -keskuksen oikeuteen.<\/p>\n<p class=\"article-body mb-nof-24 px-nof-16\">Hunterin mukaan Shanna Downing kohteli n\u00e4yttelij\u00e4\u00e4 ja h\u00e4nen kolmea lastaan v\u00e4\u00e4rin 2004\u20132005 aiheuttaen heille henkist\u00e4 k\u00e4rsimyst\u00e4.<\/p>\n<p class=\"article-body mb-nof-24 px-nof-16\">Mickeyn kuoleman j\u00e4lkeen Hunterin asianajajat yrittiv\u00e4t muuttaa jo nostettua oikeusjuttua sis\u00e4llytt\u00e4\u00e4kseen siihen kuolemaan johtaneen laiminly\u00f6nnin.<\/p>\n<p class=\"article-body mb-nof-24 px-nof-16\">\u2013 On hyvin ironista, ett\u00e4 kouristelukohtaus, jota h\u00e4nen terapeuttinsa todella v\u00e4h\u00e4tteli, osoittautui kohtalokkaammaksi kuin h\u00e4nen sisarensa sairastama sy\u00f6p\u00e4, Hunter sanoi.<\/p>\n<p class=\"article-body mb-nof-24 px-nof-16\">Vuonna 2008 Clarkin piirikunnan tuomari kielt\u00e4ytyi lis\u00e4\u00e4m\u00e4st\u00e4 kuolemaan johtanutta laiminly\u00f6nti\u00e4 vuoden 2006 kanteeseen.<\/p>\n<p class=\"article-body mb-nof-24 px-nof-16\">H\u00e4n totesi, ettei sit\u00e4 voida lis\u00e4t\u00e4 \u201dilman p\u00e4tev\u00e4n asiantuntijan valaehtoista todistusta, joka osoittaa yhteyden terapian ja kuoleman v\u00e4lill\u00e4\u201d.<\/p>\n<p class=\"article-body mb-nof-24 px-nof-16\">Lokakuussa 2009 Hunter haastoi j\u00e4lleen oikeuteen sosiaality\u00f6ntekij\u00e4 Shanna Downingin ja terapiakeskuksen syytt\u00e4en heit\u00e4 poikansa hukkumiskuolemasta. Hunterin mukaan sosiaality\u00f6ntekij\u00e4 neuvoi Mickeyt\u00e4 lopettamaan kaikkien l\u00e4\u00e4kkeiden k\u00e4yt\u00f6n.<\/p>\n<p class=\"article-body mb-nof-24 px-nof-16\">\u2013 Downing nimenomaan kertoi Mickeylle ja h\u00e4nen \u00e4idilleen, ett\u00e4 h\u00e4nen kohtauksensa johtuivat stressist\u00e4, jota h\u00e4n koki vanhempiensa eron vuoksi, kanteessa sanottiin.<\/p>\n<p class=\"article-body mb-nof-24 px-nof-16\">\u2013 Downing kertoi Mickeylle ja Hunter Tylolle, ett\u00e4 kun stressi poistuisi (Mickeyn) el\u00e4m\u00e4st\u00e4, h\u00e4nen kohtauksensa loppuisivat. Downing kertoi kantajille, ettei Mickey saisi \u201dkohtauksia en\u00e4\u00e4 koskaan\u201d ja ettei h\u00e4nen tarvitsisi ottaa en\u00e4\u00e4 kouristusl\u00e4\u00e4kkeit\u00e4.<\/p>\n<p class=\"article-body mb-nof-24 px-nof-16\">Downingin asianajajan mukaan Mickeyt\u00e4 hoidettiin kouristelujen vuoksi noin kahden vuoden ajan sen j\u00e4lkeen, kun h\u00e4n lakkasi tapaamasta sosiaality\u00f6ntekij\u00e4\u00e4. Puolustus esitti tietoja, jotka osoittivat Mickeyn saaneen l\u00e4\u00e4kkeit\u00e4 kouristeluun ennen kuolemaansa.<\/p>\n<p class=\"article-body mb-nof-24 px-nof-16\">\u2013Terapian ja vahingossa tapahtuneen hukkumisen v\u00e4lill\u00e4 ei ole mit\u00e4\u00e4n ajateltavissa olevaa yhteytt\u00e4, puolustusasianajaja totesi.<\/p>\n<p class=\"article-body mb-nof-24 px-nof-16\">Lopulta tuomari hylk\u00e4si syytteen, ja Shanna Downing voitti Hunter Tyloa vastaan nostetun vastakanteen henkisest\u00e4 k\u00e4rsimyksest\u00e4. Hunter m\u00e4\u00e4r\u00e4ttiin maksamaan 749\u00a0185 dollaria eli noin 650\u00a0000 euroa.<\/p>\n<p class=\"article-body mb-nof-24 px-nof-16\">Hunterin maksettavaksi tuli my\u00f6s Horizon Family Therapy &amp; Wellnessin oikeudenk\u00e4ynti- ja asianajokuluja.<\/p>\n<p class=\"article-body mb-nof-24 px-nof-16\">Kauniit ja rohkeat -n\u00e4yttelij\u00e4 haki konkurssisuojaa useiden henkil\u00f6kohtaisten vastoink\u00e4ymisten j\u00e4lkeen kes\u00e4kuussa 2011.<\/p>\n<p class=\"article-body mb-nof-24 px-nof-16\">Lue lis\u00e4\u00e4: <a class=\"underline underline-offset-[0.12em] [text-decoration-thickness:var(--generic-link-underline-thickness)] [text-decoration-color:var(--generic-link-underline-color)] [text-decoration-skip-ink:var(--generic-link-underline-skip-ink)] break-words\" href=\"https:\/\/www.is.fi\/tv-ja-elokuvat\/art-2000011654189.html\" rel=\"nofollow noopener\" target=\"_blank\">Kaunarit-Taylor katosi julkisuudesta \u2013 paljastaa nyt totuuden ulkon\u00e4\u00f6st\u00e4\u00e4n<\/a><\/p>\n<p class=\"article-body mb-nof-24 px-nof-16\">Lue lis\u00e4\u00e4: <a class=\"underline underline-offset-[0.12em] [text-decoration-thickness:var(--generic-link-underline-thickness)] [text-decoration-color:var(--generic-link-underline-color)] [text-decoration-skip-ink:var(--generic-link-underline-skip-ink)] break-words\" href=\"https:\/\/www.is.fi\/tv-ja-elokuvat\/art-2000010940505.html\" rel=\"nofollow noopener\" target=\"_blank\">Minne katosivat takavuosien Kauniit ja rohkeat -t\u00e4hdet? Yhdest\u00e4 tuli pornot\u00e4hti<\/a><\/p>\n","protected":false},"excerpt":{"rendered":"Vanhemman pahin painajainen on oman lapsen kuolema. T\u00e4m\u00e4n valtavan tragedian joutui kokemaan Kauniit ja rohkeat -t\u00e4hti Hunter Tylo,&hellip;\n","protected":false},"author":2,"featured_media":136063,"comment_status":"","ping_status":"","sticky":false,"template":"","format":"standard","meta":{"footnotes":""},"categories":[130],"tags":[137,33,31,30,34,32,109],"class_list":{"0":"post-136062","1":"post","2":"type-post","3":"status-publish","4":"format-standard","5":"has-post-thumbnail","7":"category-viihde","8":"tag-entertainment","9":"tag-fi","10":"tag-finland","11":"tag-finnish","12":"tag-ilta-sanomat","13":"tag-suomi","14":"tag-viihde"},"share_on_mastodon":{"url":"https:\/\/pubeurope.com\/@fi\/115855101979931351","error":""},"_links":{"self":[{"href":"https:\/\/www.europesays.com\/fi\/wp-json\/wp\/v2\/posts\/136062","targetHints":{"allow":["GET"]}}],"collection":[{"href":"https:\/\/www.europesays.com\/fi\/wp-json\/wp\/v2\/posts"}],"about":[{"href":"https:\/\/www.europesays.com\/fi\/wp-json\/wp\/v2\/types\/post"}],"author":[{"embeddable":true,"href":"https:\/\/www.europesays.com\/fi\/wp-json\/wp\/v2\/users\/2"}],"replies":[{"embeddable":true,"href":"https:\/\/www.europesays.com\/fi\/wp-json\/wp\/v2\/comments?post=136062"}],"version-history":[{"count":0,"href":"https:\/\/www.europesays.com\/fi\/wp-json\/wp\/v2\/posts\/136062\/revisions"}],"wp:featuredmedia":[{"embeddable":true,"href":"https:\/\/www.europesays.com\/fi\/wp-json\/wp\/v2\/media\/136063"}],"wp:attachment":[{"href":"https:\/\/www.europesays.com\/fi\/wp-json\/wp\/v2\/media?parent=136062"}],"wp:term":[{"taxonomy":"category","embeddable":true,"href":"https:\/\/www.europesays.com\/fi\/wp-json\/wp\/v2\/categories?post=136062"},{"taxonomy":"post_tag","embeddable":true,"href":"https:\/\/www.europesays.com\/fi\/wp-json\/wp\/v2\/tags?post=136062"}],"curies":[{"name":"wp","href":"https:\/\/api.w.org\/{rel}","templated":true}]}}