{"id":136097,"date":"2026-01-07T18:49:09","date_gmt":"2026-01-07T18:49:09","guid":{"rendered":"https:\/\/www.europesays.com\/fi\/136097\/"},"modified":"2026-01-07T18:49:09","modified_gmt":"2026-01-07T18:49:09","slug":"alkoholittomien-juomien-myynti-rajahti-alkossa-3","status":"publish","type":"post","link":"https:\/\/www.europesays.com\/fi\/136097\/","title":{"rendered":"Alkoholittomien juomien myynti r\u00e4j\u00e4hti Alkossa"},"content":{"rendered":"<p>Kiinnostusta kasvattavan tuoteryhm\u00e4n myynti on lis\u00e4\u00e4ntynyt edellisvuodesta l\u00e4hes 40 prosentilla.<\/p>\n<p class=\"article-body mb-nof-24 px-nof-16\">Alkoholittomien juomien myynti on noussut Alkossa enn\u00e4tysvauhtia. Viime vuonna juomia myytiin jo yli 850\u202f000 litraa, eli l\u00e4hes 40 prosenttia enemm\u00e4n kuin edellisen\u00e4 vuonna, Alko tiedottaa.<\/p>\n<p class=\"article-body mb-nof-24 px-nof-16\">Alkoholittomista juomista on tullut viime vuosina maailmanlaajuisesti yksi juoma-alan suurimmista trendeist\u00e4. Vuonna 2024 alkoholittomien juomien globaali markkina kasvoi noin 9 prosenttia.<\/p>\n","protected":false},"excerpt":{"rendered":"Kiinnostusta kasvattavan tuoteryhm\u00e4n myynti on lis\u00e4\u00e4ntynyt edellisvuodesta l\u00e4hes 40 prosentilla. Alkoholittomien juomien myynti on noussut Alkossa enn\u00e4tysvauhtia. Viime&hellip;\n","protected":false},"author":2,"featured_media":136098,"comment_status":"","ping_status":"","sticky":false,"template":"","format":"standard","meta":{"footnotes":""},"categories":[76],"tags":[79,77,33,31,30,1432,32,78],"class_list":{"0":"post-136097","1":"post","2":"type-post","3":"status-publish","4":"format-standard","5":"has-post-thumbnail","7":"category-talous","8":"tag-business","9":"tag-economy","10":"tag-fi","11":"tag-finland","12":"tag-finnish","13":"tag-merikarvia-lehti","14":"tag-suomi","15":"tag-talous"},"share_on_mastodon":{"url":"https:\/\/pubeurope.com\/@fi\/115855318313938169","error":""},"_links":{"self":[{"href":"https:\/\/www.europesays.com\/fi\/wp-json\/wp\/v2\/posts\/136097","targetHints":{"allow":["GET"]}}],"collection":[{"href":"https:\/\/www.europesays.com\/fi\/wp-json\/wp\/v2\/posts"}],"about":[{"href":"https:\/\/www.europesays.com\/fi\/wp-json\/wp\/v2\/types\/post"}],"author":[{"embeddable":true,"href":"https:\/\/www.europesays.com\/fi\/wp-json\/wp\/v2\/users\/2"}],"replies":[{"embeddable":true,"href":"https:\/\/www.europesays.com\/fi\/wp-json\/wp\/v2\/comments?post=136097"}],"version-history":[{"count":0,"href":"https:\/\/www.europesays.com\/fi\/wp-json\/wp\/v2\/posts\/136097\/revisions"}],"wp:featuredmedia":[{"embeddable":true,"href":"https:\/\/www.europesays.com\/fi\/wp-json\/wp\/v2\/media\/136098"}],"wp:attachment":[{"href":"https:\/\/www.europesays.com\/fi\/wp-json\/wp\/v2\/media?parent=136097"}],"wp:term":[{"taxonomy":"category","embeddable":true,"href":"https:\/\/www.europesays.com\/fi\/wp-json\/wp\/v2\/categories?post=136097"},{"taxonomy":"post_tag","embeddable":true,"href":"https:\/\/www.europesays.com\/fi\/wp-json\/wp\/v2\/tags?post=136097"}],"curies":[{"name":"wp","href":"https:\/\/api.w.org\/{rel}","templated":true}]}}