{"id":136101,"date":"2026-01-07T18:51:09","date_gmt":"2026-01-07T18:51:09","guid":{"rendered":"https:\/\/www.europesays.com\/fi\/136101\/"},"modified":"2026-01-07T18:51:09","modified_gmt":"2026-01-07T18:51:09","slug":"ts-koululaisia-uhattiin-aseella-turussa","status":"publish","type":"post","link":"https:\/\/www.europesays.com\/fi\/136101\/","title":{"rendered":"TS: Koululaisia uhattiin aseella Turussa"},"content":{"rendered":"<p>Mies uhkasi aseella kolmea liikuntatunnilta palannutta koululaista, kertoo Turun Sanomat.<\/p>\n<p><img decoding=\"async\" class=\"image image-show image-preview\" src=\"https:\/\/www.europesays.com\/fi\/wp-content\/uploads\/2025\/12\/58df644a25964375ddb9d622fe67e841e2888c1a54270f52e430e46ab8054a19.jpg\" alt=\"\"\/><img decoding=\"async\" class=\"image image-show\" src=\"https:\/\/www.europesays.com\/fi\/wp-content\/uploads\/2026\/01\/58df644a25964375ddb9d622fe67e841e2888c1a54270f52e430e46ab8054a19.jpg\" alt=\"\"\/><\/p>\n<p>Poliisi ei kommentoinut asiaa Turun Sanomille. Inka Soveri<\/p>\n<p class=\"paragraph\">Kolmea koululaista uhattiin aseella keskiviikkona Turussa, kertoo <a href=\"https:\/\/www.ts.fi\/uutiset\/6868108\" rel=\"noopener nofollow\" target=\"_blank\">Turun Sanomat<\/a>.<\/p>\n<p class=\"paragraph\">Puolalan koulun rehtori <strong>Kaisu Mets\u00e4-Tokila<\/strong> kertoi asiasta Wilma-viestiss\u00e4, jonka TS sai haltuunsa.<\/p>\n<p class=\"paragraph\">Kahdeksasluokkalaiset koulun oppilaat olivat olleet k\u00e4velem\u00e4ss\u00e4 l\u00e4heisell\u00e4 liikuntakent\u00e4ll\u00e4 j\u00e4rjestetylt\u00e4 liikuntatunnilta kohti koulua, kun pukuun pukeutunut nuori aikuinen mies l\u00e4hestyi heit\u00e4.<\/p>\n<p class=\"paragraph\">Mies otti aseen esiin ja osoitti sill\u00e4 oppilaita.<\/p>\n<p class=\"paragraph\">\u2013 Oppilaat luonnollisesti pel\u00e4styiv\u00e4t tilannetta valtavasti ja kiiruhtivat koululle kertomaan tapahtuneesta, Mets\u00e4-Tokila kertoo TS:n mukaan Wilma-viestiss\u00e4.<\/p>\n<p class=\"paragraph\">Koululta oltiin yhteydess\u00e4 h\u00e4t\u00e4keskukseen. Poliisi ei kommentoinut asiaa TS:lle muuten kuin toteamalla, ett\u00e4 asia ei ollut en\u00e4\u00e4 viiden aikaan iltap\u00e4iv\u00e4ll\u00e4 \u201daktiivisena kent\u00e4ll\u00e4\u201d.<\/p>\n<p class=\"paragraph\">Tilanteesta ei aiheutunut henkil\u00f6vahinkoja. Tiedossa ei ole, oliko uhkailussa k\u00e4ytetty ase oikea.<\/p>\n","protected":false},"excerpt":{"rendered":"Mies uhkasi aseella kolmea liikuntatunnilta palannutta koululaista, kertoo Turun Sanomat. Poliisi ei kommentoinut asiaa Turun Sanomille. Inka Soveri&hellip;\n","protected":false},"author":2,"featured_media":129470,"comment_status":"","ping_status":"","sticky":false,"template":"","format":"standard","meta":{"footnotes":""},"categories":[12],"tags":[35,22,23,26,27,33,31,30,17,96,757,100,24,25,28,29,15,18,21,103,32,19,20,546,16],"class_list":{"0":"post-136101","1":"post","2":"type-post","3":"status-publish","4":"format-standard","5":"has-post-thumbnail","7":"category-suomi","8":"tag-24h","9":"tag-breaking-news","10":"tag-breakingnews","11":"tag-featured-news","12":"tag-featurednews","13":"tag-fi","14":"tag-finland","15":"tag-finnish","16":"tag-headlines","17":"tag-koulutus","18":"tag-koulutus-ja-kasvatus","19":"tag-lapset-ja-nuoret","20":"tag-latest-news","21":"tag-latestnews","22":"tag-main-news","23":"tag-mainnews","24":"tag-news","25":"tag-otsikot","26":"tag-paauutiset","27":"tag-sosiaalikysymykset","28":"tag-suomi","29":"tag-top-stories","30":"tag-topstories","31":"tag-turvallisuus","32":"tag-uutiset"},"share_on_mastodon":{"url":"https:\/\/pubeurope.com\/@fi\/115855326235228021","error":""},"_links":{"self":[{"href":"https:\/\/www.europesays.com\/fi\/wp-json\/wp\/v2\/posts\/136101","targetHints":{"allow":["GET"]}}],"collection":[{"href":"https:\/\/www.europesays.com\/fi\/wp-json\/wp\/v2\/posts"}],"about":[{"href":"https:\/\/www.europesays.com\/fi\/wp-json\/wp\/v2\/types\/post"}],"author":[{"embeddable":true,"href":"https:\/\/www.europesays.com\/fi\/wp-json\/wp\/v2\/users\/2"}],"replies":[{"embeddable":true,"href":"https:\/\/www.europesays.com\/fi\/wp-json\/wp\/v2\/comments?post=136101"}],"version-history":[{"count":0,"href":"https:\/\/www.europesays.com\/fi\/wp-json\/wp\/v2\/posts\/136101\/revisions"}],"wp:featuredmedia":[{"embeddable":true,"href":"https:\/\/www.europesays.com\/fi\/wp-json\/wp\/v2\/media\/129470"}],"wp:attachment":[{"href":"https:\/\/www.europesays.com\/fi\/wp-json\/wp\/v2\/media?parent=136101"}],"wp:term":[{"taxonomy":"category","embeddable":true,"href":"https:\/\/www.europesays.com\/fi\/wp-json\/wp\/v2\/categories?post=136101"},{"taxonomy":"post_tag","embeddable":true,"href":"https:\/\/www.europesays.com\/fi\/wp-json\/wp\/v2\/tags?post=136101"}],"curies":[{"name":"wp","href":"https:\/\/api.w.org\/{rel}","templated":true}]}}